{"id":69367,"date":"2026-03-10T08:03:05","date_gmt":"2026-03-10T08:03:05","guid":{"rendered":"https:\/\/bihavadis.com\/?p=69367"},"modified":"2026-03-10T08:03:05","modified_gmt":"2026-03-10T08:03:05","slug":"camdibinde-binlerce-kisilik-iftar-sofrasi","status":"publish","type":"post","link":"https:\/\/bihavadis.com\/index.php\/2026\/03\/10\/camdibinde-binlerce-kisilik-iftar-sofrasi\/","title":{"rendered":"\u00c7amdibi&#8217;nde binlerce ki\u015filik iftar sofras\u0131"},"content":{"rendered":"<p>\u0130zmir B\u00fcy\u00fck\u015fehir Belediye Ba\u015fkan\u0131 Dr. Cemil Tugay, Bornova \u00c7amdibi\u2019nde kurulan iftar sofras\u0131nda yurtta\u015flarla bir araya geldi. Ramazan\u0131n dayan\u0131\u015fma ruhuna dikkat \u00e7eken Tugay, \u201cBirlik beraberlik i\u00e7erisinde bir sofran\u0131n etraf\u0131nda inan\u00e7la, duayla, sevgiyle, sayg\u0131yla ve e\u015fit bir \u015fekilde yer almak \u00e7ok k\u0131ymetli\u201d dedi.<\/p>\n<p>\u0130zmir B\u00fcy\u00fck\u015fehir Belediyesi\u2019nin iftar sofras\u0131 bir kez daha Bornova\u2019da kuruldu. \u00c7amdibi\u2019nde binlerce il\u00e7e sakinini bulu\u015fturan iftar sofras\u0131nda \u0130zmir B\u00fcy\u00fck\u015fehir Belediye Ba\u015fkan\u0131 Dr. Cemil Tugay da yer ald\u0131. Yurtta\u015flarla bulu\u015fan Ba\u015fkan Dr. Cemil Tugay, dualar\u0131n ard\u0131ndan iftar\u0131n\u0131 yapt\u0131.\u00a0\u00a0<br \/>Programda konu\u015fan Ba\u015fkan Tugay, dayan\u0131\u015fman\u0131n \u00f6nemine de\u011findi. K\u00fcrs\u00fcden iftara kat\u0131lan kalabal\u0131\u011fa bakt\u0131\u011f\u0131 zaman \u00e7ok anlaml\u0131 bir tablo g\u00f6rd\u00fc\u011f\u00fcn\u00fc ifade eden Ba\u015fkan Tugay, \u201cBirlik beraberlik i\u00e7erisinde bir sofran\u0131n etraf\u0131nda inan\u00e7la, duayla, sevgiyle, sayg\u0131yla ve e\u015fit bir \u015fekilde yer almak \u00e7ok k\u0131ymetli. Galiba Allah&#8217;\u0131n g\u00f6z\u00fcnde sadece kul olman\u0131n, \u00fclke g\u00f6z\u00fcnde sadece bir vatanda\u015f olman\u0131n, insan olman\u0131n gere\u011fi ve g\u00fczelli\u011fi bu\u201d dedi.\u00a0<\/p>\n<p><strong>\u0130yili\u011fin g\u00fcc\u00fcne de\u011findi<\/strong><br \/>\u0130yilik yapman\u0131n, iyi duygular payla\u015fman\u0131n \u00f6nemli oldu\u011funu vurgulayan Tugay, \u201cBizler hepimiz iyilik i\u00e7in \u00e7al\u0131\u015ft\u0131\u011f\u0131m\u0131zda b\u00fcy\u00fcyoruz. Daha iyi oluyoruz. Bu m\u00fcbarek ayda tuttu\u011funuz oru\u00e7lar\u0131n, etti\u011finiz dualar\u0131n, Allah kat\u0131nda kabul\u00fcn\u00fc y\u00fcrekten diliyorum\u201d diye konu\u015ftu.\u00a0<br \/>\u0130zmir B\u00fcy\u00fck\u015fehir Belediyesi\u2019nin s\u0131k\u0131nt\u0131da olan, yard\u0131ma ihtiya\u00e7 duyan yurtta\u015flar\u0131n yan\u0131nda oldu\u011funu s\u00f6yleyen Ba\u015fkan Cemil Tugay \u015funlar\u0131 s\u00f6yledi: \u201cY\u00fcce Allah da hepimize yard\u0131mc\u0131 olsun. Bizlere g\u00fc\u00e7 versin. \u00dclkemizin i\u00e7inde bulundu\u011fu s\u0131k\u0131nt\u0131lardan en k\u0131sa zamanda \u00e7\u0131kars\u0131n. Art\u0131k ad\u0131m ad\u0131m bayrama da gidiyoruz. \u015eimdiden Ramazan Bayram\u0131\u2019n\u0131z\u0131 kutluyorum. Hayat\u0131n\u0131z bayram tad\u0131nda, bayram g\u00fczelli\u011finde olsun.\u201d<br \/>Konu\u015fmas\u0131n\u0131n ard\u0131ndan yurtta\u015flarla sohbet eden Ba\u015fkan Dr. Cemil Tugay, \u00e7ocuklara da pamuk \u015fekeri verdi.<\/p>\n<p>\u00a0<\/p>\n<p>\u00a0<\/p>\n<p>Kaynak: (BYZHA) Beyaz Haber Ajans\u0131<\/p>\n","protected":false},"excerpt":{"rendered":"<p>\u0130zmir B\u00fcy\u00fck\u015fehir Belediye Ba\u015fkan\u0131 Dr. Cemil Tugay, Bornova \u00c7amdibi\u2019nde kurulan iftar sofras\u0131nda yurtta\u015flarla bir araya geldi.<\/p>\n","protected":false},"author":1,"featured_media":69368,"comment_status":"open","ping_status":"open","sticky":false,"template":"","format":"standard","meta":{"footnotes":""},"categories":[4],"tags":[516,7747,675],"class_list":["post-69367","post","type-post","status-publish","format-standard","has-post-thumbnail","hentry","category-gundem","tag-baskan","tag-cemil-tugay","tag-iftar"],"_links":{"self":[{"href":"https:\/\/bihavadis.com\/index.php\/wp-json\/wp\/v2\/posts\/69367","targetHints":{"allow":["GET"]}}],"collection":[{"href":"https:\/\/bihavadis.com\/index.php\/wp-json\/wp\/v2\/posts"}],"about":[{"href":"https:\/\/bihavadis.com\/index.php\/wp-json\/wp\/v2\/types\/post"}],"author":[{"embeddable":true,"href":"https:\/\/bihavadis.com\/index.php\/wp-json\/wp\/v2\/users\/1"}],"replies":[{"embeddable":true,"href":"https:\/\/bihavadis.com\/index.php\/wp-json\/wp\/v2\/comments?post=69367"}],"version-history":[{"count":1,"href":"https:\/\/bihavadis.com\/index.php\/wp-json\/wp\/v2\/posts\/69367\/revisions"}],"predecessor-version":[{"id":69369,"href":"https:\/\/bihavadis.com\/index.php\/wp-json\/wp\/v2\/posts\/69367\/revisions\/69369"}],"wp:featuredmedia":[{"embeddable":true,"href":"https:\/\/bihavadis.com\/index.php\/wp-json\/wp\/v2\/media\/69368"}],"wp:attachment":[{"href":"https:\/\/bihavadis.com\/index.php\/wp-json\/wp\/v2\/media?parent=69367"}],"wp:term":[{"taxonomy":"category","embeddable":true,"href":"https:\/\/bihavadis.com\/index.php\/wp-json\/wp\/v2\/categories?post=69367"},{"taxonomy":"post_tag","embeddable":true,"href":"https:\/\/bihavadis.com\/index.php\/wp-json\/wp\/v2\/tags?post=69367"}],"curies":[{"name":"wp","href":"https:\/\/api.w.org\/{rel}","templated":true}]}}