{"id":69403,"date":"2026-03-10T08:30:10","date_gmt":"2026-03-10T08:30:10","guid":{"rendered":"https:\/\/bihavadis.com\/?p=69403"},"modified":"2026-03-10T08:30:10","modified_gmt":"2026-03-10T08:30:10","slug":"urdun-krali-2-abdullah-cumhurbaskani-erdogana-huseyin-bin-ali-nisani-tevcih-toreninin-ardindan-konustu-aciklamasi","status":"publish","type":"post","link":"https:\/\/bihavadis.com\/index.php\/2026\/03\/10\/urdun-krali-2-abdullah-cumhurbaskani-erdogana-huseyin-bin-ali-nisani-tevcih-toreninin-ardindan-konustu-aciklamasi\/","title":{"rendered":"\u00dcrd\u00fcn Kral\u0131 2. Abdullah, Cumhurba\u015fkan\u0131 Erdo\u011fan&#8217;a &#8220;H\u00fcseyin Bin Ali Ni\u015fan\u0131 Tevcih T\u00f6reni&#8221;nin ard\u0131ndan konu\u015ftu A\u00e7\u0131klamas\u0131"},"content":{"rendered":"<p> \u00dcrd\u00fcn Kral\u0131 2. Abdullah, T\u00fcrkiye&#8217;nin b\u00f6lgede gerilimin d\u00fc\u015f\u00fcr\u00fclmesine y\u00f6nelik \u00e7abalar\u0131na de\u011finerek, &#8220;T\u00fcrkiye&#8217;nin, b\u00f6lgede gerilimin d\u00fc\u015f\u00fcr\u00fclmesine y\u00f6nelik s\u00fcregelen \u00e7abalarda ve t\u00fcm \u00fclkelerin egemenli\u011finin korunmas\u0131nda rol\u00fc hayati \u00f6neme sahiptir.&#8221; dedi.<\/p>\n<p>Kral 2. Abdullah, Dolmabah\u00e7e \u00c7al\u0131\u015fma Ofisi&#8217;nde Cumhurba\u015fkan\u0131 Recep Tayyip Erdo\u011fan&#8217;a &#8220;H\u00fcseyin Bin Ali Ni\u015fan\u0131 Tevcih T\u00f6reni&#8221;nin ard\u0131ndan yapt\u0131\u011f\u0131 a\u00e7\u0131klamada iki \u00fclke aras\u0131ndaki ili\u015fkilere de\u011findi.<\/p>\n<p>Cumhurba\u015fkan\u0131 Erdo\u011fan&#8217;a takdim edilen &#8220;H\u00fcseyin Bin Ali Ni\u015fan\u0131&#8221;n\u0131n \u00dcrd\u00fcn ile T\u00fcrkiye aras\u0131ndaki dostlu\u011fu ve karde\u015fli\u011fi temsil etti\u011fini belirten Kral 2. Abdullah, &#8220;Bu madalya, \u00fclkelerimizin ve halklar\u0131m\u0131z\u0131n payla\u015ft\u0131\u011f\u0131 derin dostluk ve karde\u015flik ba\u011flar\u0131n\u0131 temsil ediyor. Bu uluslar\u0131m\u0131z aras\u0131ndaki onlarca y\u0131ll\u0131k i\u015f birli\u011finin takdirinin bir ifadesidir. Bunun, ili\u015fkilerimizi ve halk\u0131m\u0131z ile b\u00f6lgemize hizmeti ilerletmeye devam etme y\u00f6n\u00fcndeki taahh\u00fcd\u00fcm\u00fcz\u00fcn de bir simgesi olmas\u0131n\u0131 umuyorum.&#8221; ifadelerini kulland\u0131.<\/p>\n<p>T\u00fcrkiye ile \u00dcrd\u00fcn aras\u0131ndaki tarihi dostlu\u011fa i\u015faret eden Kral 2. Abdullah, &#8220;Bu, neredeyse seksen y\u0131ll\u0131k bir ortakl\u0131k ve bunu daha ileri seviyelere ta\u015f\u0131mak i\u00e7in \u00e7ok daha fazla potansiyel bulunuyor.&#8221; diye konu\u015ftu.<\/p>\n<p>Cumhurba\u015fkan\u0131 Erdo\u011fan ile Dolmabah\u00e7e \u00c7al\u0131\u015fma Ofisi&#8217;nde yapt\u0131klar\u0131 g\u00f6r\u00fc\u015fmenin olduk\u00e7a verimli ge\u00e7ti\u011fini kaydeden Abdullah, &#8220;Bug\u00fcn ger\u00e7ekle\u015ftirdi\u011fimiz verimli g\u00f6r\u00fc\u015fmeler, ticaret, sanayi, e\u011fitim, ula\u015ft\u0131rma ve savunma alanlar\u0131nda ikili i\u015fbirli\u011fimizi g\u00fc\u00e7lendirmeye y\u00f6nelik \u00f6nemli bir ad\u0131m\u0131 te\u015fkil ediyor.&#8221; dedi.<\/p>\n<p>Kral 2. Abdullah, T\u00fcrkiye&#8217;nin b\u00f6lgede gerilimin d\u00fc\u015f\u00fcr\u00fclmesine y\u00f6nelik \u00e7abalar\u0131na de\u011finerek \u015f\u00f6yle devam etti: <\/p>\n<p>&#8220;B\u00f6lgemizde istikrar\u0131n yeniden tesis edilmesine y\u00f6nelik \u00e7abalarda da yak\u0131n koordinasyon i\u00e7inde kalmaya ve adil, kal\u0131c\u0131 bir bar\u0131\u015f i\u00e7in \u00e7al\u0131\u015fmaya devam ediyoruz. T\u00fcrkiye&#8217;nin, b\u00f6lgede gerilimin d\u00fc\u015f\u00fcr\u00fclmesine y\u00f6nelik s\u00fcregelen \u00e7abalarda ve t\u00fcm \u00fclkelerin egemenli\u011finin korunmas\u0131nda rol\u00fc hayati \u00f6neme sahiptir. Daha bar\u0131\u015f\u00e7\u0131l bir Orta Do\u011fu i\u00e7in sizinle birlikte \u00e7al\u0131\u015fma kararl\u0131l\u0131\u011f\u0131m\u0131z\u0131 s\u00fcrd\u00fcr\u00fcyoruz.&#8221;<\/p>\n<p>Kral 2. Abdullah, Ramazan ay\u0131n\u0131n da herkes i\u00e7in m\u00fcbarek olmas\u0131 temennisinde bulundu.<\/p>\n","protected":false},"excerpt":{"rendered":"<p>\u00dcrd\u00fcn Kral\u0131 2. Abdullah, T\u00fcrkiye&#8217;nin b\u00f6lgede gerilimin d\u00fc\u015f\u00fcr\u00fclmesine y\u00f6nelik \u00e7abalar\u0131na de\u011finerek, &#8220;T\u00fcrkiye&#8217;nin, b\u00f6lgede gerilimin d\u00fc\u015f\u00fcr\u00fclmesine y\u00f6nelik s\u00fcregelen \u00e7abalarda ve t\u00fcm \u00fclkelerin egemenli\u011finin korunmas\u0131nda rol\u00fc hayati \u00f6neme sahiptir.<\/p>\n","protected":false},"author":1,"featured_media":69404,"comment_status":"open","ping_status":"open","sticky":false,"template":"","format":"standard","meta":{"footnotes":""},"categories":[12],"tags":[7749,197,3586],"class_list":["post-69403","post","type-post","status-publish","format-standard","has-post-thumbnail","hentry","category-siyaset","tag-kral-2-abdullah","tag-turkiye","tag-yonelik"],"_links":{"self":[{"href":"https:\/\/bihavadis.com\/index.php\/wp-json\/wp\/v2\/posts\/69403","targetHints":{"allow":["GET"]}}],"collection":[{"href":"https:\/\/bihavadis.com\/index.php\/wp-json\/wp\/v2\/posts"}],"about":[{"href":"https:\/\/bihavadis.com\/index.php\/wp-json\/wp\/v2\/types\/post"}],"author":[{"embeddable":true,"href":"https:\/\/bihavadis.com\/index.php\/wp-json\/wp\/v2\/users\/1"}],"replies":[{"embeddable":true,"href":"https:\/\/bihavadis.com\/index.php\/wp-json\/wp\/v2\/comments?post=69403"}],"version-history":[{"count":1,"href":"https:\/\/bihavadis.com\/index.php\/wp-json\/wp\/v2\/posts\/69403\/revisions"}],"predecessor-version":[{"id":69405,"href":"https:\/\/bihavadis.com\/index.php\/wp-json\/wp\/v2\/posts\/69403\/revisions\/69405"}],"wp:featuredmedia":[{"embeddable":true,"href":"https:\/\/bihavadis.com\/index.php\/wp-json\/wp\/v2\/media\/69404"}],"wp:attachment":[{"href":"https:\/\/bihavadis.com\/index.php\/wp-json\/wp\/v2\/media?parent=69403"}],"wp:term":[{"taxonomy":"category","embeddable":true,"href":"https:\/\/bihavadis.com\/index.php\/wp-json\/wp\/v2\/categories?post=69403"},{"taxonomy":"post_tag","embeddable":true,"href":"https:\/\/bihavadis.com\/index.php\/wp-json\/wp\/v2\/tags?post=69403"}],"curies":[{"name":"wp","href":"https:\/\/api.w.org\/{rel}","templated":true}]}}