{"id":6943,"date":"2026-01-30T22:09:06","date_gmt":"2026-01-30T22:09:06","guid":{"rendered":"https:\/\/bihavadis.com\/?p=6943"},"modified":"2026-01-30T22:09:06","modified_gmt":"2026-01-30T22:09:06","slug":"agri-ardahan-ve-igdirda-dondurucu-soguk","status":"publish","type":"post","link":"https:\/\/bihavadis.com\/index.php\/2026\/01\/30\/agri-ardahan-ve-igdirda-dondurucu-soguk\/","title":{"rendered":"A\u011fr\u0131, Ardahan ve I\u011fd\u0131r&#8217;da Dondurucu So\u011fuk"},"content":{"rendered":"<p> A\u011fr\u0131, Ardahan ve I\u011fd\u0131r&#8217;da dondurucu so\u011fuk hava ve sis etkili oldu.<\/p>\n<p>So\u011fuk havan\u0131n etkisi alt\u0131ndaki A\u011fr\u0131&#8217;da, sis g\u00f6r\u00fc\u015f mesafesini d\u00fc\u015f\u00fcrd\u00fc.<\/p>\n<p>Dondurucu so\u011fuklar\u0131n etkisiyle donan bir trakt\u00f6r\u00fcn alt\u0131na vatanda\u015flarca ate\u015f yak\u0131ld\u0131.<\/p>\n<p>Vatanda\u015flar, donan trakt\u00f6r\u00fc \u00e7al\u0131\u015ft\u0131rmak i\u00e7in yo\u011fun \u00e7aba sarf etti.<\/p>\n<p>Ardahan<\/p>\n<p>Ardahan&#8217;da da so\u011fuk hava ve sis etkili oldu.<\/p>\n<p>Kent genelinde etkili olan so\u011fuk nedeniyle buzlanma ve k\u0131ra\u011f\u0131 meydana geldi.<\/p>\n<p>Hava s\u0131cakl\u0131\u011f\u0131n\u0131n s\u0131f\u0131r\u0131n alt\u0131nda 20 derece \u00f6l\u00e7\u00fcld\u00fc\u011f\u00fc kentte, \u00e7at\u0131larda buz sark\u0131tlar\u0131 olu\u015ftu.<\/p>\n<p>So\u011fuklar\u0131n yan\u0131 s\u0131ra kent merkezinde etkisini g\u00f6steren sis, g\u00f6r\u00fc\u015f mesafesini d\u00fc\u015f\u00fcrd\u00fc.<\/p>\n<p>I\u011fd\u0131r<\/p>\n<p>I\u011fd\u0131r&#8217;da etkili olan so\u011fuk hava nedeniyle y\u00fcksek kesimli b\u00f6lgelerdeki akarsular dondu.<\/p>\n<p>Hava s\u0131cakl\u0131\u011f\u0131n\u0131n s\u0131f\u0131r\u0131n alt\u0131nda 10 dereceye kadar d\u00fc\u015ft\u00fc\u011f\u00fc kentteki baz\u0131 vatanda\u015flar \u00e7e\u015fmelerinin donmas\u0131 nedeniyle k\u00f6y \u00e7e\u015fmelerinden evlerine su ta\u015f\u0131d\u0131.<\/p>\n<p>So\u011fuklardan dolay\u0131 baz\u0131 ara\u00e7lar\u0131 da battaniye ile saran vatanda\u015flar, dondurucu so\u011fuklara kar\u015f\u0131 \u00f6nlem ald\u0131.<\/p>\n","protected":false},"excerpt":{"rendered":"<p>A\u011fr\u0131, Ardahan ve I\u011fd\u0131r&#8217;da so\u011fuk hava ve sis etkisiyle buzlanma ve ara\u00e7 donmalar\u0131 g\u00f6zlendi.<\/p>\n","protected":false},"author":1,"featured_media":6944,"comment_status":"open","ping_status":"open","sticky":false,"template":"","format":"standard","meta":{"footnotes":""},"categories":[9,4,13],"tags":[459,1623],"class_list":["post-6943","post","type-post","status-publish","format-standard","has-post-thumbnail","hentry","category-genel","category-gundem","category-son-dakika","tag-hava","tag-soguk"],"_links":{"self":[{"href":"https:\/\/bihavadis.com\/index.php\/wp-json\/wp\/v2\/posts\/6943","targetHints":{"allow":["GET"]}}],"collection":[{"href":"https:\/\/bihavadis.com\/index.php\/wp-json\/wp\/v2\/posts"}],"about":[{"href":"https:\/\/bihavadis.com\/index.php\/wp-json\/wp\/v2\/types\/post"}],"author":[{"embeddable":true,"href":"https:\/\/bihavadis.com\/index.php\/wp-json\/wp\/v2\/users\/1"}],"replies":[{"embeddable":true,"href":"https:\/\/bihavadis.com\/index.php\/wp-json\/wp\/v2\/comments?post=6943"}],"version-history":[{"count":1,"href":"https:\/\/bihavadis.com\/index.php\/wp-json\/wp\/v2\/posts\/6943\/revisions"}],"predecessor-version":[{"id":6945,"href":"https:\/\/bihavadis.com\/index.php\/wp-json\/wp\/v2\/posts\/6943\/revisions\/6945"}],"wp:featuredmedia":[{"embeddable":true,"href":"https:\/\/bihavadis.com\/index.php\/wp-json\/wp\/v2\/media\/6944"}],"wp:attachment":[{"href":"https:\/\/bihavadis.com\/index.php\/wp-json\/wp\/v2\/media?parent=6943"}],"wp:term":[{"taxonomy":"category","embeddable":true,"href":"https:\/\/bihavadis.com\/index.php\/wp-json\/wp\/v2\/categories?post=6943"},{"taxonomy":"post_tag","embeddable":true,"href":"https:\/\/bihavadis.com\/index.php\/wp-json\/wp\/v2\/tags?post=6943"}],"curies":[{"name":"wp","href":"https:\/\/api.w.org\/{rel}","templated":true}]}}