{"id":69463,"date":"2026-03-10T09:12:08","date_gmt":"2026-03-10T09:12:08","guid":{"rendered":"https:\/\/bihavadis.com\/?p=69463"},"modified":"2026-03-10T09:12:08","modified_gmt":"2026-03-10T09:12:08","slug":"abdden-tarihi-iran-itirafi-iranda-dolar-kitligi-yarattik","status":"publish","type":"post","link":"https:\/\/bihavadis.com\/index.php\/2026\/03\/10\/abdden-tarihi-iran-itirafi-iranda-dolar-kitligi-yarattik\/","title":{"rendered":"ABD&#8217;den tarihi \u0130ran itiraf\u0131: \u0130ran&#8217;da dolar k\u0131tl\u0131\u011f\u0131 yaratt\u0131k"},"content":{"rendered":"<p>ABD Hazine Bakan\u0131 Scott Bessent&#8217;in \u0130ran ekonomisine y\u00f6nelik yapt\u0131\u011f\u0131 itiraf, Ortado\u011fu g\u00fcndemine bomba gibi d\u00fc\u015ft\u00fc. Bakan Bessent, \u0130ran&#8217;da bilin\u00e7li bir &#8220;dolar k\u0131tl\u0131\u011f\u0131&#8221; yaratt\u0131klar\u0131n\u0131 a\u00e7\u0131klarken; bu hamlenin soka\u011fa yans\u0131mas\u0131 28 Aral\u0131k 2025&#8217;te Tahran B\u00fcy\u00fck \u00c7ar\u015f\u0131&#8217;da ba\u015flayan ve t\u00fcm \u00fclkeye yay\u0131lan kitlesel protestolar oldu.<\/p>\n<p><b>BESSENT: DOLARI B\u0130T\u0130RD\u0130K, ENFLASYONU TET\u0130KLED\u0130K <\/b><\/p>\n<p>Hazine Bakan\u0131 Scott Bessent, kat\u0131ld\u0131\u011f\u0131 bir panelde Washington&#8217;\u0131n yeni d\u00f6nem \u0130ran stratejisini a\u00e7\u0131k y\u00fcreklilikle payla\u015ft\u0131. Bessent, &#8220;\u0130ran&#8217;da d\u00f6viz likiditesini kurutarak yapay bir dolar k\u0131tl\u0131\u011f\u0131 olu\u015fturduk. Bu stratejiyle enflasyonu kontrol edilemez bir h\u0131za ula\u015ft\u0131rd\u0131k,&#8221; ifadelerini kulland\u0131. Bu ekonomik bask\u0131n\u0131n nihai amac\u0131n\u0131n halk\u0131 soka\u011fa d\u00f6kerek y\u00f6netim \u00fczerinde bask\u0131 kurmak oldu\u011funu ima eden Bessent &#8220;&#8221;\u0130ran&#8217;da dolar k\u0131tl\u0131\u011f\u0131 yaratt\u0131k. Enflasyon h\u0131zla y\u00fckseldi ve bunun sonucunda \u0130ran halk\u0131 sokaklara d\u00f6k\u00fcld\u00fc.&#8221; dedi. <\/p>\n<div>\n<figure><img decoding=\"async\" src=\"https:\/\/bihavadis.com\/wp-content\/uploads\/2026\/03\/abdden-tarihi-iran-itirafi-iranda-dolar-kitligi-yarattik-0-F8yBww87.jpg\"\/>Donald Trump-Scott Bessent <\/figure>\n<\/div>\n<p><b>28 ARALIK KIVILCIMI: TAHRAN ESNAFI KEPENK KAPATTI <\/b><\/p>\n<p>Bessent&#8217;in bahsetti\u011fi finansal operasyonun ilk somut sonu\u00e7lar\u0131 28 Aral\u0131k 2025&#8217;te g\u00f6r\u00fcld\u00fc. \u0130ran ekonomisinin can damar\u0131 olan Tahran B\u00fcy\u00fck \u00c7ar\u015f\u0131 esnaf\u0131, yerel para biriminin d\u00f6viz kar\u015f\u0131s\u0131nda dakikalar i\u00e7inde de\u011fer kaybetmesi \u00fczerine kepenklerini indirdi. &#8220;Ticaret yapam\u0131yoruz&#8221; diyerek y\u00fcr\u00fcy\u00fc\u015fe ge\u00e7en esnafa, hayat pahal\u0131l\u0131\u011f\u0131 alt\u0131nda ezilen binlerce ki\u015fi kat\u0131ld\u0131.<\/p>\n<p>Bankac\u0131l\u0131k kanallar\u0131n\u0131n tamamen t\u0131kanmas\u0131yla \u0130ran piyasas\u0131nda dolar bir &#8220;karaborsa&#8221; nesnesine d\u00f6n\u00fc\u015ft\u00fc. Temel g\u0131da ve ila\u00e7 fiyatlar\u0131 bir ayda \u00fc\u00e7 kat\u0131na \u00e7\u0131karak halk\u0131n al\u0131m g\u00fcc\u00fcn\u00fc yok etti. Tahran&#8217;da ba\u015flayan g\u00f6steriler k\u0131sa s\u00fcrede Me\u015fhed, Tebriz ve \u0130sfahan gibi b\u00fcy\u00fck \u015fehirlere s\u0131\u00e7rad\u0131.<\/p>\n<p><b>\u0130RAN&#8217;DAK\u0130 G\u00d6STER\u0130LER <\/b><\/p>\n<p>\u0130ran&#8217;da 28 Aral\u0131k 2025&#8217;te yerel para biriminin d\u00f6viz kar\u015f\u0131s\u0131nda h\u0131zla de\u011fer kaybetmesi ve ekonomik s\u0131k\u0131nt\u0131lar\u0131n derinle\u015fmesi nedeniyle Tahran B\u00fcy\u00fck \u00c7ar\u015f\u0131&#8217;da esnaf\u0131n \u00f6nc\u00fcl\u00fc\u011f\u00fcnde ba\u015flayan g\u00f6steriler \u00fclke geneline yay\u0131lm\u0131\u015ft\u0131.<\/p>\n<p>Ba\u015fkent Tahran&#8217;da 8 Ocak&#8217;ta \u015fiddetlenen protestolar s\u0131ras\u0131nda \u00e7\u0131kan olaylar sonucu \u00fclke y\u00f6netimi internet eri\u015fimini engellemi\u015fti.<\/p>\n<p>\u0130ran \u015eehit ve Gaziler Vakf\u0131, Adli T\u0131p Kurumuna dayand\u0131rd\u0131\u011f\u0131 21 Ocak&#8217;taki a\u00e7\u0131klamas\u0131nda, g\u00f6sterilerde g\u00fcvenlik g\u00fc\u00e7leri ve siviller dahil 3 bin 117 ki\u015finin hayat\u0131n\u0131 kaybetti\u011fini duyurmu\u015ftu.<\/p>\n<p>Bu ki\u015filerden 2 bin 427&#8217;sinin &#8220;silahl\u0131 ter\u00f6r gruplar\u0131&#8221; taraf\u0131ndan \u00f6ld\u00fcr\u00fclen g\u00fcvenlik g\u00fc\u00e7leri ile sivil vatanda\u015flar oldu\u011fu ifade edilirken 690 ki\u015fi hakk\u0131nda ise bilgi verilmemi\u015fti.<\/p>\n<p>\u0130ran&#8217;da g\u00f6steriler son bulmu\u015f olsa da ABD&#8217;nin Virginia eyaleti merkezli HRANA, daha fazla vakay\u0131 do\u011frulad\u0131\u011f\u0131n\u0131 \u00f6ne s\u00fcrerek \u00f6l\u00fc ve g\u00f6zalt\u0131 say\u0131lar\u0131n\u0131 g\u00fcncellemeye devam ediyor.<\/p>\n","protected":false},"excerpt":{"rendered":"<p>ABD Hazine Bakan\u0131 Scott Bessent, \u0130ran ekonomisine y\u00f6nelik &#8216;finansal ku\u015fatma&#8217; itiraf\u0131nda bulundu. Bakan, \u0130ran&#8217;da bilin\u00e7li bir &#8216;dolar k\u0131tl\u0131\u011f\u0131&#8217; olu\u015fturduklar\u0131n\u0131 ve bu hamlenin sonucunda 28 Aral\u0131k 2025&#8217;te Tahran B\u00fcy\u00fck \u00c7ar\u015f\u0131&#8217;da ba\u015flayan ve t\u00fcm \u00fclkeye yay\u0131lan protestolar\u0131n ba\u015flad\u0131\u011f\u0131n\u0131 belirtti. Bessent&#8217;in stratejisi, enflasyonu kontrol edilemez bir h\u0131za ula\u015ft\u0131rmak ve halk\u0131 soka\u011fa d\u00f6kerek y\u00f6netim \u00fczerinde bask\u0131 kurmakt\u0131. \u0130ran&#8217;da ya\u015fanan bu olaylar sonucunda binlerce ki\u015fi hayat\u0131n\u0131 kaybetti.<\/p>\n","protected":false},"author":1,"featured_media":69464,"comment_status":"open","ping_status":"open","sticky":false,"template":"","format":"standard","meta":{"footnotes":""},"categories":[12],"tags":[797,273,271,2472],"class_list":["post-69463","post","type-post","status-publish","format-standard","has-post-thumbnail","hentry","category-siyaset","tag-dolar","tag-gosteriler","tag-iran","tag-tahran"],"_links":{"self":[{"href":"https:\/\/bihavadis.com\/index.php\/wp-json\/wp\/v2\/posts\/69463","targetHints":{"allow":["GET"]}}],"collection":[{"href":"https:\/\/bihavadis.com\/index.php\/wp-json\/wp\/v2\/posts"}],"about":[{"href":"https:\/\/bihavadis.com\/index.php\/wp-json\/wp\/v2\/types\/post"}],"author":[{"embeddable":true,"href":"https:\/\/bihavadis.com\/index.php\/wp-json\/wp\/v2\/users\/1"}],"replies":[{"embeddable":true,"href":"https:\/\/bihavadis.com\/index.php\/wp-json\/wp\/v2\/comments?post=69463"}],"version-history":[{"count":1,"href":"https:\/\/bihavadis.com\/index.php\/wp-json\/wp\/v2\/posts\/69463\/revisions"}],"predecessor-version":[{"id":69466,"href":"https:\/\/bihavadis.com\/index.php\/wp-json\/wp\/v2\/posts\/69463\/revisions\/69466"}],"wp:featuredmedia":[{"embeddable":true,"href":"https:\/\/bihavadis.com\/index.php\/wp-json\/wp\/v2\/media\/69464"}],"wp:attachment":[{"href":"https:\/\/bihavadis.com\/index.php\/wp-json\/wp\/v2\/media?parent=69463"}],"wp:term":[{"taxonomy":"category","embeddable":true,"href":"https:\/\/bihavadis.com\/index.php\/wp-json\/wp\/v2\/categories?post=69463"},{"taxonomy":"post_tag","embeddable":true,"href":"https:\/\/bihavadis.com\/index.php\/wp-json\/wp\/v2\/tags?post=69463"}],"curies":[{"name":"wp","href":"https:\/\/api.w.org\/{rel}","templated":true}]}}