{"id":69546,"date":"2026-03-10T10:21:08","date_gmt":"2026-03-10T10:21:08","guid":{"rendered":"https:\/\/bihavadis.com\/?p=69546"},"modified":"2026-03-10T10:21:08","modified_gmt":"2026-03-10T10:21:08","slug":"trakyaya-soguk-hava-uyarisi-sicakliklar-hissedilir-derecede-dusecek","status":"publish","type":"post","link":"https:\/\/bihavadis.com\/index.php\/2026\/03\/10\/trakyaya-soguk-hava-uyarisi-sicakliklar-hissedilir-derecede-dusecek\/","title":{"rendered":"Trakya\u2019ya so\u011fuk hava uyar\u0131s\u0131: S\u0131cakl\u0131klar hissedilir derecede d\u00fc\u015fecek"},"content":{"rendered":"<p>K\u0131rklareli ba\u015fta olmak \u00fczere Trakya genelinde hava s\u0131cakl\u0131klar\u0131n\u0131n hissedilir derecede azalmas\u0131 bekleniyor. Meteoroloji yetkilileri, d\u00fc\u015fen s\u0131cakl\u0131klarla birlikte ya\u011f\u0131\u015flar\u0131n da etkili olaca\u011f\u0131n\u0131 belirtti.<\/p>\n<p><strong>KARLA KARI\u015eIK YA\u011eMUR KAPIDA<\/strong><\/p>\n<p>Ya\u011f\u0131\u015flar\u0131n genellikle ya\u011fmur \u015feklinde olaca\u011f\u0131, gece saatlerinden itibaren Trakya ve \u0130stanbul\u2019un bat\u0131 ile kuzey kesimlerinde yer yer karla kar\u0131\u015f\u0131k ya\u011fmurun g\u00f6r\u00fclebilece\u011fi ifade edildi. So\u011fuk ve ya\u011f\u0131\u015fl\u0131 hava, 26 \u015eubat saat 00.00 itibar\u0131yla ba\u015flayacak ve 5 Mart saat 09.00\u2019a kadar etkili olacak.<\/p>\n<p><strong>VATANDA\u015eLARA TEDB\u0130R \u00c7A\u011eRISI<\/strong><\/p>\n<p>Yetkililer, ani s\u0131cakl\u0131k d\u00fc\u015f\u00fc\u015f\u00fc ve olas\u0131 olumsuz hava ko\u015fullar\u0131na kar\u015f\u0131 vatanda\u015flar\u0131n tedbirli olmas\u0131 gerekti\u011fini vurgulad\u0131. \u00d6zellikle ara\u00e7 kullan\u0131m\u0131, yaya g\u00fcvenli\u011fi ve d\u0131\u015f mekan faaliyetleri s\u0131ras\u0131nda dikkatli olunmas\u0131 istendi.<\/p>\n<div> <span><strong>Kaynak:<\/strong> \u0130hlas Haber Ajans\u0131 (\u0130HA)<\/span> <\/div>\n","protected":false},"excerpt":{"rendered":"<p>K\u0131rklareli ba\u015fta olmak \u00fczere Trakya genelinde hava s\u0131cakl\u0131klar\u0131n\u0131n hissedilir derecede azalmas\u0131 bekleniyor. Meteoroloji yetkilileri, d\u00fc\u015fen s\u0131cakl\u0131klarla birlikte ya\u011f\u0131\u015flar\u0131n da etkili olaca\u011f\u0131n\u0131 belirtti. KARLA KARI\u015eIK YA\u011eMUR KAPIDA Ya\u011f\u0131\u015flar\u0131n &#8230;<\/p>\n","protected":false},"author":1,"featured_media":69547,"comment_status":"open","ping_status":"open","sticky":false,"template":"","format":"standard","meta":{"footnotes":""},"categories":[4,13],"tags":[],"class_list":["post-69546","post","type-post","status-publish","format-standard","has-post-thumbnail","hentry","category-gundem","category-son-dakika"],"_links":{"self":[{"href":"https:\/\/bihavadis.com\/index.php\/wp-json\/wp\/v2\/posts\/69546","targetHints":{"allow":["GET"]}}],"collection":[{"href":"https:\/\/bihavadis.com\/index.php\/wp-json\/wp\/v2\/posts"}],"about":[{"href":"https:\/\/bihavadis.com\/index.php\/wp-json\/wp\/v2\/types\/post"}],"author":[{"embeddable":true,"href":"https:\/\/bihavadis.com\/index.php\/wp-json\/wp\/v2\/users\/1"}],"replies":[{"embeddable":true,"href":"https:\/\/bihavadis.com\/index.php\/wp-json\/wp\/v2\/comments?post=69546"}],"version-history":[{"count":1,"href":"https:\/\/bihavadis.com\/index.php\/wp-json\/wp\/v2\/posts\/69546\/revisions"}],"predecessor-version":[{"id":69548,"href":"https:\/\/bihavadis.com\/index.php\/wp-json\/wp\/v2\/posts\/69546\/revisions\/69548"}],"wp:featuredmedia":[{"embeddable":true,"href":"https:\/\/bihavadis.com\/index.php\/wp-json\/wp\/v2\/media\/69547"}],"wp:attachment":[{"href":"https:\/\/bihavadis.com\/index.php\/wp-json\/wp\/v2\/media?parent=69546"}],"wp:term":[{"taxonomy":"category","embeddable":true,"href":"https:\/\/bihavadis.com\/index.php\/wp-json\/wp\/v2\/categories?post=69546"},{"taxonomy":"post_tag","embeddable":true,"href":"https:\/\/bihavadis.com\/index.php\/wp-json\/wp\/v2\/tags?post=69546"}],"curies":[{"name":"wp","href":"https:\/\/api.w.org\/{rel}","templated":true}]}}