{"id":69595,"date":"2026-03-10T11:03:06","date_gmt":"2026-03-10T11:03:06","guid":{"rendered":"https:\/\/bihavadis.com\/?p=69595"},"modified":"2026-03-10T11:03:06","modified_gmt":"2026-03-10T11:03:06","slug":"usakta-taskin-35-is-yeri-su-basti","status":"publish","type":"post","link":"https:\/\/bihavadis.com\/index.php\/2026\/03\/10\/usakta-taskin-35-is-yeri-su-basti\/","title":{"rendered":"U\u015fak&#8217;ta Ta\u015fk\u0131n: 35 \u0130\u015f Yeri Su Bast\u0131"},"content":{"rendered":"<p>Afet ve Acil Durum Y\u00f6netimi (AFAD) Ba\u015fkan\u0131 Ali Hamza Pehlivan, U\u015fak&#8217;ta ya\u011f\u0131\u015flarla debisi y\u00fckselen De\u011firmendere Deresi&#8217;nin ta\u015fmas\u0131 sonucu at\u00f6lye, depo ve fabrikalardan olu\u015fan 35 i\u015f yerini su bast\u0131\u011f\u0131n\u0131 belirterek, &#8220;\u00c7ok \u015f\u00fck\u00fcr yaralanma, can kayb\u0131m\u0131z yok. Bu, memnuniyet verici. Ekiplerimiz sabaha kadar \u00e7al\u0131\u015facaklar, bu sular tahliye edilecek.&#8221; dedi.<\/p>\n<p>Pehlivan, U\u015fak Valisi Naci Akta\u015f ile son g\u00fcnlerde etkili olan ya\u011f\u0131\u015flar\u0131n ard\u0131ndan debisi y\u00fckselen De\u011firmendere Deresi&#8217;nde meydana gelen ta\u015fk\u0131n sonras\u0131 hasar olu\u015fan b\u00f6lgede incelemelerde bulundu.<\/p>\n<p>Dere yata\u011f\u0131n\u0131n \u00e7evresindeki tar\u0131m arazileri ile Fevzi \u00c7akmak Mahallesi \u00c7anl\u0131 b\u00f6lgesinde hasar g\u00f6ren tekstil fabrikalar\u0131 ile at\u00f6lyeleri ziyaret ederek i\u015f yeri sahipleriyle g\u00f6r\u00fc\u015fen Pehlivan, Devlet Su \u0130\u015fleri (DS\u0130), AFAD ve ilgililerden bilgi ald\u0131.<\/p>\n<p>Pehlivan, gazetecilere yapt\u0131\u011f\u0131 a\u00e7\u0131klamada, U\u015fak&#8217;ta gece saatlerinde ba\u015flayan, sabah saatlerinde yo\u011funla\u015fan ya\u011fmurun yol a\u00e7t\u0131\u011f\u0131 sel dolay\u0131s\u0131yla fabrikalar b\u00f6lgesinde ta\u015fk\u0131nlar\u0131n ya\u015fand\u0131\u011f\u0131n\u0131 s\u00f6yledi.<\/p>\n<p>Meteorolojik veriler do\u011frultusunda son g\u00fcnlerde Ege B\u00f6lgesi&#8217;ndeki illerle ilgili &#8220;sar\u0131&#8221; uyar\u0131lar\u0131n yap\u0131ld\u0131\u011f\u0131n\u0131 hat\u0131rlatan Pehlivan, &#8220;Bu bilgileri biz de AFAD olarak illerimizle payla\u015f\u0131yoruz. \u0130llerimizde de valilerimizin himayelerinde, T\u00fcrkiye Afet M\u00fcdahale Plan\u0131 (TAMP) dahilinde bu s\u00fcre\u00e7ler takip ediliyor. U\u015fak ilimizde de ya\u011fmurun yo\u011funla\u015fmaya ba\u015flad\u0131\u011f\u0131 andan itibaren ilgili kurumlar\u0131m\u0131z teyakkuza ge\u00e7mi\u015fti. Tabii yo\u011funla\u015f\u0131nca ya\u011fmur, Dokuzsele ve De\u011firmendere civar\u0131nda, g\u00fczergah\u0131nda ta\u015fk\u0131nlar olu\u015ftu ve bu ta\u015fk\u0131nlar neticesinde at\u00f6lye, depo ve fabrikalardan olu\u015fan 35 i\u015f yeri su ald\u0131, su bask\u0131n\u0131 oldu.&#8221; diye konu\u015ftu.<\/p>\n<p>&#8220;\u015eu an itibar\u0131yla yakla\u015f\u0131k 100 ara\u00e7, 150 personel g\u00f6rev yap\u0131yor&#8221;<\/p>\n<p>Pehlivan, ya\u011fmurun etkisinin azalmas\u0131n\u0131n ard\u0131ndan gerekli m\u00fcdahalelerin yap\u0131ld\u0131\u011f\u0131n\u0131 s\u00f6yledi.<\/p>\n<p>&#8220;\u015eu an itibar\u0131yla yakla\u015f\u0131k 100 ara\u00e7, 150 personel g\u00f6rev yap\u0131yor.&#8221; diyen Pehlivan, \u015f\u00f6yle devam etti: <\/p>\n<p>&#8220;Bu ara\u00e7lar i\u00e7erisinde 20 civar\u0131nda da hem sular\u0131n \u00e7ekilmesi i\u00e7in motopomplar ve dalg\u0131\u00e7 pompalar da g\u00f6rev al\u0131yor. Bu fabrikalarda, bu i\u015f yerlerinde olu\u015fan varsa hasar, zararlar\u0131n tespitiyle ilgili de Defterdarl\u0131k ekiplerimiz tespitlerini yap\u0131yorlar. Tabii i\u015fletmelerle, biraz \u00f6nce sahipleriyle konu\u015ftuk. Kendileri de sigorta \u015firketleriyle de gerekli raporlamalar\u0131 yapacaklar\u0131n\u0131 ifade ettiler. \u00c7ok \u015f\u00fck\u00fcr yaralanma, can kayb\u0131m\u0131z yok. Bu, memnuniyet verici. Ekiplerimiz sabaha kadar \u00e7al\u0131\u015facaklar, bu sular tahliye edilecek ve eski haline getirilecek. Bu s\u00fcre\u00e7te her zaman oldu\u011fu gibi devletimizin b\u00fct\u00fcn kurum ve kurulu\u015flar\u0131yla vatanda\u015f\u0131m\u0131z\u0131n yan\u0131nda oldu\u011funu bir kere daha ifade etmek istiyorum.&#8221;<\/p>\n<p>U\u015fak Valisi Naci Akta\u015f da ta\u015fk\u0131ndan etkilenen b\u00f6lgede t\u00fcm kurulu\u015flar\u0131n seferber olarak \u00e7al\u0131\u015ft\u0131\u011f\u0131n\u0131 dile getirdi.<\/p>\n<p>Akta\u015f, can kayb\u0131 bulunmamas\u0131n\u0131n en b\u00fcy\u00fck tesellileri oldu\u011funu ifade ederek, &#8220;Sabahtan itibaren hem Ba\u015fkanl\u0131\u011f\u0131m\u0131z\u0131n hem \u0130\u00e7i\u015fleri Bakan\u0131m\u0131z\u0131n talimatlar\u0131 ve koordinasyonunda \u00e7al\u0131\u015fmalar\u0131m\u0131z\u0131 y\u00fcr\u00fctt\u00fck, bilgilendirmeyi yapt\u0131k. Devam\u0131nda da AFAD Ba\u015fkan\u0131m\u0131z da \u00e7al\u0131\u015fmalar\u0131m\u0131za dahil olmak \u00fczere geldiler. \u015eu an alan\u0131 da gezdik, suyun tahliyesi devam ediyor. Muhtemelen gece boyu da devam edecektir \u00e7\u00fcnk\u00fc geni\u015f bir alana yay\u0131ld\u0131. Ondan sonra da g\u00fcn boyu da tahliye ve devam\u0131nda da \u0131slah \u00e7al\u0131\u015fmalar\u0131 y\u00fcr\u00fct\u00fclecektir.&#8221; diye konu\u015ftu.<\/p>\n","protected":false},"excerpt":{"rendered":"<p>U\u015fak&#8217;ta De\u011firmendere Deresi&#8217;nin ta\u015fmas\u0131 sonucu 35 i\u015f yeri su alt\u0131nda kald\u0131, yaralanma yok.<\/p>\n","protected":false},"author":1,"featured_media":0,"comment_status":"open","ping_status":"open","sticky":false,"template":"","format":"standard","meta":{"footnotes":""},"categories":[8],"tags":[7763,395,3294,2086,5894],"class_list":["post-69595","post","type-post","status-publish","format-standard","hentry","category-ekonomi","tag-fabrikalar","tag-is","tag-pehlivan","tag-taskin","tag-usak"],"_links":{"self":[{"href":"https:\/\/bihavadis.com\/index.php\/wp-json\/wp\/v2\/posts\/69595","targetHints":{"allow":["GET"]}}],"collection":[{"href":"https:\/\/bihavadis.com\/index.php\/wp-json\/wp\/v2\/posts"}],"about":[{"href":"https:\/\/bihavadis.com\/index.php\/wp-json\/wp\/v2\/types\/post"}],"author":[{"embeddable":true,"href":"https:\/\/bihavadis.com\/index.php\/wp-json\/wp\/v2\/users\/1"}],"replies":[{"embeddable":true,"href":"https:\/\/bihavadis.com\/index.php\/wp-json\/wp\/v2\/comments?post=69595"}],"version-history":[{"count":1,"href":"https:\/\/bihavadis.com\/index.php\/wp-json\/wp\/v2\/posts\/69595\/revisions"}],"predecessor-version":[{"id":69596,"href":"https:\/\/bihavadis.com\/index.php\/wp-json\/wp\/v2\/posts\/69595\/revisions\/69596"}],"wp:attachment":[{"href":"https:\/\/bihavadis.com\/index.php\/wp-json\/wp\/v2\/media?parent=69595"}],"wp:term":[{"taxonomy":"category","embeddable":true,"href":"https:\/\/bihavadis.com\/index.php\/wp-json\/wp\/v2\/categories?post=69595"},{"taxonomy":"post_tag","embeddable":true,"href":"https:\/\/bihavadis.com\/index.php\/wp-json\/wp\/v2\/tags?post=69595"}],"curies":[{"name":"wp","href":"https:\/\/api.w.org\/{rel}","templated":true}]}}