{"id":69601,"date":"2026-03-10T11:09:07","date_gmt":"2026-03-10T11:09:07","guid":{"rendered":"https:\/\/bihavadis.com\/?p=69601"},"modified":"2026-03-10T11:09:07","modified_gmt":"2026-03-10T11:09:07","slug":"trabzonsporun-takim-otobusune-saldiri-anlari-kamerada","status":"publish","type":"post","link":"https:\/\/bihavadis.com\/index.php\/2026\/03\/10\/trabzonsporun-takim-otobusune-saldiri-anlari-kamerada\/","title":{"rendered":"Trabzonspor&#8217;un tak\u0131m otob\u00fcs\u00fcne sald\u0131r\u0131 anlar\u0131 kamerada"},"content":{"rendered":"<p>S\u00fcper Lig&#8217;in 21. haftas\u0131nda oynanan Samsunspor ma\u00e7\u0131 \u00f6ncesinde Trabzonspor tak\u0131m otob\u00fcs\u00fcne d\u00fczenlenen ta\u015fl\u0131 sald\u0131r\u0131n\u0131n \u015fok edici g\u00f6r\u00fcnt\u00fcleri ortaya \u00e7\u0131kt\u0131. Tekkek\u00f6y il\u00e7esinde kaydedilen g\u00f6r\u00fcnt\u00fclerde, sald\u0131rganlar\u0131n yol kenar\u0131nda pusu kurarak otob\u00fcs\u00fcn ge\u00e7i\u015fi s\u0131ras\u0131nda ta\u015f ve yabanc\u0131 maddelerle araca sald\u0131rd\u0131\u011f\u0131 anlar saniye saniye kaydedildi.<\/p>\n<p><b>YOL KENARINDA BEKLEYEN GRUP HAREKETE GE\u00c7\u0130YOR <\/b><\/p>\n<p>Video kay\u0131tlar\u0131nda, ya\u011f\u0131\u015fl\u0131 havaya ra\u011fmen yol kenar\u0131nda bekleyen bir grubun, Trabzonspor kafilesini ta\u015f\u0131yan otob\u00fcs\u00fcn yakla\u015fmas\u0131yla birlikte harekete ge\u00e7ti\u011fi g\u00f6r\u00fcl\u00fcyor. Otob\u00fcs\u00fcn ge\u00e7i\u015fi esnas\u0131nda f\u0131rlat\u0131lan ta\u015flar araca isabet ederken, \u00e7evredeki g\u00fcvenlik g\u00fc\u00e7lerinin m\u00fcdahale etmeye \u00e7al\u0131\u015ft\u0131\u011f\u0131 anlar kameraya yans\u0131d\u0131. Samsun Emniyet M\u00fcd\u00fcrl\u00fc\u011f\u00fc, bu g\u00f6r\u00fcnt\u00fcleri delil kabul ederek \u015f\u00fcphelilerin kimlik tespiti ve yakalanmas\u0131 i\u00e7in geni\u015f \u00e7apl\u0131 operasyon ba\u015flatt\u0131.<\/p>\n<p><b>TRABZONSPOR&#8217;DAN A\u00c7IKLAMA: &#8220;BU ARTIK ORGAN\u0130ZE B\u0130R SALDIRI&#8221;<\/b><\/p>\n<p>Sald\u0131r\u0131 g\u00f6r\u00fcnt\u00fclerinin yay\u0131lmas\u0131n\u0131n ard\u0131ndan Trabzonspor Kul\u00fcb\u00fc sosyal medya hesab\u0131ndan zehir zemberek bir a\u00e7\u0131klama yay\u0131mlad\u0131. Ya\u015fananlar\u0131n tesad\u00fcf olmad\u0131\u011f\u0131n\u0131 vurgulayan bordo-mavili kul\u00fcp, \u015fu ifadeleri kulland\u0131: &#8220;Samsunspor ma\u00e7\u0131 \u00f6ncesinde tak\u0131m otob\u00fcs\u00fcm\u00fcze y\u00f6nelik ger\u00e7ekle\u015ftirilen ta\u015fl\u0131 sald\u0131r\u0131, ya\u015fananlar\u0131n art\u0131k m\u00fcnferit de\u011fil, a\u00e7\u0131k bi\u00e7imde organize bir sald\u0131r\u0131 oldu\u011funu g\u00f6stermektedir. Kocaeli ve Antalya&#8217;dan sonra Samsun&#8217;da tekrarlanan bu menfur eylemler kabul edilemez.&#8221;<\/p>\n<p><b>&#8220;CAN G\u00dcVENL\u0130\u011e\u0130 TEHD\u0130T ALTINDA&#8221;<\/b><\/p>\n<p>Kul\u00fcp, sporcular\u0131n ve teknik heyetin can g\u00fcvenli\u011finin a\u00e7\u0131k\u00e7a tehdit edildi\u011fini belirterek, T\u00fcrk futbolunun itibar\u0131na y\u00f6nelik bu &#8220;al\u00e7ak\u00e7a giri\u015fimlerin&#8221; son bulmas\u0131 i\u00e7in failler hakk\u0131nda emsal te\u015fkil edecek cezalar verilmesini talep etti. S\u00fcrecin sonuna kadar takip\u00e7isi olunaca\u011f\u0131 vurguland\u0131.<\/p>\n","protected":false},"excerpt":{"rendered":"<p>TRABZONSPOR&#8217;un, Samsunspor ma\u00e7\u0131 \u00f6ncesi tak\u0131m otob\u00fcs\u00fcne ta\u015fl\u0131 sald\u0131r\u0131 d\u00fczenleyen \u015f\u00fcphelilerin g\u00f6r\u00fcnt\u00fcleri ortaya \u00e7\u0131kt\u0131.<\/p>\n","protected":false},"author":1,"featured_media":69602,"comment_status":"open","ping_status":"open","sticky":false,"template":"","format":"standard","meta":{"footnotes":""},"categories":[14],"tags":[794,1068],"class_list":["post-69601","post","type-post","status-publish","format-standard","has-post-thumbnail","hentry","category-spor","tag-saldiri","tag-tas"],"_links":{"self":[{"href":"https:\/\/bihavadis.com\/index.php\/wp-json\/wp\/v2\/posts\/69601","targetHints":{"allow":["GET"]}}],"collection":[{"href":"https:\/\/bihavadis.com\/index.php\/wp-json\/wp\/v2\/posts"}],"about":[{"href":"https:\/\/bihavadis.com\/index.php\/wp-json\/wp\/v2\/types\/post"}],"author":[{"embeddable":true,"href":"https:\/\/bihavadis.com\/index.php\/wp-json\/wp\/v2\/users\/1"}],"replies":[{"embeddable":true,"href":"https:\/\/bihavadis.com\/index.php\/wp-json\/wp\/v2\/comments?post=69601"}],"version-history":[{"count":1,"href":"https:\/\/bihavadis.com\/index.php\/wp-json\/wp\/v2\/posts\/69601\/revisions"}],"predecessor-version":[{"id":69603,"href":"https:\/\/bihavadis.com\/index.php\/wp-json\/wp\/v2\/posts\/69601\/revisions\/69603"}],"wp:featuredmedia":[{"embeddable":true,"href":"https:\/\/bihavadis.com\/index.php\/wp-json\/wp\/v2\/media\/69602"}],"wp:attachment":[{"href":"https:\/\/bihavadis.com\/index.php\/wp-json\/wp\/v2\/media?parent=69601"}],"wp:term":[{"taxonomy":"category","embeddable":true,"href":"https:\/\/bihavadis.com\/index.php\/wp-json\/wp\/v2\/categories?post=69601"},{"taxonomy":"post_tag","embeddable":true,"href":"https:\/\/bihavadis.com\/index.php\/wp-json\/wp\/v2\/tags?post=69601"}],"curies":[{"name":"wp","href":"https:\/\/api.w.org\/{rel}","templated":true}]}}