{"id":69668,"date":"2026-03-10T12:00:06","date_gmt":"2026-03-10T12:00:06","guid":{"rendered":"https:\/\/bihavadis.com\/?p=69668"},"modified":"2026-03-10T12:00:06","modified_gmt":"2026-03-10T12:00:06","slug":"africa-eco-race-2023-pembe-golde-tamamlandi","status":"publish","type":"post","link":"https:\/\/bihavadis.com\/index.php\/2026\/03\/10\/africa-eco-race-2023-pembe-golde-tamamlandi\/","title":{"rendered":"Africa Eco Race 2023 Pembe G\u00f6l&#8217;de Tamamland\u0131"},"content":{"rendered":"<p> Fas&#8217;ta 25 Ocak&#8217;ta ba\u015flayan Africa Eco Race Rallisi, Senegal&#8217;in sembollerinden Pembe G\u00f6l&#8217;de (Lac Rose) tamamland\u0131.<\/p>\n<p>Bu y\u0131l 17&#8217;ncisi d\u00fczenlenen ve 2008&#8217;de Afrika k\u0131tas\u0131ndan \u00e7ekilen Dakar Rallisi&#8217;ne alternatif g\u00f6sterilen Africa Eco Race&#8217;de kat\u0131l\u0131mc\u0131lar, b\u00fcy\u00fck bir k\u0131sm\u0131 \u00e7\u00f6lde ge\u00e7en 12 etaptan olu\u015fan yakla\u015f\u0131k 6 bin kilometrelik parkurda yar\u0131\u015ft\u0131.<\/p>\n<p>Fas&#8217;\u0131n Tanger kentinde ba\u015flamas\u0131 planlanan ancak olumsuz hava ko\u015fullar\u0131 nedeniyle Bousaid&#8217;de start alan rallide yar\u0131\u015fmac\u0131lar, Fas ve Moritanya&#8217;da \u00e7\u00f6l\u00fc ge\u00e7erek d\u00fcn 11. etap olan Senegal&#8217;in kuzeyindeki Mpal&#8217;e ula\u015ft\u0131.<\/p>\n<p>Pilotlar, sabah\u0131n ilk \u0131\u015f\u0131klar\u0131nda 12. ve son etap i\u00e7in Dakar&#8217;a yakla\u015f\u0131k 35 kilometre mesafedeki Pembe G\u00f6l&#8217;e hareket etti.<\/p>\n<p>Motosiklet kategorisinde birincili\u011fi bu y\u0131l Tenere 700 Rally ile Alman pilot Kevin Gallas elde ederken, otomobil kategorisinin lideri de MD Optimus ile Frans\u0131z pilot David Gerard oldu.<\/p>\n<p>\u00c7\u00f6l rallilerinde yer alan, iki koltuklu, kafesli, hafif ve y\u00fcksek s\u00fcspansiyonlu arazi ara\u00e7lar\u0131n\u0131 kapsayan SSV kategorisinde birincili\u011fi Hollandal\u0131 pilot Martijn Van Den Broek, kamyon kategorisinde de Hollandal\u0131 Gerrit Zuurmond \u00fcstlendi.<\/p>\n<p>T\u00fcrkiye&#8217;yi turlayan Frans\u0131z kad\u0131n pilot da yar\u0131\u015fa kat\u0131ld\u0131<\/p>\n<p>Ekim 2025&#8217;te T\u00fcrkiye&#8217;nin bat\u0131s\u0131ndan do\u011fusuna motoruyla gezen Frans\u0131z sporcu Constance Lanher de zamana kar\u015f\u0131 dayan\u0131kl\u0131l\u0131k ve macera deneyimi sunan raid kategorisinde yar\u0131\u015f\u0131 tamamlad\u0131.<\/p>\n<p>Yar\u0131\u015f sonras\u0131 AA muhabirinin sorular\u0131n\u0131 yan\u0131tlayan Lanher, Africa Eco Race&#8217;e ilk kez kat\u0131ld\u0131\u011f\u0131n\u0131 belirterek, yar\u0131\u015f\u0131n bekledi\u011fi kadar zor olmad\u0131\u011f\u0131n\u0131 ancak baz\u0131 etaplarda dayan\u0131kl\u0131l\u0131\u011f\u0131n\u0131 test etti\u011fini s\u00f6yledi.<\/p>\n<p>Lanher, fiziksel ve mental olarak yar\u0131\u015fa iyi haz\u0131rland\u0131\u011f\u0131n\u0131 vurgulayarak, etaplar\u0131 sa\u011fsalim bitirebildi\u011fi i\u00e7in \u00e7ok mutlu oldu\u011funu dile getirdi.<\/p>\n<p>Kom\u015fu olmalar\u0131na ra\u011fmen Fas, Moritanya ve Senegal&#8217;in birbirinden \u00e7ok farkl\u0131 oldu\u011funu vurgulayan Lanher, en \u00e7ok \u00fclke s\u0131n\u0131rlar\u0131n\u0131 ge\u00e7erken keyif ald\u0131\u011f\u0131n\u0131 kaydetti.<\/p>\n<p>&#8220;T\u00fcrkiye&#8217;ye d\u00fc\u011f\u00fcne gidece\u011fim&#8221;<\/p>\n<p>Lanher, Ekim 2025&#8217;te motosikletiyle bat\u0131dan do\u011fuya T\u00fcrkiye&#8217;yi de turlad\u0131\u011f\u0131n\u0131 hat\u0131rlatarak \u015funlar\u0131 s\u00f6yledi: <\/p>\n<p>&#8220;T\u00fcrkiye&#8217;ye ilk geli\u015fim de\u011fildi ama bu kadar uzun s\u00fcre kal\u0131p bu kadar \u00e7ok kilometre yapt\u0131\u011f\u0131m ilk deneyimdi. T\u00fcrkiye&#8217;yi \u00e7ok sevdim. Bir\u00e7ok insanla tan\u0131\u015ft\u0131m. Orada beni a\u011f\u0131rlayan, ola\u011fan\u00fcst\u00fc bir ailem var, onlarla hala \u00e7ok d\u00fczenli ileti\u015fim halindeyiz. Aile \u00fcyelerinden birinin d\u00fc\u011f\u00fcn\u00fc var, bu yaz T\u00fcrkiye&#8217;ye onun d\u00fc\u011f\u00fcn\u00fcne gidece\u011fim.&#8221;<\/p>\n<p>Lanher, motosiklet kategorisinde yer alan 2 kad\u0131n pilottan biri oldu\u011funa dikkati \u00e7ekerek, &#8220;120&#8217;den fazla motosikletin yar\u0131\u015ft\u0131\u011f\u0131 bu rallide motosiklet kullanan yaln\u0131zca 2 kad\u0131nd\u0131k, 2 kad\u0131n motorcu olarak yar\u0131\u015f\u0131 tamamlad\u0131k. Bu \u00e7ok d\u00fc\u015f\u00fck bir oran. Burada olmay\u0131 hakediyoruz. Erkek egemen bu d\u00fcnyada bu tarz yar\u0131\u015flarda daha fazla kad\u0131na ihtiyac\u0131m\u0131z var.&#8221; ifadelerini kulland\u0131.<\/p>\n<p>Dakar Rallisi ile \u00fcnlendi<\/p>\n<p>Africa Eco Race, Dakar Rallisi&#8217;nin 2008&#8217;de Afrika k\u0131tas\u0131ndan ayr\u0131lmas\u0131yla ayn\u0131 y\u0131l \u00fcnl\u00fc pilotlar Jean-Louis Schlesser ve Rene Metge taraf\u0131ndan kuruldu.<\/p>\n<p>S\u00fcrd\u00fcr\u00fclebilirlik ve s\u0131f\u0131r emisyon prensiplerini benimseyen, Dakar Rallisi&#8217;nin kurucusu &#8220;Thierry Sabine&#8217;in izinde&#8221; mottosuyla kurulan Africa Eco Race&#8217;in ilk yar\u0131\u015f\u0131 2008 Aral\u0131k&#8217;ta Marsilya&#8217;da ba\u015flad\u0131.<\/p>\n<p>Rallinin ba\u015flang\u0131\u00e7 noktas\u0131 Fransa ve Bat\u0131 Avrupa&#8217;n\u0131n \u00e7e\u015fitli kentleri aras\u0131nda de\u011fi\u015fse de var\u0131\u015f noktas\u0131 daima ayn\u0131 kald\u0131.<\/p>\n<p>Avrupa&#8217;dan ba\u015flayan ve Fas, Moritanya&#8217;y\u0131 ge\u00e7erek Senegal&#8217;e ula\u015fan yar\u0131\u015f, Dakar Rallisi&#8217;nin de biti\u015f noktas\u0131 Pembe G\u00f6l&#8217;de sona eriyor.<\/p>\n<p>Dakar Rallisi&#8217;ne g\u00f6re daha ula\u015f\u0131labilir ancak daha az bilinen Africa Eco Race&#8217;de pilotlar, b\u00fcy\u00fck bir k\u0131sm\u0131 \u00e7\u00f6lde ge\u00e7en 12 etaptan olu\u015fan yakla\u015f\u0131k 6 bin kilometrelik parkuru 15 g\u00fcnde tamamlamaya \u00e7al\u0131\u015f\u0131yor.<\/p>\n<p>Dayan\u0131kl\u0131l\u0131k ve navigasyon becerisine dayanan yar\u0131\u015f, motosiklet, otomobil, SSV ve kamyon kategorilerinde d\u00fczenleniyor.<\/p>\n","protected":false},"excerpt":{"rendered":"<p>Fas, Moritanya ve Senegal&#8217;de d\u00fczenlenen Africa Eco Race, Pembe G\u00f6l&#8217;de sona erdi. Yar\u0131\u015fta Kevin Gallas ve David Gerard birinci oldu.<\/p>\n","protected":false},"author":1,"featured_media":0,"comment_status":"open","ping_status":"open","sticky":false,"template":"","format":"standard","meta":{"footnotes":""},"categories":[14],"tags":[7768,5302,1446,5009,444],"class_list":["post-69668","post","type-post","status-publish","format-standard","hentry","category-spor","tag-dakar-rallisi","tag-etap","tag-motosiklet","tag-pilot","tag-yaris"],"_links":{"self":[{"href":"https:\/\/bihavadis.com\/index.php\/wp-json\/wp\/v2\/posts\/69668","targetHints":{"allow":["GET"]}}],"collection":[{"href":"https:\/\/bihavadis.com\/index.php\/wp-json\/wp\/v2\/posts"}],"about":[{"href":"https:\/\/bihavadis.com\/index.php\/wp-json\/wp\/v2\/types\/post"}],"author":[{"embeddable":true,"href":"https:\/\/bihavadis.com\/index.php\/wp-json\/wp\/v2\/users\/1"}],"replies":[{"embeddable":true,"href":"https:\/\/bihavadis.com\/index.php\/wp-json\/wp\/v2\/comments?post=69668"}],"version-history":[{"count":1,"href":"https:\/\/bihavadis.com\/index.php\/wp-json\/wp\/v2\/posts\/69668\/revisions"}],"predecessor-version":[{"id":69669,"href":"https:\/\/bihavadis.com\/index.php\/wp-json\/wp\/v2\/posts\/69668\/revisions\/69669"}],"wp:attachment":[{"href":"https:\/\/bihavadis.com\/index.php\/wp-json\/wp\/v2\/media?parent=69668"}],"wp:term":[{"taxonomy":"category","embeddable":true,"href":"https:\/\/bihavadis.com\/index.php\/wp-json\/wp\/v2\/categories?post=69668"},{"taxonomy":"post_tag","embeddable":true,"href":"https:\/\/bihavadis.com\/index.php\/wp-json\/wp\/v2\/tags?post=69668"}],"curies":[{"name":"wp","href":"https:\/\/api.w.org\/{rel}","templated":true}]}}