{"id":69710,"date":"2026-03-10T12:30:07","date_gmt":"2026-03-10T12:30:07","guid":{"rendered":"https:\/\/bihavadis.com\/?p=69710"},"modified":"2026-03-10T12:30:07","modified_gmt":"2026-03-10T12:30:07","slug":"ak-parti-genel-sekreteri-inan-izmirde-basit-bir-yagmurda-bile-sehri-yonetemeyen-bir-yerel-yonetimler-acziyeti-ile-karsi-karsiyayiz","status":"publish","type":"post","link":"https:\/\/bihavadis.com\/index.php\/2026\/03\/10\/ak-parti-genel-sekreteri-inan-izmirde-basit-bir-yagmurda-bile-sehri-yonetemeyen-bir-yerel-yonetimler-acziyeti-ile-karsi-karsiyayiz\/","title":{"rendered":"AK Parti Genel Sekreteri \u0130nan: \u0130zmir&#8217;de, basit bir ya\u011fmurda bile \u015fehri y\u00f6netemeyen bir yerel y\u00f6netimler acziyeti ile kar\u015f\u0131 kar\u015f\u0131yay\u0131z"},"content":{"rendered":"<p>\n<p> AK Parti Genel Sekreteri ve \u0130zmir Milletvekili Eyy\u00fcp Kadir \u0130nan, &#8220;Biz, sizin verdi\u011finiz bu g\u00fc\u00e7le &#8216;Asr\u0131n Felaketi&#8217; \u015fehirleri yeniden kurarken maalesef \u0130zmir&#8217;de, basit bir ya\u011fmurda bile \u015fehri y\u00f6netemeyen bir yerel y\u00f6netimler acziyeti ile kar\u015f\u0131 kar\u015f\u0131yay\u0131z&#8221; dedi.<\/p>\n<p>Eskiizmir Erzurumlular K\u00fclt\u00fcr ve Dayan\u0131\u015fma Derne\u011fi taraf\u0131ndan Erzurum&#8217;un Herfene gelene\u011fini ya\u015fatmak amac\u0131 ile &#8216;Ge\u00e7mi\u015ften G\u00fcn\u00fcm\u00fcze Herfene&#8217; program\u0131 d\u00fczenlendi. Programa \u0130zmir Valisi S\u00fcleyman Elban, AK Parti Genel Sekreteri ve \u0130zmir Milletvekili Eyy\u00fcp Kadir \u0130nan, AK Parti \u0130zmir Milletvekilleri Ya\u015far K\u0131rkp\u0131nar, Ceyda B\u00f6l\u00fcnmez \u00c7ank\u0131r\u0131, Menemen Belediye Ba\u015fkan\u0131 Ayd\u0131n Pehlivan, Karaba\u011flar Belediye Ba\u015fkan\u0131 Helil K\u0131nay, MHP \u0130zmir \u0130l Ba\u015fkan\u0131 Veysel \u015eahin, Ege B\u00f6lgesi Dernekler Birli\u011fi Federasyonu Genel Ba\u015fkan\u0131 Zakir Salmano\u011flu, Eskiizmir Erzurumlular K\u00fclt\u00fcr ve Dayan\u0131\u015fma Derne\u011fi Ba\u015fkan\u0131 Dursun Kurtlu, ve bir\u00e7ok dernek \u00fcyesi kat\u0131ld\u0131. <\/p>\n<p>Programda konu\u015fan AK Parti Genel Sekreteri \u0130nan, &#8220;\u00dczerinden 3 y\u0131l ge\u00e7se de 6 \u015eubat sabah\u0131n\u0131n o dondurucu so\u011fu\u011fu ve y\u00fcre\u011fimize d\u00fc\u015fen kor ate\u015f hala d\u00fcn gibi akl\u0131m\u0131zda. Kaybetti\u011fimiz vatanda\u015flar\u0131m\u0131z\u0131n hasreti dinmedi, dinmeyecek. Bug\u00fcn deprem b\u00f6lgesinde y\u00fcz binlerce karde\u015fimiz s\u0131cak yuvas\u0131na kavu\u015ftuysa, \u015fehirlerimiz yeniden aya\u011fa kalkt\u0131ysa; bu, en ba\u015fta sizlerin sayesindedir. E\u011fer siz, 2023&#8217;te o kritik virajda bize omuz vermeseydiniz, e\u011fer siz, Erzurumlu karde\u015flerimizin o sars\u0131lmaz deste\u011fiyle &#8216;yaparsa Recep Tayyip Erdo\u011fan yapar&#8217; demeseydiniz; bug\u00fcn deprem b\u00f6lgesindeki o karde\u015flerimiz bu deste\u011fe, bu hizmete asla ula\u015famazd\u0131. Biz, sizin verdi\u011finiz bu g\u00fc\u00e7le &#8216;Asr\u0131n Felaketi&#8217; \u015fehirleri yeniden kurarken maalesef \u0130zmir&#8217;de, basit bir ya\u011fmurda bile \u015fehri y\u00f6netemeyen bir yerel y\u00f6netimler acziyeti ile kar\u015f\u0131 kar\u015f\u0131yay\u0131z. Daha ge\u00e7ti\u011fimiz g\u00fcn Torbal\u0131&#8217;da, ya\u011f\u0131\u015ftan dolay\u0131 yolda biriken suda bir can\u0131m\u0131z\u0131 kaybettik. Peki soruyorum, bu \u015fehrin yerel y\u00f6neticileri nerede? Sorumluluk \u00fcstlenmiyorlar &#8216;Bizim yetkimiz de\u011fil&#8217; deyip kenara \u00e7ekiliyorlar. Allah korusun, bu \u00fclkeye bir tehdit olsa, bunlar &#8216;Mesaimiz bitti&#8217; deyip ka\u00e7acaklar&#8221; ifadelerini kulland\u0131.<\/p>\n<p>&#8216;\u0130ZM\u0130R ZARAR G\u00d6RMES\u0130N D\u0130YE SUSTUK, YAPICI OLDUK&#8217;<\/p>\n<p>\u0130zmir B\u00fcy\u00fck\u015fehir Belediye Ba\u015fkan\u0131 Cemil Tugay&#8217;a net bir \u00e7a\u011fr\u0131da bulundu\u011funu belirten \u0130nan, \u015funlar\u0131 s\u00f6yledi: <\/p>\n<p>&#8220;Bug\u00fcne kadar \u0130zmir zarar g\u00f6rmesin diye sustuk, yap\u0131c\u0131 olduk. Ama g\u00f6r\u00fcyoruz ki siz bizim nezaketimizi zay\u0131fl\u0131k sand\u0131n\u0131z. \u0130zmir&#8217;i ne hale getirdiniz? Buca&#8217;da ya\u011fmur ya\u011f\u0131yor, sokaklar g\u00f6le d\u00f6n\u00fcyor. Vatanda\u015f\u0131m\u0131z ma\u011fdur, esnaf\u0131m\u0131z peri\u015fan. Ama sosyal medyada milletimiz ne diyor biliyor musunuz? &#8216;Buca oldu Phuket adas\u0131&#8217; diyorlar. Neden bu benzetmeyi yap\u0131yorlar? \u00c7\u00fcnk\u00fc Buca Belediye Ba\u015fkan\u0131, personeli daha maa\u015f\u0131n\u0131 alamazken, i\u015f\u00e7i evine ekmek g\u00f6t\u00fcremezken; tuttu, d\u00fcnyan\u0131n \u00f6b\u00fcr ucuna, Phuket Adas\u0131&#8217;na tatile gitti. Bu, siyasi etikle ba\u011fda\u015fmaz. G\u00f6reve geldi\u011fin g\u00fcnden beri &#8216;\u00c7\u00f6p tesisi yapaca\u011f\u0131z&#8217; diye vaatlerde bulunuyorsun. Bak\u0131n 2026 y\u0131l\u0131na girdik. Hala &#8216;eyl\u00fcl ay\u0131ndan itibaren ba\u015fvuru yapaca\u011f\u0131m, imza ataca\u011f\u0131m&#8217; diye b\u00fcrokratik bahaneler \u00fcretiyor.&#8221; <\/p>\n<p>&#8216;\u0130ZM\u0130RL\u0130LER \u00c7\u00d6P DA\u011eLARINA MAHKUM KALMAK ZORUNDA DE\u011e\u0130L&#8217;<\/p>\n<p>&#8220;Bu rehaveti, bu a\u011f\u0131rl\u0131\u011f\u0131 \u00fczerinizden at\u0131n&#8221; diyen \u0130nan, \u015f\u00f6yle devam etti: <\/p>\n<p>&#8220;Senin bu siyasi tembelli\u011finden dolay\u0131 \u0130zmirliler \u00e7\u00f6p da\u011flar\u0131na mahkum kalmak zorunda de\u011fil. \u00c7\u0131k\u0131p bir de iftira atarak, sa\u011fa sola sald\u0131rarak bu ba\u015far\u0131s\u0131zl\u0131\u011f\u0131 \u00f6rtmeye \u00e7al\u0131\u015f\u0131yorsun. Kusura bakma, biz senin bu idari zafiyetini ve iftiralar\u0131n\u0131 sineye \u00e7ekecek de\u011filiz. Form\u00fcl \u00e7ok basit, atom par\u00e7alam\u0131yorsunuz; \u0130zmir&#8217;e o \u00e7\u00f6p tesisini yapacaks\u0131n, su kay\u0131p ka\u00e7a\u011f\u0131n\u0131 \u00f6nleyeceksin, o k\u00f6rfezi temizleyeceksin. Bunu yapam\u0131yorsan, mazeret \u00fcretmeyeceksin. Tugay, \u0130zmir milletvekillerimizin ad\u0131n\u0131 a\u011fz\u0131na al\u0131rken \u00e7ok dikkatli olmal\u0131. Bizi, kendi partisi i\u00e7inde kavgal\u0131 oldu\u011fu, arkas\u0131ndan konu\u015ftu\u011fu milletvekilleriyle kar\u0131\u015ft\u0131rmas\u0131n. O dedikodusunu yapt\u0131\u011f\u0131 vekiller, bu ilden &#8216;aktarmal\u0131&#8217; milletvekili oldular. Oyu ald\u0131lar, \u015fimdi &#8216;aktarmal\u0131&#8217; \u0130zmir vekilli\u011fi yap\u0131yorlar. \u0130zmir onlar i\u00e7in sadece bir durak.&#8221;<\/p>\n<p>&#8216;GEL \u0130ZM\u0130R&#8217;E HAKKINI BURADA SAVUN&#8217;<\/p>\n<p>Bu \u015fehrin misafiri de\u011fil, ev sahibi olduklar\u0131n\u0131 s\u00f6yleyen \u0130nan, &#8220;O nedenle Cemil Bey; bizi kendi kavgal\u0131 oldu\u011fun CHP&#8217;lilerle kar\u0131\u015ft\u0131rma. Ge\u00e7enlerde yapt\u0131\u011f\u0131n o seviyesiz a\u00e7\u0131klamay\u0131 duyduk. O yapt\u0131\u011f\u0131n \u00e7irkin &#8216;kadraj&#8217; a\u00e7\u0131klamas\u0131n\u0131, o yak\u0131\u015f\u0131ks\u0131z \u00fcslubu sana misliyle iade ediyoruz. Biz sizin o dar kadrajlar\u0131n\u0131za da, k\u00fc\u00e7\u00fck hesaplar\u0131n\u0131za da s\u0131\u011fmay\u0131z. \u0130\u015fte bu y\u00fczden, bug\u00fcnden sonra senin muhatab\u0131n biz de\u011filiz. Senin muhatab\u0131n; maa\u015f\u0131n\u0131 \u00f6deyemedi\u011fin, eme\u011fini s\u00f6m\u00fcrd\u00fc\u011f\u00fcn emek\u00e7i karde\u015fimizdir. Senin muhatab\u0131n; \u0130zmir&#8217;de kadrola\u015ft\u0131rd\u0131\u011f\u0131n Veli A\u011fbaba&#8217;n\u0131n akrabas\u0131 olan b\u00fcrokratlard\u0131r. Senin as\u0131l muhatab\u0131n; seni &#8216;beceriksiz ve g\u00fcvenilmez&#8217; bulan kendi milletvekillerindir. Biz y\u0131llarca CHP zihniyeti i\u00e7in ne dedik? \u00c7\u00f6p dedik, \u00e7amur dedik, \u00e7ukur dedik, Maalesef bug\u00fcn tablo daha da a\u011f\u0131rla\u015ft\u0131. Art\u0131k bunlar\u0131n siciline, partilerinin aln\u0131na \u00fc\u00e7 kara leke daha eklendi; h\u0131rs\u0131zl\u0131k, r\u00fc\u015fvet, yolsuzluk. T\u00fcrkiye siyaset tarihinde g\u00f6r\u00fclmemi\u015f bir \u00e7\u0131kar \u015febekesi, ana muhalefetin i\u00e7ine \u00e7\u00f6km\u00fc\u015f durumda. Buradan CHP Genel Ba\u015fkan\u0131 \u00d6zg\u00fcr \u00d6zel&#8217;e sesleniyorum: Deprem b\u00f6lgesine gidip geliyorsun, ama g\u00f6r\u00fcyoruz ki, deprem b\u00f6lgesinde turist gibi dola\u015fmaktan ba\u015fka bir \u015fey yapm\u0131yorsun. Ac\u0131 \u00fczerinden siyaset dev\u015firmeyi, oradaki yaralar\u0131 ka\u015f\u0131may\u0131 b\u0131rak. E\u011fer ger\u00e7ekten bir i\u015f yapmak istiyorsan, e\u011fer ger\u00e7ekten bir sorumluluk duyuyorsan. Gel \u0130zmir&#8217;e hakk\u0131n\u0131 burada savun. Ama gelemezler \u00e7\u00fcnk\u00fc y\u00fczleri yok. \u0130zmirlinin oyunu al\u0131p; beceriksizli\u011fin, bahanelerin arkas\u0131na saklanmak, Ankara&#8217;da yan gelip yatmak siyaset de\u011fildir&#8221; dedi.<\/p>\n<p>&#8216;NE OLUR BU K\u00dcLT\u00dcRDEN VAZGE\u00c7MEY\u0130N&#8217;<\/p>\n<p>Erzurumlulara k\u00fclt\u00fcrlerini ya\u015fatmaya devam etmeleri gerekti\u011fini s\u00f6yleyen \u0130zmir Valisi S\u00fcleyman Elban, ise &#8220;Ne olur bu k\u00fclt\u00fcrden vazge\u00e7meyin. \u00c7\u00fcnk\u00fc sadece Erzurum&#8217;u Erzurum yapan, Dada\u015f&#8217;\u0131 Dada\u015f yapan bu de\u011ferler. Sadece sizin i\u00e7in ge\u00e7erli de\u011fil, t\u00fcm milletimiz i\u00e7in de ge\u00e7erli ve \u00e7ok gerekli olan \u015feyler. Bu g\u00fczel k\u00fclt\u00fcr\u00fc ya\u015fatmak sadece ailelere d\u00fc\u015fm\u00fcyor; ayn\u0131 zamanda Erzurumlu sivil toplum kurulu\u015flar\u0131na da d\u00fc\u015f\u00fcyor. Dolay\u0131s\u0131yla onlar, hem \u0130zmir&#8217;imizde, hem Ege&#8217;mizde hem de \u00fclkemizin her yerinde \u00f6rg\u00fctlenerek hem\u015ferilerimizle s\u00fcrekli irtibat\u0131 devam ettiriyorlar ve bu k\u00fclt\u00fcr\u00fc ya\u015fatmaya devam ediyorlar&#8221; diye konu\u015ftu.<\/p>\n<p>&#8216;B\u0130Z BU \u0130HMALLER\u0130N SONUNA KADAR TAK\u0130P\u00c7\u0130S\u0130 OLACA\u011eIZ&#8217;<\/p>\n<p>&#8220;Herfene demek; sadece ekme\u011fi de\u011fil, kederi ve sevinci de payla\u015fmak demektir&#8221; diyen AK Parti \u0130zmir Milletvekili Ceyda B\u00f6l\u00fcnmez \u00c7ank\u0131r\u0131 da ise \u015f\u00f6yle konu\u015ftu: <\/p>\n<p>&#8220;Eksik olan\u0131 tamamlamak, y\u00fck\u00fc birlikte omuzlamakt\u0131r. Ancak bug\u00fcn kalbimiz buruk. Ge\u00e7ti\u011fimiz g\u00fcnlerde \u0130zmir yine sa\u011fana\u011fa teslim oldu. Daha ac\u0131s\u0131, Torbal\u0131&#8217;da ve Menderes&#8217;te selden kaynakl\u0131 kaybetti\u011fimiz canlar olmas\u0131d\u0131r. Biz uzaya astronot g\u00f6nderen, yerli otomobilini \u00fcreten, savunma sanayiinde destan yazan bir T\u00fcrkiye&#8217;yiz. Ama gelin g\u00f6r\u00fcn ki; Ege&#8217;nin incisi dedi\u011fimiz \u0130zmir&#8217;de, hala ya\u011fmur ya\u011fd\u0131\u011f\u0131nda vatanda\u015f\u0131m\u0131z &#8216;can g\u00fcvenli\u011fi&#8217; endi\u015fesi ta\u015f\u0131yor. Kordon&#8217;u su bas\u0131yor, esnaf\u0131m\u0131z\u0131n eme\u011fi sular alt\u0131nda kal\u0131yor. Buradan sormak laz\u0131m; \u0130zmir&#8217;in altyap\u0131s\u0131 i\u00e7in ayr\u0131lan o dev b\u00fct\u00e7eler nerede? Neden her sa\u011fanak bir felakete d\u00f6n\u00fc\u015f\u00fcyor? \u0130zmir&#8217;in kaderi, her y\u0131l ayn\u0131 sahneleri ya\u015famak, her y\u0131l ayn\u0131 mazeretleri dinlemek de\u011fildir. \u0130zmir&#8217;in kaderi &#8216;bahane belediyecili\u011fi&#8217; de\u011fil, &#8216;hizmet belediyecili\u011fi&#8217; olmal\u0131d\u0131r. Biz bu ihmallerin sonuna kadar takip\u00e7isi olaca\u011f\u0131z, \u0130zmirlinin bir kuru\u015funun dahi heba edilmesine izin vermeyece\u011fiz.&#8221; <\/p>\n","protected":false},"excerpt":{"rendered":"<p>AK Parti Genel Sekreteri ve \u0130zmir Milletvekili Eyy\u00fcp Kadir \u0130nan, &#8220;Biz, sizin verdi\u011finiz bu g\u00fc\u00e7le &#8216;Asr\u0131n Felaketi&#8217; \u015fehirleri yeniden kurarken maalesef \u0130zmir&#8217;de, basit bir ya\u011fmurda bile \u015fehri y\u00f6netemeyen bir yerel y\u00f6netimler acziyeti ile kar\u015f\u0131 kar\u015f\u0131yay\u0131z&#8221; dedi.<\/p>\n","protected":false},"author":1,"featured_media":69711,"comment_status":"open","ping_status":"open","sticky":false,"template":"","format":"standard","meta":{"footnotes":""},"categories":[12],"tags":[986,372,3037,978,121],"class_list":["post-69710","post","type-post","status-publish","format-standard","has-post-thumbnail","hentry","category-siyaset","tag-baskani","tag-belediye","tag-gel","tag-izmir","tag-kultur"],"_links":{"self":[{"href":"https:\/\/bihavadis.com\/index.php\/wp-json\/wp\/v2\/posts\/69710","targetHints":{"allow":["GET"]}}],"collection":[{"href":"https:\/\/bihavadis.com\/index.php\/wp-json\/wp\/v2\/posts"}],"about":[{"href":"https:\/\/bihavadis.com\/index.php\/wp-json\/wp\/v2\/types\/post"}],"author":[{"embeddable":true,"href":"https:\/\/bihavadis.com\/index.php\/wp-json\/wp\/v2\/users\/1"}],"replies":[{"embeddable":true,"href":"https:\/\/bihavadis.com\/index.php\/wp-json\/wp\/v2\/comments?post=69710"}],"version-history":[{"count":1,"href":"https:\/\/bihavadis.com\/index.php\/wp-json\/wp\/v2\/posts\/69710\/revisions"}],"predecessor-version":[{"id":69712,"href":"https:\/\/bihavadis.com\/index.php\/wp-json\/wp\/v2\/posts\/69710\/revisions\/69712"}],"wp:featuredmedia":[{"embeddable":true,"href":"https:\/\/bihavadis.com\/index.php\/wp-json\/wp\/v2\/media\/69711"}],"wp:attachment":[{"href":"https:\/\/bihavadis.com\/index.php\/wp-json\/wp\/v2\/media?parent=69710"}],"wp:term":[{"taxonomy":"category","embeddable":true,"href":"https:\/\/bihavadis.com\/index.php\/wp-json\/wp\/v2\/categories?post=69710"},{"taxonomy":"post_tag","embeddable":true,"href":"https:\/\/bihavadis.com\/index.php\/wp-json\/wp\/v2\/tags?post=69710"}],"curies":[{"name":"wp","href":"https:\/\/api.w.org\/{rel}","templated":true}]}}