{"id":69750,"date":"2026-03-10T13:03:10","date_gmt":"2026-03-10T13:03:10","guid":{"rendered":"https:\/\/bihavadis.com\/?p=69750"},"modified":"2026-03-10T13:03:10","modified_gmt":"2026-03-10T13:03:10","slug":"trt-tabiinin-asylum-dizisi-galasinda-duygusal-anlar","status":"publish","type":"post","link":"https:\/\/bihavadis.com\/index.php\/2026\/03\/10\/trt-tabiinin-asylum-dizisi-galasinda-duygusal-anlar\/","title":{"rendered":"TRT Tabii&#8217;nin &#8216;Asylum&#8217; Dizisi Galas\u0131nda Duygusal Anlar"},"content":{"rendered":"<p>TRT&#8217;nin uluslararas\u0131 dijital platformu tabii&#8217;nin yeni dizisi &#8220;Asylum&#8221;un galas\u0131, Sak\u0131p Sabanc\u0131 M\u00fczesi The Seed&#8217;de ger\u00e7ekle\u015ftirildi.<\/p>\n<p>TRT Genel M\u00fcd\u00fcr\u00fc Mehmet Zahid Sobac\u0131&#8217;n\u0131n ev sahipli\u011finde d\u00fczenlenen galaya TRT y\u00f6netimi, dizinin oyuncular\u0131, yap\u0131m ekibi, sekt\u00f6r\u00fcn \u00f6nde gelen isimleri ile \u00e7ok say\u0131da davetli kat\u0131ld\u0131.<\/p>\n<p>Galada konu\u015fan Sobac\u0131, tabii&#8217;de aileye, gen\u00e7lere, \u00e7ocuklara \u00e7ok farkl\u0131 yap\u0131m t\u00fcrlerinde i\u00e7erikler sunuldu\u011funu, i\u00e7eriklerden baz\u0131lar\u0131n\u0131n da \u00e7a\u011f\u0131n sorunlar\u0131na dikkat \u00e7ekti\u011fini s\u00f6yledi.<\/p>\n<p>Sobac\u0131, izleyicileri biraz d\u00fc\u015f\u00fcnmeye ve sorgulamaya iten projeler \u00fcretmeye \u00e7al\u0131\u015ft\u0131klar\u0131n\u0131 belirterek, \u015funlar\u0131 anlatt\u0131: <\/p>\n<p>&#8220;Asylum dizisi, m\u00fcltecilerin ya\u015fad\u0131\u011f\u0131 sorunlar\u0131, bask\u0131lar\u0131, verdikleri m\u00fccadeleyi, maruz kald\u0131klar\u0131 adaletsizlikleri anlatan bir dizi projesi. M\u00fcltecilik sorununun veya modern s\u00f6m\u00fcrgecili\u011fin nas\u0131l bir insanl\u0131k krizine bir anda d\u00f6n\u00fc\u015febilece\u011fini dizimiz a\u00e7\u0131k\u00e7a if\u015fa ediyor. M\u00fcltecilik etraf\u0131nda g\u00fcn\u00fcm\u00fczde ya\u015fanabilecek insan ticaretinden ka\u00e7ak g\u00f6\u00e7men sorununa, dark webden illegal bahise ve organ ticaretine kadar bir\u00e7ok meseleye asl\u0131nda dikkat \u00e7ekiyor. Bu sorunlar\u0131 distopik bir anlat\u0131yla ele al\u0131yor.&#8221;<\/p>\n<p>&#8220;M\u00fcltecilik deneyimi \u00fczerinden kurulan bir anlat\u0131&#8221;<\/p>\n<p>Dizinin ba\u015frol oyuncular\u0131ndan U\u011fur Aslan, &#8220;Asylum&#8221;un distopik bir hikaye anlatt\u0131\u011f\u0131na i\u015faret ederek, &#8220;Hikayemizin temel metaforu, d\u00fcnya n\u00fcfusunun d\u00f6rtte birinin m\u00fclteci konumuna d\u00fc\u015ft\u00fc\u011f\u00fc bir evrende m\u00fcltecilik deneyimi \u00fczerinden kurulan bir anlat\u0131ya dayan\u0131yor.&#8221; dedi.<\/p>\n<p>Aslan, dizide canland\u0131rd\u0131\u011f\u0131 karakterin ailesini sava\u015f ortam\u0131ndan kurtard\u0131\u011f\u0131n\u0131 zannetti\u011fini ancak bu \u00e7aban\u0131n onlar\u0131 d\u00fcnyan\u0131n ba\u015fka bir ac\u0131mas\u0131z y\u00fcz\u00fcyle bulu\u015fturdu\u011funu anlatt\u0131.<\/p>\n<p>\u00c7ekimler s\u0131ras\u0131nda d\u00fcnya standartlar\u0131nda \u00e7al\u0131\u015ft\u0131klar\u0131n\u0131 belirten Aslan, &#8220;D\u00fcnyada bu i\u015f nas\u0131l yap\u0131l\u0131yorsa biz, TRT tabii&#8217;de ayn\u0131 ko\u015ful ve konforda \u00e7al\u0131\u015f\u0131yoruz. Herkes \u00e7ok iyi niyetli, birbirine \u00e7ok yak\u0131n. Bu da oyuncunun genel anlamda \u00e7al\u0131\u015fma performans\u0131na y\u00fczde y\u00fcz katk\u0131 sa\u011fl\u0131yor. Biz \u00e7ok mutluyduk.&#8221; ifadelerini kulland\u0131.<\/p>\n<p>&#8220;Dizi, distopik olmas\u0131na ra\u011fmen \u015fu anki halimizi ve hayat\u0131m\u0131z\u0131 d\u00fc\u015f\u00fcnd\u00fcr\u00fcyor&#8221;<\/p>\n<p>Oyuncu Berkay \u00c7\u0131nar, sette unutulmaz anlar ya\u015fad\u0131klar\u0131n\u0131 dile getirerek, &#8220;Set ortam\u0131, dekor muazzam duygular ya\u015fatt\u0131. A\u00e7\u0131k\u00e7as\u0131 hi\u00e7bir zaman bitmesini istemedi\u011fim bir s\u00fcre\u00e7 oldu.&#8221; diye konu\u015ftu.<\/p>\n<p>Oyuncu Cansel El\u00e7in de gurbet\u00e7i \u00e7ocu\u011fu olmas\u0131 sebebiyle dizinin hikayesinin kendisini \u00e7ok etkiledi\u011fini s\u00f6yleyerek, &#8220;Bence d\u00fcnyan\u0131n en k\u00f6t\u00fc \u015feyi, kendi \u00fclkesini zor \u015fartlarda ve sava\u015f y\u00fcz\u00fcnden terk etmesi. Asylum, distopik bir hikaye \u00fczerinden ilerliyor. Ayn\u0131 zamanda distopik olmas\u0131na ra\u011fmen \u015fu anki halimizi ve hayat\u0131m\u0131z\u0131 d\u00fc\u015f\u00fcnd\u00fcr\u00fcyor. Bu y\u00fczden de bence insanlara \u00e7ok dokunacak bir dizi. \u00dcmit, umutsuzlukta do\u011far ve tam anlam\u0131nda bizim hikayemiz de bunu anlat\u0131yor.&#8221; de\u011ferlendirmesinde bulundu.<\/p>\n<p>&#8220;Projenin bir par\u00e7as\u0131 oldu\u011fum i\u00e7in \u00e7ok mutluyum&#8221;<\/p>\n<p>D\u00fcnyaca \u00fcnl\u00fc oyuncu Luka Peros da yap\u0131mda yer almaktan mutlu oldu\u011funu belirterek, &#8220;Benim i\u00e7in g\u00fczel taraf\u0131, dizinin 55 farkl\u0131 \u00fclkeden izleyiciye ula\u015facak olmas\u0131. Projenin bir par\u00e7as\u0131 oldu\u011fum i\u00e7in \u00e7ok mutluyum.&#8221; dedi.<\/p>\n<p>Dizinin \u00e7ocuk oyuncusu Ada Erma da &#8220;Edibe&#8221; karakterini canland\u0131rd\u0131\u011f\u0131n\u0131 dile getirerek, rol\u00fcne dair \u015funlar\u0131 kaydetti: <\/p>\n<p>&#8220;(Edibe) Ailesiyle sadece g\u00fcvenli olmak isterken kendisini korkun\u00e7 bir oyunun i\u00e7inde buluyor. Bizim hikayemiz hayal \u00fcr\u00fcn\u00fc. Oyunlar\u0131m\u0131z ger\u00e7ek de\u011fil ama d\u00fcnyan\u0131n bir yerlerinde \u00e7ocuklar\u0131n sadece ya\u015famak i\u00e7in dev dalgalarla veya tel \u00f6rg\u00fclerle sava\u015ft\u0131\u011f\u0131n\u0131 biliyorum. Ke\u015fke bu zorluklar sadece senaryoda kalsa. Hi\u00e7bir \u00e7ocuk, ya\u015fam m\u00fccadelesi vermek zorunda kalmasa. Umar\u0131m dizimizi izledi\u011finizde Edibe&#8217;nin cesareti kalbinize dokunur.&#8221;<\/p>\n<p>Asylum, bug\u00fcnden itibaren t\u00fcm b\u00f6l\u00fcmleriyle tabii&#8217;de izlenebiliyor<\/p>\n<p>Sava\u015f, g\u00f6\u00e7 ve s\u00f6m\u00fcrgecilik temalar\u0131n\u0131 distopik evren \u00fczerinden ele alan, modern d\u00fcnyan\u0131n karanl\u0131k y\u00fcz\u00fcne sert ele\u015ftiriler getiren dizi, t\u00fcm b\u00f6l\u00fcmleriyle bug\u00fcnden itibaren tabii&#8217;de izlenebilecek.<\/p>\n<p>Galada dizinin ilk iki b\u00f6l\u00fcm\u00fcn\u00fcn izlenmesinin ard\u0131ndan sahne alan sanat\u00e7\u0131 Figan, dizide de kullan\u0131lan &#8220;G\u00f6\u00e7men Ku\u015f&#8221; \u015fark\u0131s\u0131n\u0131 seslendirdi.<\/p>\n<p> Etkinlik alan\u0131ndaki sergi, d\u00fcnyan\u0131n farkl\u0131 noktalar\u0131ndan karelerle sava\u015f ve zorunlu g\u00f6\u00e7\u00fcn geride b\u0131rakt\u0131\u011f\u0131 hayatlara odakland\u0131.<\/p>\n<p>G\u00f6rev ba\u015f\u0131ndayken \u015fehit olan TRT foto muhabiri Yahia Barzaq&#8217;\u0131n \u00e7al\u0131\u015fmalar\u0131n\u0131n da yer ald\u0131\u011f\u0131 sergi, yerinden edilen insanlara ve g\u00f6revleri s\u0131ras\u0131nda hayat\u0131n\u0131 kaybeden gazetecilere ithaf edildi.<\/p>\n<p>Senaryosu \u00dcmit Cihan Canpolat&#8217;a ait olan, y\u00f6netmenli\u011fini Ozan Uzuno\u011flu&#8217;nun yapt\u0131\u011f\u0131 Asylum, sava\u015f\u0131n y\u0131k\u0131m\u0131ndan ka\u00e7an ailenin, yeni bir gelecek hayaliyle \u00e7\u0131kt\u0131\u011f\u0131 yolculu\u011fun distopik evrende karanl\u0131k \u00e7\u0131kmaza d\u00f6n\u00fc\u015fmesini konu al\u0131yor.<\/p>\n<p>Dizi, \u00fclkelerindeki sava\u015f sonras\u0131 hayatta kalmak ve Avrupa&#8217;ya ula\u015fmak umuduyla yola \u00e7\u0131kan Barad ailesinin, kendilerini &#8220;Asylum&#8221; ad\u0131 verilen gizemli ve izole adada tutsak bulmalar\u0131yla ba\u015fl\u0131yor. D\u0131\u015f d\u00fcnyadan izole edilmi\u015f gizemli adada tutsak edilen aile, hayatta kalabilmek i\u00e7in kendileri gibi m\u00fcltecilerle birlikte \u00f6l\u00fcmc\u00fcl oyunlara zorlan\u0131yor.<\/p>\n<p>Dizinin oyuncu kadrosunda ayr\u0131ca G\u00f6n\u00fcl Ada Nagi ve Baran Akbulut da rol al\u0131yor.<\/p>\n","protected":false},"excerpt":{"rendered":"<p>TRT&#8217;nin uluslararas\u0131 dijital platformu tabii&#8217;nin yeni dizisi &#8220;Asylum&#8221;un galas\u0131, Sak\u0131p Sabanc\u0131 M\u00fczesi The Seed&#8217;de ger\u00e7ekle\u015ftirildi.<\/p>\n","protected":false},"author":1,"featured_media":69751,"comment_status":"open","ping_status":"open","sticky":false,"template":"","format":"standard","meta":{"footnotes":""},"categories":[9,4,13],"tags":[595,437,2149,1728,1872],"class_list":["post-69750","post","type-post","status-publish","format-standard","has-post-thumbnail","hentry","category-genel","category-gundem","category-son-dakika","tag-dizi","tag-dunya","tag-multeci","tag-oyuncu","tag-savas"],"_links":{"self":[{"href":"https:\/\/bihavadis.com\/index.php\/wp-json\/wp\/v2\/posts\/69750","targetHints":{"allow":["GET"]}}],"collection":[{"href":"https:\/\/bihavadis.com\/index.php\/wp-json\/wp\/v2\/posts"}],"about":[{"href":"https:\/\/bihavadis.com\/index.php\/wp-json\/wp\/v2\/types\/post"}],"author":[{"embeddable":true,"href":"https:\/\/bihavadis.com\/index.php\/wp-json\/wp\/v2\/users\/1"}],"replies":[{"embeddable":true,"href":"https:\/\/bihavadis.com\/index.php\/wp-json\/wp\/v2\/comments?post=69750"}],"version-history":[{"count":1,"href":"https:\/\/bihavadis.com\/index.php\/wp-json\/wp\/v2\/posts\/69750\/revisions"}],"predecessor-version":[{"id":69752,"href":"https:\/\/bihavadis.com\/index.php\/wp-json\/wp\/v2\/posts\/69750\/revisions\/69752"}],"wp:featuredmedia":[{"embeddable":true,"href":"https:\/\/bihavadis.com\/index.php\/wp-json\/wp\/v2\/media\/69751"}],"wp:attachment":[{"href":"https:\/\/bihavadis.com\/index.php\/wp-json\/wp\/v2\/media?parent=69750"}],"wp:term":[{"taxonomy":"category","embeddable":true,"href":"https:\/\/bihavadis.com\/index.php\/wp-json\/wp\/v2\/categories?post=69750"},{"taxonomy":"post_tag","embeddable":true,"href":"https:\/\/bihavadis.com\/index.php\/wp-json\/wp\/v2\/tags?post=69750"}],"curies":[{"name":"wp","href":"https:\/\/api.w.org\/{rel}","templated":true}]}}