{"id":69788,"date":"2026-03-10T13:21:07","date_gmt":"2026-03-10T13:21:07","guid":{"rendered":"https:\/\/bihavadis.com\/?p=69788"},"modified":"2026-03-10T13:21:07","modified_gmt":"2026-03-10T13:21:07","slug":"thf-50-yil-gala-gecesi-duzenlendi","status":"publish","type":"post","link":"https:\/\/bihavadis.com\/index.php\/2026\/03\/10\/thf-50-yil-gala-gecesi-duzenlendi\/","title":{"rendered":"THF 50. Y\u0131l Gala Gecesi D\u00fczenlendi"},"content":{"rendered":"<p>\n<p>Mikail KARAMAN-Batuhan DURNAO\u011eLU\/ ANKARA, T\u00dcRK\u0130YE Hentbol Federasyonu&#8217;nun (THF) kurulu\u015funun 50&#8217;nci y\u0131l\u0131 dolay\u0131s\u0131yla d\u00fczenlenen gala gecesi, Ankara Prof. Dr. Ya\u015far Sevim Hentbol Federasyonu binas\u0131nda ger\u00e7ekle\u015ftirildi.<\/p>\n<p>THF taraf\u0131ndan d\u00fczenlenen 50&#8217;nci Y\u0131l Gala Gecesi, Ankara&#8217;daki federasyon binas\u0131nda yap\u0131ld\u0131. Geceye THF Ba\u015fkan\u0131 Mesut \u00c7ebi&#8217;nin yan\u0131s\u0131ra; federasyon y\u00f6neticileri, eski ve mevcut sporcular, antren\u00f6rler ile davetliler kat\u0131ld\u0131. Programda THF&#8217;nin ge\u00e7mi\u015f ba\u015far\u0131lar\u0131n\u0131n anlat\u0131ld\u0131\u011f\u0131 50&#8217;nci y\u0131l belgeseli g\u00f6steriminin yan\u0131s\u0131ra galada gecenin an\u0131s\u0131na verilen \u00f6zel \u00f6d\u00fcller de sahiplerini buldu.<\/p>\n<p>Burada konu\u015fan Hentbol Federasyonu Ba\u015fkan\u0131 \u00c7ebi, Teknik geli\u015fmeler, yeni organizasyonlar ve iyile\u015ftirmeler sayesinde Avrupa seviyesine \u00e7\u0131kmay\u0131 hedeflediklerini belirterek, &#8220;Uluslararas\u0131 temsiliyetin artmas\u0131yla beraber T\u00fcrk hentbolu yak\u0131n gelecekte iyi bir yerlere gelecek. Zaten bunun i\u00e7in \u00e7al\u0131\u015f\u0131yoruz. \u0130n\u015fallah \u00e7ocuklar\u0131m\u0131za, antren\u00f6rlerimize, kul\u00fcplerimize ve bizden sonraki gelecek y\u00f6neticilere \u00e7ok g\u00fczel bir miras b\u0131rakmak istiyoruz. 50&#8217;nci y\u0131l bizim i\u00e7in dijital d\u00f6n\u00fc\u015f\u00fcm y\u0131l\u0131yd\u0131. Bir \u00e7ok dijital yenilik yapmaya ba\u015flad\u0131k. Fakat bunun yan\u0131 s\u0131ra as\u0131l hedefimiz \u00e7ocuklar\u0131m\u0131z\u0131n ve antren\u00f6rlerimizin teknik kapasitesini geli\u015ftirmek. \u00c7\u00fcnk\u00fc T\u00fcrk hentbolunun gelece\u011finin \u00e7ocuklardan oldu\u011funu d\u00fc\u015f\u00fcn\u00fcyoruz. Tabii ki T\u00fcrkiye olarak en b\u00fcy\u00fck g\u00fcc\u00fcm\u00fcz yeni nesiller. Onlar\u0131n \u00f6n\u00fcn\u00fc a\u00e7mak da bizim g\u00f6revimiz&#8221; dedi.<\/p>\n<p>&#8216;W\u0130LD CARD BA\u015eVURUSUNDA BULUNACA\u011eIZ&#8217;<\/p>\n<p>D\u00fcnya \u015eampiyonas\u0131 elemesi i\u00e7in haz\u0131rland\u0131klar\u0131n\u0131 belirten \u00c7ebi, &#8220;Elemelerde Romanya&#8217;yla oynayaca\u011f\u0131z. Roma turunu atlarsak Norve\u00e7&#8217;le oynayaca\u011f\u0131z. Sizin huzurlar\u0131n\u0131zda camiam\u0131z ad\u0131na da bir haber vermek istiyorum. Daha hen\u00fcz olmu\u015f de\u011fil Wild Card ba\u015fvurusu i\u00e7in de D\u00fcnya \u015eampiyonas\u0131&#8217;na ba\u015fvurumuzu yapaca\u011f\u0131z. T\u00fcrkiye&#8217;deki potansiyeli g\u00f6ren uluslararas\u0131 idarecilerin de bizi oraya dahil etmek isteyeceklerini d\u00fc\u015f\u00fcn\u00fcyorum. \u00c7\u00fcnk\u00fc biz ne kadar uluslararas\u0131 alanda g\u00f6z\u00fck\u00fcrsek o kadar kaliteli hentbol sporu ortaya koyaca\u011f\u0131z. ve bizim onlara ihtiyac\u0131m\u0131zdan daha \u00e7ok onlar\u0131n da bize daha \u00e7ok ihtiyac\u0131n\u0131n oldu\u011funu d\u00fc\u015f\u00fcn\u00fcyorum. \u00c7\u00fcnk\u00fc \u00e7ok ciddi bir gen\u00e7 potansiyelimiz var. \u0130n\u015fallah bu bayra\u011f\u0131 \u00e7ok g\u00fczel bir \u015fekilde uluslararas\u0131 organizasyonlarda dalgaland\u0131raca\u011f\u0131z&#8221; ifadelerinde bulundu. <\/p>\n<p>Gala gecesinde bir de k\u00fcrs\u00fc konu\u015fmas\u0131 yapan \u00c7ebi, buradaki duygu ve d\u00fc\u015f\u00fcncelerini ise \u015f\u00f6yle aktard\u0131: <\/p>\n<p>&#8220;Bu ak\u015fam burada bir eme\u011fin, inanc\u0131n ve ortak m\u00fccadelenin yar\u0131m as\u0131rl\u0131k yolculu\u011funda bir araday\u0131z. Ba\u015fta federasyonumuzun kurucusu Prof. Dr. Ya\u015far Sevim olmak \u00fczere 50 y\u0131l boyunca T\u00fcrk hentboluna katk\u0131 sunmu\u015f, bu bran\u015fa g\u00f6n\u00fcl vermi\u015f, sahada ve saha d\u0131\u015f\u0131nda emek harcam\u0131\u015f herkese \u015f\u00fckranlar\u0131m\u0131 sunuyorum. Ge\u00e7mi\u015ften ald\u0131\u011f\u0131m\u0131z g\u00fc\u00e7le gelece\u011fin T\u00fcrk hentbolunu in\u015fa etme irade ve kararl\u0131l\u0131\u011f\u0131n\u0131 bir kez daha ortaya koyaca\u011f\u0131z. Hentbol bizim i\u00e7in sadece bir spor de\u011fil salonlarda kurulan hayaller, verilen emek, \u00f6\u011frenilen disiplin, kazan\u0131lan \u00f6zg\u00fcven ve \u00f6m\u00fcr boyu s\u00fcrecek dostluklard\u0131r. Hentbol ay-y\u0131ld\u0131zl\u0131 bayra\u011f\u0131m\u0131z\u0131n alt\u0131nda tek y\u00fcrek olmakt\u0131r. Gen\u00e7lik ve Spor Bakanl\u0131\u011f\u0131m\u0131z\u0131n himayesinde 7 b\u00f6lgede 81 ilde ke\u015ffedilmemi\u015f yetenek kalmayana hentbolun ya\u015fad\u0131\u011f\u0131 \u015fehirden imkanlardan ya da ko\u015fullardan ba\u011f\u0131ms\u0131z olarak herkes i\u00e7in daha ula\u015f\u0131labilir ve daha kapsay\u0131c\u0131 spor haline gelmesi temel \u00f6nceli\u011fimizdir.&#8221; <\/p>\n<p>\n","protected":false},"excerpt":{"rendered":"<p>T\u00fcrk Hentbol Federasyonu, kurulu\u015funun 50. y\u0131l\u0131n\u0131 gala gecesiyle kutlad\u0131. Gelecek hedefleri vurguland\u0131.<\/p>\n","protected":false},"author":1,"featured_media":69789,"comment_status":"open","ping_status":"open","sticky":false,"template":"","format":"standard","meta":{"footnotes":""},"categories":[14],"tags":[1321,2042,7777,440,517],"class_list":["post-69788","post","type-post","status-publish","format-standard","has-post-thumbnail","hentry","category-spor","tag-bizi","tag-federasyon","tag-hentbol","tag-spor","tag-turk"],"_links":{"self":[{"href":"https:\/\/bihavadis.com\/index.php\/wp-json\/wp\/v2\/posts\/69788","targetHints":{"allow":["GET"]}}],"collection":[{"href":"https:\/\/bihavadis.com\/index.php\/wp-json\/wp\/v2\/posts"}],"about":[{"href":"https:\/\/bihavadis.com\/index.php\/wp-json\/wp\/v2\/types\/post"}],"author":[{"embeddable":true,"href":"https:\/\/bihavadis.com\/index.php\/wp-json\/wp\/v2\/users\/1"}],"replies":[{"embeddable":true,"href":"https:\/\/bihavadis.com\/index.php\/wp-json\/wp\/v2\/comments?post=69788"}],"version-history":[{"count":1,"href":"https:\/\/bihavadis.com\/index.php\/wp-json\/wp\/v2\/posts\/69788\/revisions"}],"predecessor-version":[{"id":69790,"href":"https:\/\/bihavadis.com\/index.php\/wp-json\/wp\/v2\/posts\/69788\/revisions\/69790"}],"wp:featuredmedia":[{"embeddable":true,"href":"https:\/\/bihavadis.com\/index.php\/wp-json\/wp\/v2\/media\/69789"}],"wp:attachment":[{"href":"https:\/\/bihavadis.com\/index.php\/wp-json\/wp\/v2\/media?parent=69788"}],"wp:term":[{"taxonomy":"category","embeddable":true,"href":"https:\/\/bihavadis.com\/index.php\/wp-json\/wp\/v2\/categories?post=69788"},{"taxonomy":"post_tag","embeddable":true,"href":"https:\/\/bihavadis.com\/index.php\/wp-json\/wp\/v2\/tags?post=69788"}],"curies":[{"name":"wp","href":"https:\/\/api.w.org\/{rel}","templated":true}]}}