{"id":69808,"date":"2026-03-10T13:39:05","date_gmt":"2026-03-10T13:39:05","guid":{"rendered":"https:\/\/bihavadis.com\/?p=69808"},"modified":"2026-03-10T13:39:05","modified_gmt":"2026-03-10T13:39:05","slug":"ak-parti-genel-sekreteri-inandan-izmir-buyuksehir-belediye-baskani-tugaya-tepki-aciklamasi","status":"publish","type":"post","link":"https:\/\/bihavadis.com\/index.php\/2026\/03\/10\/ak-parti-genel-sekreteri-inandan-izmir-buyuksehir-belediye-baskani-tugaya-tepki-aciklamasi\/","title":{"rendered":"AK Parti Genel Sekreteri \u0130nan&#8217;dan \u0130zmir B\u00fcy\u00fck\u015fehir Belediye Ba\u015fkan\u0131 Tugay&#8217;a tepki A\u00e7\u0131klamas\u0131"},"content":{"rendered":"<p> AK Parti Genel Sekreteri ve \u0130zmir Milletvekili Eyy\u00fcp Kadir \u0130nan, \u0130zmir B\u00fcy\u00fck\u015fehir Belediye Ba\u015fkan\u0131 Cemil Tugay ve CHP&#8217;li milletvekillerini ele\u015ftirerek, kentte \u00e7\u00f6p, su ve k\u00f6rfez sorunlar\u0131n\u0131n \u00e7\u00f6z\u00fclmedi\u011fini s\u00f6yledi.<\/p>\n<p>Ege B\u00f6lgesi Erzurum Dernekleri Birli\u011fi Federasyonu ve Eskiizmir Erzurumlular K\u00fclt\u00fcr ve Dayan\u0131\u015fma Derne\u011fi taraf\u0131ndan Bal\u00e7ova Termal Otel Kardelen Salonu&#8217;nda &#8220;Ge\u00e7mi\u015ften Gelece\u011fe Herfene&#8221; program\u0131 ger\u00e7ekle\u015ftirildi.<\/p>\n<p>Programda konu\u015fan \u0130nan, Kahramanmara\u015f merkezli depremlerin \u00fczerinden 3 y\u0131l ge\u00e7mesine ra\u011fmen depremin y\u00fcreklere d\u00fc\u015f\u00fcrd\u00fc\u011f\u00fc kor ate\u015fin halen d\u00fcn gibi ak\u0131llarda oldu\u011funu ifade etti.<\/p>\n<p>Cumhurba\u015fkan\u0131 Recep Tayyip Erdo\u011fan&#8217;\u0131n metanetli duru\u015fuyla deprem b\u00f6lgesinin yeniden in\u015fa edildi\u011fini, s\u00f6zlerin tutuldu\u011funu ve depremzedelerin s\u0131cak yuvalar\u0131na kavu\u015ftu\u011funu ifade eden \u0130nan, &#8220;Bug\u00fcn deprem b\u00f6lgesinde y\u00fcz binlerce karde\u015fimiz s\u0131cak yuvas\u0131na kavu\u015ftuysa, \u015fehirlerimiz yeniden aya\u011fa kalkt\u0131ysa, bu en ba\u015fta sizlerin sayesindedir. E\u011fer siz, 2023&#8217;te o kritik virajda bize omuz vermeseydiniz, e\u011fer siz, Erzurumlu karde\u015flerimizin o sars\u0131lmaz deste\u011fiyle &#8216;yaparsa Recep Tayyip Erdo\u011fan Yapar&#8217; demeseydiniz, bug\u00fcn deprem b\u00f6lgesindeki o karde\u015flerimiz bu deste\u011fe, bu hizmete asla ula\u015famazd\u0131.&#8221; dedi.<\/p>\n<p>\u0130nan, asr\u0131n felaketinin ard\u0131ndan \u015fehirler yeniden kurulurken \u0130zmir&#8217;de basit ya\u011fmurda bile \u015fehri y\u00f6netemeyen bir yerel y\u00f6netim acziyetiyle kar\u015f\u0131 kar\u015f\u0131ya kal\u0131nd\u0131\u011f\u0131n\u0131 anlatt\u0131.<\/p>\n<p>Bug\u00fcne kadar \u0130zmir&#8217;in zarar g\u00f6rmemesi i\u00e7in sustuklar\u0131n\u0131, yap\u0131c\u0131 olduklar\u0131n\u0131, fakat nezaketlerinin zay\u0131fl\u0131k san\u0131ld\u0131\u011f\u0131n\u0131 kaydeden \u0130nan, \u015f\u00f6yle konu\u015ftu: <\/p>\n<p>&#8220;Say\u0131n Tugay g\u00f6reve geldi\u011fin g\u00fcnden beri &#8216;\u00e7\u00f6p tesisi yapaca\u011f\u0131z&#8217; diye vaatlerde bulunuyorsun. Bak\u0131n 2026 y\u0131l\u0131na girdik. Hala \u00e7\u0131km\u0131\u015f bize eyl\u00fcl ay\u0131ndan itibaren &#8216;ba\u015fvuru yapaca\u011f\u0131m ve imza ataca\u011f\u0131m&#8217; diyor. Her zaman oldu\u011fu gibi b\u00fcrokratik vakitler \u00fcretiyor. Art\u0131k buradan s\u00f6yl\u00fcyoruz, itiraz\u0131m\u0131z\u0131 dile getiriyoruz. Bu rehaveti, bu a\u011f\u0131rl\u0131\u011f\u0131 \u00fczerinizden at\u0131n. Sizin siyasi tembelli\u011finizden dolay\u0131 \u0130zmirliler, Erzurumlular asla ve asla \u0130zmir&#8217;de \u00e7\u00f6p da\u011flar\u0131na mahkum kalmak zorunda de\u011fil. \u0130ftira atarak art\u0131k sa\u011fa sola \u015fu ba\u015far\u0131s\u0131zl\u0131klar\u0131n\u0131z\u0131 \u00f6rtme \u00e7aban\u0131zdan da vazge\u00e7in. Biz \u0130zmir&#8217;de yerel y\u00f6netim zafiyetlerini iftiralarla sineye \u00e7ekecek asla de\u011filiz. Form\u00fcl \u00e7ok basit. Atomu par\u00e7alam\u0131yorsunuz. Bir, \u0130zmir&#8217;e o \u00e7\u00f6p tesisini yapacaks\u0131n\u0131z. \u0130ki, \u0130zmir&#8217;de su ve kay\u0131p ka\u00e7a\u011f\u0131 \u00f6nleyeceksiniz. \u00dc\u00e7, kapkara hale getirdi\u011finiz k\u00f6rfezi masmavi hale getireceksiniz.&#8221;<\/p>\n<p>Ele\u015ftirisini s\u00fcrd\u00fcren \u0130nan, \u0130zmirlilerin yerel hizmetler i\u00e7in kendilerine oy verdi\u011fini, yapam\u0131yorlarsa mazeret \u00fcretmemeleri gerekti\u011fini s\u00f6yledi.<\/p>\n<p>Belediye Ba\u015fkan\u0131 Tugay&#8217;\u0131n CHP&#8217;li \u0130zmir milletvekilleriyle sorun ya\u015fad\u0131\u011f\u0131na i\u015faret eden \u0130nan, &#8220;O dedikodusunu yapt\u0131\u011f\u0131n vekiller, onlar bu ilden aktarmal\u0131 \u015fekilde milletvekili oldular. Oyu ald\u0131lar, \u015fimdi ise aktarmal\u0131 \u0130zmir milletvekilli\u011fi yap\u0131yorlar. Onlar i\u00e7in \u0130zmir sadece ve sadece bir durak. Biz ise aktarmas\u0131z do\u011frudan bizatihi \u0130zmirliyiz. Bizim k\u00f6k\u00fcm\u00fcz de \u00f6l\u00fcm\u00fcz de rotam\u0131z da burada.&#8221; ifadelerini kulland\u0131.<\/p>\n<p>\u0130nan, bal\u0131\u011f\u0131n ba\u015ftan koktu\u011funu s\u00f6yleyerek, konu\u015fmas\u0131n\u0131 \u015f\u00f6yle s\u00fcrd\u00fcrd\u00fc: <\/p>\n<p>&#8220;Y\u0131llarca biz CHP zihniyeti i\u00e7in ne dedik? \u00c7\u00f6p, \u00e7amur, \u00e7ukur. Ama \u015fimdi yeni \u00fc\u00e7 \u015fey daha eklendi. H\u0131rs\u0131zl\u0131k, r\u00fc\u015fvet, yolsuzluk. T\u00fcrk siyasetinde g\u00f6r\u00fclmemi\u015f bir \u00e7\u0131kar \u015febekesi ana muhalefetin de i\u00e7ine \u00e7\u00f6km\u00fc\u015f durumda. Ne proje var, ne eser var, ne de millete fayda sa\u011flayan tek bir ad\u0131m var. Buradan Cumhuriyet Halk Partisi Genel Ba\u015fkan\u0131 Say\u0131n \u00d6zg\u00fcr \u00d6zel&#8217;e de sesleniyoruz. Say\u0131n \u00d6zg\u00fcr \u00d6zel, deprem b\u00f6lgesine turist gibi gelip gidiyorsun. Ama g\u00f6r\u00fcyoruz ki deprem b\u00f6lgesinde turist gibi dola\u015fmaktan ba\u015fka bir \u015fey de yapm\u0131yorsun. Ac\u0131 \u00fczerinden siyaset dev\u015firmeyi, oradaki yaralar\u0131 ka\u015f\u0131may\u0131 b\u0131rak. E\u011fer ger\u00e7ekten i\u015f yapmak istiyorsan, e\u011fer ger\u00e7ekten bir sorumluluk almak istiyorsan \u0130zmir&#8217;e gel. \u0130zmir&#8217;in hakk\u0131n\u0131 buradan savun. Kendi belediyen maa\u015f \u00f6deyemiyor, \u00e7\u00f6p\u00fc toplayam\u0131yor. &#8216;Orada turistik gezi yapaca\u011f\u0131na gel partinin \u0130zmir&#8217;de y\u00f6netti\u011fi \u015fu \u015fehrin ve CHP&#8217;li belediyenin haline bak&#8217; diyoruz. Gel \u0130zmir ile y\u00fczle\u015f. Emin olun ki gelemezler, y\u00fczleri yok. \u00c7\u00fcnk\u00fc \u0130zmirlinin oyunu al\u0131p beceriksizli\u011fin, bahanelerin arkas\u0131na saklanmak, Ankara&#8217;da yan gelip yatmak emin olun ki siyaset de\u011fil.&#8221;<\/p>\n<p>Programda Vali S\u00fcleyman Elban, AK Parti \u0130zmir milletvekilleri Ceyda B\u00f6l\u00fcnmez \u00c7ank\u0131r\u0131, Ya\u015far K\u0131rkp\u0131nar ve MHP \u0130l Ba\u015fkan\u0131 Veysel \u015eahin de konu\u015fma yapt\u0131.<\/p>\n","protected":false},"excerpt":{"rendered":"<p>AK Parti Genel Sekreteri ve \u0130zmir Milletvekili Eyy\u00fcp Kadir \u0130nan, \u0130zmir B\u00fcy\u00fck\u015fehir Belediye Ba\u015fkan\u0131 Cemil Tugay ve CHP&#8217;li milletvekillerini ele\u015ftirerek, kentte \u00e7\u00f6p, su ve k\u00f6rfez sorunlar\u0131n\u0131n \u00e7\u00f6z\u00fclmedi\u011fini s\u00f6yledi.<\/p>\n","protected":false},"author":1,"featured_media":0,"comment_status":"open","ping_status":"open","sticky":false,"template":"","format":"standard","meta":{"footnotes":""},"categories":[12],"tags":[3309,60,3037,2501,978],"class_list":["post-69808","post","type-post","status-publish","format-standard","hentry","category-siyaset","tag-cop","tag-deprem","tag-gel","tag-inan","tag-izmir"],"_links":{"self":[{"href":"https:\/\/bihavadis.com\/index.php\/wp-json\/wp\/v2\/posts\/69808","targetHints":{"allow":["GET"]}}],"collection":[{"href":"https:\/\/bihavadis.com\/index.php\/wp-json\/wp\/v2\/posts"}],"about":[{"href":"https:\/\/bihavadis.com\/index.php\/wp-json\/wp\/v2\/types\/post"}],"author":[{"embeddable":true,"href":"https:\/\/bihavadis.com\/index.php\/wp-json\/wp\/v2\/users\/1"}],"replies":[{"embeddable":true,"href":"https:\/\/bihavadis.com\/index.php\/wp-json\/wp\/v2\/comments?post=69808"}],"version-history":[{"count":1,"href":"https:\/\/bihavadis.com\/index.php\/wp-json\/wp\/v2\/posts\/69808\/revisions"}],"predecessor-version":[{"id":69809,"href":"https:\/\/bihavadis.com\/index.php\/wp-json\/wp\/v2\/posts\/69808\/revisions\/69809"}],"wp:attachment":[{"href":"https:\/\/bihavadis.com\/index.php\/wp-json\/wp\/v2\/media?parent=69808"}],"wp:term":[{"taxonomy":"category","embeddable":true,"href":"https:\/\/bihavadis.com\/index.php\/wp-json\/wp\/v2\/categories?post=69808"},{"taxonomy":"post_tag","embeddable":true,"href":"https:\/\/bihavadis.com\/index.php\/wp-json\/wp\/v2\/tags?post=69808"}],"curies":[{"name":"wp","href":"https:\/\/api.w.org\/{rel}","templated":true}]}}