{"id":6983,"date":"2026-01-30T22:42:09","date_gmt":"2026-01-30T22:42:09","guid":{"rendered":"https:\/\/bihavadis.com\/?p=6983"},"modified":"2026-01-30T22:42:09","modified_gmt":"2026-01-30T22:42:09","slug":"chp-danismani-serdar-ozkanatoglunun-cesedi-bulundu","status":"publish","type":"post","link":"https:\/\/bihavadis.com\/index.php\/2026\/01\/30\/chp-danismani-serdar-ozkanatoglunun-cesedi-bulundu\/","title":{"rendered":"CHP Dan\u0131\u015fman\u0131 Serdar \u00d6zkanato\u011flu&#8217;nun Cesedi Bulundu"},"content":{"rendered":"<p>\n<p>CHP Ankara Milletvekili Umut Akdo\u011fan&#8217;\u0131n bir d\u00f6nem dan\u0131\u015fmanl\u0131\u011f\u0131n\u0131 yapan Serdar \u00d6zkanato\u011flu&#8217;nun, Mavi G\u00f6l&#8217;de cans\u0131z bedeni bulundu. \u00d6zkanato\u011flu&#8217;nun e\u015fine &#8216;Hakk\u0131n\u0131z\u0131 helal edin&#8217; mesaj\u0131 att\u0131\u011f\u0131 \u00f6\u011frenildi.<\/p>\n<p>Olay, Mamak il\u00e7esindeki Mavi G\u00f6l&#8217;de meydana geldi. CHP Ankara Milletvekili Umut Akdo\u011fan&#8217;\u0131n eski dan\u0131\u015fman\u0131 Serdar \u00d6zkanato\u011flu, 2 g\u00fcn \u00f6nce e\u015fiyle tart\u0131\u015f\u0131p evden ayr\u0131ld\u0131ktan sonra geri d\u00f6nmedi. \u00d6zkanato\u011flu&#8217;na ula\u015famayan ailesi, polise kay\u0131p ilan\u0131nda bulundu. D\u00fcn Mavi G\u00f6l&#8217;de ceset bulundu\u011fu ihbar\u0131 \u00fczerine b\u00f6lgeye ekipler sevk edildi. Jandarma ekipleri, cesedin \u00d6zkanato\u011flu&#8217;na ait oldu\u011funu belirledi. \u00d6zkanato\u011flu&#8217;nun e\u015fine &#8216;Hakk\u0131n\u0131z\u0131 helal edin&#8217; diye mesaj att\u0131\u011f\u0131 \u00f6\u011frenildi. Olayla ilgili soru\u015fturma ba\u015flat\u0131l\u0131rken, Serdar \u00d6zkanato\u011flu&#8217;nun cenazesi, kesin \u00f6l\u00fcm nedeninin belirlenmesi i\u00e7in otopsi yap\u0131lmak \u00fczere Adli T\u0131p Kurumu&#8217;na kald\u0131r\u0131ld\u0131. <\/p>\n<p>\u00d6zkanato\u011flu&#8217;nun cenazesi, bug\u00fcn Mamak Ortak\u00f6y Mezarl\u0131\u011f\u0131&#8217;nda topra\u011fa verilecek. <\/p>\n","protected":false},"excerpt":{"rendered":"<p>Serdar \u00d6zkanato\u011flu&#8217;nun cans\u0131z bedeni Mavi G\u00f6l&#8217;de bulundu, olayla ilgili soru\u015fturma ba\u015flat\u0131ld\u0131.<\/p>\n","protected":false},"author":1,"featured_media":6984,"comment_status":"open","ping_status":"open","sticky":false,"template":"","format":"standard","meta":{"footnotes":""},"categories":[9,4,13],"tags":[],"class_list":["post-6983","post","type-post","status-publish","format-standard","has-post-thumbnail","hentry","category-genel","category-gundem","category-son-dakika"],"_links":{"self":[{"href":"https:\/\/bihavadis.com\/index.php\/wp-json\/wp\/v2\/posts\/6983","targetHints":{"allow":["GET"]}}],"collection":[{"href":"https:\/\/bihavadis.com\/index.php\/wp-json\/wp\/v2\/posts"}],"about":[{"href":"https:\/\/bihavadis.com\/index.php\/wp-json\/wp\/v2\/types\/post"}],"author":[{"embeddable":true,"href":"https:\/\/bihavadis.com\/index.php\/wp-json\/wp\/v2\/users\/1"}],"replies":[{"embeddable":true,"href":"https:\/\/bihavadis.com\/index.php\/wp-json\/wp\/v2\/comments?post=6983"}],"version-history":[{"count":1,"href":"https:\/\/bihavadis.com\/index.php\/wp-json\/wp\/v2\/posts\/6983\/revisions"}],"predecessor-version":[{"id":6985,"href":"https:\/\/bihavadis.com\/index.php\/wp-json\/wp\/v2\/posts\/6983\/revisions\/6985"}],"wp:featuredmedia":[{"embeddable":true,"href":"https:\/\/bihavadis.com\/index.php\/wp-json\/wp\/v2\/media\/6984"}],"wp:attachment":[{"href":"https:\/\/bihavadis.com\/index.php\/wp-json\/wp\/v2\/media?parent=6983"}],"wp:term":[{"taxonomy":"category","embeddable":true,"href":"https:\/\/bihavadis.com\/index.php\/wp-json\/wp\/v2\/categories?post=6983"},{"taxonomy":"post_tag","embeddable":true,"href":"https:\/\/bihavadis.com\/index.php\/wp-json\/wp\/v2\/tags?post=6983"}],"curies":[{"name":"wp","href":"https:\/\/api.w.org\/{rel}","templated":true}]}}