{"id":69904,"date":"2026-03-15T16:27:08","date_gmt":"2026-03-15T16:27:08","guid":{"rendered":"https:\/\/bihavadis.com\/?p=69904"},"modified":"2026-03-15T16:27:08","modified_gmt":"2026-03-15T16:27:08","slug":"abd-icin-buyuk-gun-kongre-uyeleri-epstein-belgelerine-sansursuz-ulasacak","status":"publish","type":"post","link":"https:\/\/bihavadis.com\/index.php\/2026\/03\/15\/abd-icin-buyuk-gun-kongre-uyeleri-epstein-belgelerine-sansursuz-ulasacak\/","title":{"rendered":"ABD i\u00e7in b\u00fcy\u00fck g\u00fcn: Kongre \u00fcyeleri Epstein belgelerine sans\u00fcrs\u00fcz ula\u015facak"},"content":{"rendered":"<p>ABD Adalet Bakanl\u0131\u011f\u0131, Kongre \u00fcyelerinin Jeffrey Epstein dosyalar\u0131n\u0131 sans\u00fcrs\u00fcz \u015fekilde incelemesine onay verdi. Karara g\u00f6re Kongre \u00fcyeleri, pazartesi g\u00fcn\u00fcnden itibaren belgeleri eri\u015fime a\u00e7\u0131lm\u0131\u015f haliyle inceleyebilecek. Ayn\u0131 g\u00fcn, Epstein&#8217;\u0131n en yak\u0131n\u0131ndaki isim ve orta\u011f\u0131 olarak bilinen Ghislaine Maxwell&#8217;in de ABD Kongresi&#8217;nde ifade vermeye ba\u015flamas\u0131 bekleniyor.<\/p>\n<p><b>EPSTE\u0130N BELGELER\u0130 SANS\u00dcRS\u00dcZ \u0130NCELENECEK <\/b><\/p>\n<p>ABD Adalet Bakanl\u0131\u011f\u0131&#8217;n\u0131n verdi\u011fi onayla birlikte, uzun s\u00fcredir kamuoyunda tart\u0131\u015fma konusu olan Epstein belgeleri ilk kez Kongre \u00fcyeleri taraf\u0131ndan herhangi bir karartma olmaks\u0131z\u0131n incelenecek. Belgelerde, Epstein&#8217;\u0131n siyasi, finansal ve sosyal \u00e7evresiyle olan ili\u015fkilerine dair \u00e7ok say\u0131da kritik ba\u015fl\u0131k bulundu\u011fu belirtiliyor.<\/p>\n<p>Yetkililer, incelemenin pazartesi g\u00fcn\u00fc resmen ba\u015flayaca\u011f\u0131n\u0131 ve s\u00fcrecin Kongre denetimi alt\u0131nda y\u00fcr\u00fct\u00fclece\u011fini aktard\u0131.<\/p>\n<p><b>GH\u0130SLA\u0130NE MAXWELL KONGRE&#8217;DE \u0130FADE VERMEYE BA\u015eLAYACAK <\/b><\/p>\n<p>Ayn\u0131 g\u00fcn, Epstein&#8217;\u0131n y\u0131llarca yan\u0131ndan ay\u0131rmad\u0131\u011f\u0131 ve su\u00e7 a\u011f\u0131n\u0131n kilit isimlerinden biri olarak g\u00f6r\u00fclen eski orta\u011f\u0131 Ghislaine Maxwell&#8217;in de ABD Kongresi&#8217;nde ifade vermeye ba\u015flamas\u0131 bekleniyor. Maxwell, Epstein davas\u0131nda hayatta olan ve s\u00fcrecin tamam\u0131na yak\u0131ndan tan\u0131kl\u0131k etmi\u015f tek kilit isim olarak de\u011ferlendiriliyor.<\/p>\n<p><b>YA\u015eAYAN TEK TANIK <\/b><\/p>\n<p>ABD bas\u0131n\u0131nda ve siyasi kulislerde Maxwell i\u00e7in &#8220;karanl\u0131k s\u00fcrecin ya\u015fayan tek tan\u0131\u011f\u0131&#8221; tan\u0131mlamas\u0131 yap\u0131l\u0131yor. Epstein&#8217;\u0131n \u00f6l\u00fcm\u00fcyle birlikte bir\u00e7ok iddian\u0131n ayd\u0131nlat\u0131lamad\u0131\u011f\u0131na dikkat \u00e7eken uzmanlar, Maxwell&#8217;in anlatacaklar\u0131n\u0131n yaln\u0131zca bireysel su\u00e7lar\u0131 de\u011fil, sistemin nas\u0131l i\u015fledi\u011fini de ortaya koyabilece\u011fini ifade ediyor.<\/p>\n<p><b>DEPREM ETK\u0130S\u0130 BEKLEN\u0130YOR <\/b><\/p>\n<p>Kongre kulislerine g\u00f6re, Maxwell&#8217;in verece\u011fi ifadenin ve ayn\u0131 anda a\u00e7\u0131lacak Epstein belgelerinin ABD siyasetinde ve kamuoyunda deprem etkisi yaratmas\u0131 bekleniyor. Belgelerde yer alan isimler ve ili\u015fkiler a\u011f\u0131na dair detaylar\u0131n, yeni soru\u015fturmalar\u0131n ve siyasi tart\u0131\u015fmalar\u0131n \u00f6n\u00fcn\u00fc a\u00e7abilece\u011fi d\u00fc\u015f\u00fcn\u00fcl\u00fcyor.<\/p>\n","protected":false},"excerpt":{"rendered":"<p>ABD 9 \u015eubat Pazartesi g\u00fcn\u00fcne kilitlendi. ABD Adalet Bakanl\u0131\u011f\u0131&#8217;n\u0131n, Kongre \u00fcyelerinin Jeffrey Epstein dosyalar\u0131n\u0131 sans\u00fcrs\u00fcz \u015fekilde incelemesine onay vermesiyle, vekiller pazartesi g\u00fcn\u00fcnden itibaren belgeleri en yal\u0131n haliyle inceleyebilecek. Ayn\u0131 g\u00fcn Epstein&#8217;\u0131n en yak\u0131n\u0131ndaki isim ve orta\u011f\u0131 olarak bilinen Ghislaine Maxwell&#8217;in de ABD Kongresi&#8217;nde ifade vermeye ba\u015flamas\u0131 bekleniyor. Bu iki geli\u015fmenin ABD&#8217;de g\u00fcndemi sarsmas\u0131 bekleniyor.<\/p>\n","protected":false},"author":1,"featured_media":69905,"comment_status":"open","ping_status":"open","sticky":false,"template":"","format":"standard","meta":{"footnotes":""},"categories":[12],"tags":[272,2183,561,5005,4478],"class_list":["post-69904","post","type-post","status-publish","format-standard","has-post-thumbnail","hentry","category-siyaset","tag-abd","tag-epstein","tag-ifade","tag-kongre","tag-maxwell"],"_links":{"self":[{"href":"https:\/\/bihavadis.com\/index.php\/wp-json\/wp\/v2\/posts\/69904","targetHints":{"allow":["GET"]}}],"collection":[{"href":"https:\/\/bihavadis.com\/index.php\/wp-json\/wp\/v2\/posts"}],"about":[{"href":"https:\/\/bihavadis.com\/index.php\/wp-json\/wp\/v2\/types\/post"}],"author":[{"embeddable":true,"href":"https:\/\/bihavadis.com\/index.php\/wp-json\/wp\/v2\/users\/1"}],"replies":[{"embeddable":true,"href":"https:\/\/bihavadis.com\/index.php\/wp-json\/wp\/v2\/comments?post=69904"}],"version-history":[{"count":1,"href":"https:\/\/bihavadis.com\/index.php\/wp-json\/wp\/v2\/posts\/69904\/revisions"}],"predecessor-version":[{"id":69906,"href":"https:\/\/bihavadis.com\/index.php\/wp-json\/wp\/v2\/posts\/69904\/revisions\/69906"}],"wp:featuredmedia":[{"embeddable":true,"href":"https:\/\/bihavadis.com\/index.php\/wp-json\/wp\/v2\/media\/69905"}],"wp:attachment":[{"href":"https:\/\/bihavadis.com\/index.php\/wp-json\/wp\/v2\/media?parent=69904"}],"wp:term":[{"taxonomy":"category","embeddable":true,"href":"https:\/\/bihavadis.com\/index.php\/wp-json\/wp\/v2\/categories?post=69904"},{"taxonomy":"post_tag","embeddable":true,"href":"https:\/\/bihavadis.com\/index.php\/wp-json\/wp\/v2\/tags?post=69904"}],"curies":[{"name":"wp","href":"https:\/\/api.w.org\/{rel}","templated":true}]}}