{"id":6995,"date":"2026-01-30T22:54:06","date_gmt":"2026-01-30T22:54:06","guid":{"rendered":"https:\/\/bihavadis.com\/?p=6995"},"modified":"2026-01-30T22:54:06","modified_gmt":"2026-01-30T22:54:06","slug":"konya-buyuksehir-2025-yilinda-rekor-seviyede-su-temini-sagladi-baskan-altay-saglikli-ve-kesintisiz-icme-suyu-icin-tedbirleri-onceden-alarak-calisiyoruz","status":"publish","type":"post","link":"https:\/\/bihavadis.com\/index.php\/2026\/01\/30\/konya-buyuksehir-2025-yilinda-rekor-seviyede-su-temini-sagladi-baskan-altay-saglikli-ve-kesintisiz-icme-suyu-icin-tedbirleri-onceden-alarak-calisiyoruz\/","title":{"rendered":"Konya B\u00fcy\u00fck\u015fehir 2025 Y\u0131l\u0131nda Rekor Seviyede Su Temini Sa\u011flad\u0131 Ba\u015fkan Altay: &#8220;Sa\u011fl\u0131kl\u0131 ve Kesintisiz \u0130\u00e7me Suyu \u0130\u00e7in Tedbirleri \u00d6nceden Alarak \u00c7al\u0131\u015f\u0131yoruz&#8221;"},"content":{"rendered":"<p><strong>Konya B\u00fcy\u00fck\u015fehir Belediyesi KOSK\u0130 Genel M\u00fcd\u00fcrl\u00fc\u011f\u00fc\u2019n\u00fcn 2025 y\u0131l\u0131 su temin \u00e7al\u0131\u015fmalar\u0131 kapsam\u0131nda, Konya genelinde 179 farkl\u0131 noktada ger\u00e7ekle\u015ftirilen sondaj \u00e7al\u0131\u015fmalar\u0131yla toplam 2.146 litre\/saniye i\u015fletme debili su temini sa\u011fland\u0131. Konya B\u00fcy\u00fck\u015fehir Belediye Ba\u015fkan\u0131 U\u011fur \u0130brahim Altay, susuzlu\u011fun en fazla etkiledi\u011fi \u015fehir olan Konya\u2019da i\u00e7me ve kullanma suyu sorunu ya\u015fanmamas\u0131 i\u00e7in tedbirleri \u00f6nceden alarak yat\u0131r\u0131mlar yapt\u0131klar\u0131n\u0131 belirterek, ge\u00e7ti\u011fimiz y\u0131l su temin \u00e7al\u0131\u015fmalar\u0131nda kurum tarihinin en y\u00fcksek seviyesine ula\u015ft\u0131klar\u0131n\u0131 s\u00f6yledi. Ba\u015fkan Altay, \u201cSu, hayat\u0131n temelidir. Hem\u015ferilerimize sa\u011fl\u0131kl\u0131 ve kesintisiz i\u00e7me suyu sa\u011flamak i\u00e7in tedbirleri \u00f6nceden alarak \u00e7al\u0131\u015fmalar\u0131m\u0131z\u0131 kararl\u0131l\u0131kla s\u00fcrd\u00fcr\u00fcyoruz\u201d dedi.\u00a0<\/strong><\/p>\n<hr\/>\n<p>Konya B\u00fcy\u00fck\u015fehir Belediyesi KOSK\u0130 Genel M\u00fcd\u00fcrl\u00fc\u011f\u00fc, artan n\u00fcfus, iklim de\u011fi\u015fikli\u011fi ve kurakl\u0131k risklerine kar\u015f\u0131 su temin \u00e7al\u0131\u015fmalar\u0131n\u0131 aral\u0131ks\u0131z s\u00fcrd\u00fcr\u00fcyor.<\/p>\n<p>KOSK\u0130 taraf\u0131ndan 2025 y\u0131l\u0131nda 179 farkl\u0131 noktada y\u00fcr\u00fct\u00fclen su temin \u00e7al\u0131\u015fmas\u0131, kurum tarihinde rekor seviyeye ula\u015farak 2024 y\u0131l\u0131na k\u0131yasla d\u00f6rt kat art\u0131\u015f g\u00f6sterdi.<\/p>\n<p>Konya B\u00fcy\u00fck\u015fehir Belediye Ba\u015fkan\u0131 U\u011fur \u0130brahim Altay, susuzlu\u011fun en fazla etkiledi\u011fi \u015fehir olan Konya\u2019da i\u00e7me ve kullanma suyu sorunu ya\u015fanmamas\u0131 i\u00e7in tedbirleri \u00f6nceden alarak yat\u0131r\u0131mlar yapt\u0131klar\u0131n\u0131 belirterek, bu kapsamda 2025 y\u0131l\u0131 boyunca 25 il\u00e7ede y\u00fcr\u00fctt\u00fckleri su temini \u00e7al\u0131\u015fmalar\u0131 ile yeni su kaynaklar\u0131n\u0131n devreye al\u0131nd\u0131\u011f\u0131n\u0131 belirtti. Barajlardaki su seviyesinin azalmas\u0131 dolay\u0131s\u0131yla, \u00f6nceden tedbir alarak a\u00e7t\u0131klar\u0131 sondaj kuyular\u0131 sayesinde Konyal\u0131lar\u0131n i\u00e7me ve kullanma suyu ihtiyac\u0131n\u0131 kar\u015f\u0131lad\u0131klar\u0131n\u0131 dile getiren Ba\u015fkan Altay, bu \u00e7al\u0131\u015fmalarla \u00f6zellikle yaz aylar\u0131nda ya\u015fanabilecek su s\u0131k\u0131nt\u0131lar\u0131n\u0131n \u00f6n\u00fcne ge\u00e7tiklerini kaydetti.<\/p>\n<p><strong>\u201cYATIRIMLAR KONYA\u2019NIN BUG\u00dcN\u00dc KADAR GELECE\u011e\u0130 \u0130\u00c7\u0130N DE \u00d6NEML\u0130\u201d<\/strong><\/p>\n<p>Su temin \u00e7al\u0131\u015fmalar\u0131nda kurum tarihinin en y\u00fcksek seviyesine ula\u015ft\u0131klar\u0131n\u0131 belirten Ba\u015fkan Altay, \u201cKOSK\u0130 Genel M\u00fcd\u00fcrl\u00fc\u011f\u00fcm\u00fcz taraf\u0131ndan 2025 y\u0131l\u0131 i\u00e7erisinde Konya genelinde 179 ayr\u0131 noktada ger\u00e7ekle\u015ftirilen sondaj \u00e7al\u0131\u015fmalar\u0131yla toplam 38 bin 428 metre sondaj delgi \u00e7al\u0131\u015fmas\u0131 yap\u0131lm\u0131\u015ft\u0131r. Bu \u00e7al\u0131\u015fmalar sonucunda toplam 2.146 litre\/saniye debi suyu \u015fehrimizin hizmetine sunduk. Yap\u0131lan \u00e7al\u0131\u015fmalar neticesinde 2025 y\u0131l\u0131 itibar\u0131yla toplam maksimum debi 2.453 litre\/saniye, toplam i\u015fletme debisi 2.146 litre\/saniye olarak ger\u00e7ekle\u015fti. \u00d6zellikle Meram, Sel\u00e7uklu, Karatay ve Kulu il\u00e7elerimizde ger\u00e7ekle\u015ftirdi\u011fimiz y\u00fcksek debili sondaj \u00e7al\u0131\u015fmalar\u0131yla su temin kapasitesi \u00f6nemli \u00f6l\u00e7\u00fcde art\u0131r\u0131ld\u0131. Su, hayat\u0131n temelidir. Hem\u015ferilerimize sa\u011fl\u0131kl\u0131 ve kesintisiz i\u00e7me suyu sa\u011flamak i\u00e7in tedbirleri \u00f6nceden alarak \u00e7al\u0131\u015fmalar\u0131m\u0131z\u0131 kararl\u0131l\u0131kla s\u00fcrd\u00fcr\u00fcyoruz. Ger\u00e7ekle\u015ftirdi\u011fimiz bu yat\u0131r\u0131mlar, Konya\u2019m\u0131z\u0131n bug\u00fcn\u00fc kadar gelece\u011fi i\u00e7in de b\u00fcy\u00fck \u00f6nem ta\u015f\u0131yor\u201d dedi.<br \/>\u00a0<br \/><strong>2025 YILI SU TEM\u0130N \u00c7ALI\u015eMALARI YILLIK ORTALAMANIN 3 KATINDAN FAZLA<\/strong><\/p>\n<p>Konya B\u00fcy\u00fck\u015fehir Belediyesi KOSK\u0130 Genel M\u00fcd\u00fcrl\u00fc\u011f\u00fc, 2023 y\u0131l\u0131nda 51, 2024 y\u0131l\u0131nda 44 farkl\u0131 noktada sondaj \u00e7al\u0131\u015fmas\u0131 yapm\u0131\u015ft\u0131. En son 2015 y\u0131l\u0131nda 100\u2019\u00fc a\u015fan sondaj \u00e7al\u0131\u015fmalar\u0131, y\u0131ll\u0131k ortalama 50 farkl\u0131 nokta olarak ger\u00e7ekle\u015fiyor. Su azl\u0131\u011f\u0131 sebebiyle 2025 y\u0131l\u0131nda yap\u0131lan 179 sondaj \u00e7al\u0131\u015fmas\u0131 bu bak\u0131mdan rekor niteli\u011fi ta\u015f\u0131yor.<br \/>\u00a0<\/p>\n<p>Kaynak: (BYZHA) Beyaz Haber Ajans\u0131<\/p>\n","protected":false},"excerpt":{"rendered":"<p>Konya B\u00fcy\u00fck\u015fehir Belediyesi KOSK\u0130 Genel M\u00fcd\u00fcrl\u00fc\u011f\u00fc\u2019n\u00fcn 2025 y\u0131l\u0131 su temin \u00e7al\u0131\u015fmalar\u0131 kapsam\u0131nda, Konya genelinde 179 farkl\u0131 noktada ger\u00e7ekle\u015ftirilen sondaj \u00e7al\u0131\u015fmalar\u0131yla toplam 2.146 litre\/saniye i\u015fletme debili su temini sa\u011fland\u0131.<\/p>\n","protected":false},"author":1,"featured_media":6996,"comment_status":"open","ping_status":"open","sticky":false,"template":"","format":"standard","meta":{"footnotes":""},"categories":[4],"tags":[398,1448,426,1635,1634],"class_list":["post-6995","post","type-post","status-publish","format-standard","has-post-thumbnail","hentry","category-gundem","tag-2025-yili","tag-buyuksehir-belediye","tag-konya","tag-nokta","tag-sondaj"],"_links":{"self":[{"href":"https:\/\/bihavadis.com\/index.php\/wp-json\/wp\/v2\/posts\/6995","targetHints":{"allow":["GET"]}}],"collection":[{"href":"https:\/\/bihavadis.com\/index.php\/wp-json\/wp\/v2\/posts"}],"about":[{"href":"https:\/\/bihavadis.com\/index.php\/wp-json\/wp\/v2\/types\/post"}],"author":[{"embeddable":true,"href":"https:\/\/bihavadis.com\/index.php\/wp-json\/wp\/v2\/users\/1"}],"replies":[{"embeddable":true,"href":"https:\/\/bihavadis.com\/index.php\/wp-json\/wp\/v2\/comments?post=6995"}],"version-history":[{"count":1,"href":"https:\/\/bihavadis.com\/index.php\/wp-json\/wp\/v2\/posts\/6995\/revisions"}],"predecessor-version":[{"id":6997,"href":"https:\/\/bihavadis.com\/index.php\/wp-json\/wp\/v2\/posts\/6995\/revisions\/6997"}],"wp:featuredmedia":[{"embeddable":true,"href":"https:\/\/bihavadis.com\/index.php\/wp-json\/wp\/v2\/media\/6996"}],"wp:attachment":[{"href":"https:\/\/bihavadis.com\/index.php\/wp-json\/wp\/v2\/media?parent=6995"}],"wp:term":[{"taxonomy":"category","embeddable":true,"href":"https:\/\/bihavadis.com\/index.php\/wp-json\/wp\/v2\/categories?post=6995"},{"taxonomy":"post_tag","embeddable":true,"href":"https:\/\/bihavadis.com\/index.php\/wp-json\/wp\/v2\/tags?post=6995"}],"curies":[{"name":"wp","href":"https:\/\/api.w.org\/{rel}","templated":true}]}}