{"id":6998,"date":"2026-01-30T22:57:05","date_gmt":"2026-01-30T22:57:05","guid":{"rendered":"https:\/\/bihavadis.com\/?p=6998"},"modified":"2026-01-30T22:57:05","modified_gmt":"2026-01-30T22:57:05","slug":"chp-iyi-parti-gorusmesi-sonrasi-ozgur-ozel-aciklama-yapti","status":"publish","type":"post","link":"https:\/\/bihavadis.com\/index.php\/2026\/01\/30\/chp-iyi-parti-gorusmesi-sonrasi-ozgur-ozel-aciklama-yapti\/","title":{"rendered":"CHP-\u0130Y\u0130 Parti g\u00f6r\u00fc\u015fmesi sonras\u0131 \u00d6zg\u00fcr \u00d6zel a\u00e7\u0131klama yapt\u0131"},"content":{"rendered":"<p>CHP Genel Ba\u015fkan\u0131 \u00d6zg\u00fcr \u00d6zel, 18 Ocak&#8217;ta yap\u0131lan \u0130Y\u0130 Parti D\u00f6rd\u00fcnc\u00fc Ola\u011fan Kurultay\u0131&#8217;nda yeniden genel ba\u015fkan se\u00e7ilen M\u00fcsavat Dervi\u015fo\u011flu&#8217;na hay\u0131rl\u0131 olsun ziyareti i\u00e7in \u0130Y\u0130 Parti Genel Merkezi&#8217;ne geldi.<\/p>\n<p>G\u00f6r\u00fc\u015fmenin ard\u0131ndan iki lider ortak bas\u0131n toplant\u0131s\u0131 d\u00fczenledi.<\/p>\n<p><strong>&#8220;CHP, DARBEY\u0130 ARATMAYACAK B\u0130R SALDIRI ALTINDADIR&#8221;<\/strong><\/p>\n<p>\u00d6zg\u00fcr \u00d6zel, \u015funlar\u0131 s\u00f6yledi:<\/p>\n<p>Siyaseten CHP, darbe d\u00f6nemlerini aratmayacak \u015fekilde bir sald\u0131r\u0131 alt\u0131ndad\u0131r. Darbe t\u00fcm siyaset kurumunu bir b\u00fct\u00fcn olarak hedef almaktad\u0131r ve o zor g\u00fcnler t\u00fcm siyaset kurumuyla birlikte katlan\u0131lan, g\u00f6\u011f\u00fcslenilen ve yeniden demokrasi i\u00e7in \u00e7aba sarf edilen d\u00f6nemlerdir.<\/p>\n<p>Bu zorlu bir y\u0131ll\u0131k s\u00fcrecin i\u00e7inde bir yandan da CHP&#8217;ye yap\u0131lan yarg\u0131 darbesi, arkada\u015flar\u0131m\u0131za yap\u0131lan haysiyet suikastlar\u0131 tart\u0131\u015f\u0131l\u0131rken bir yandan da toplum, al\u0131nan ya da al\u0131nmayan her kararla biraz daha ezilmeye devam etmi\u015ftir.<\/p>\n<p><strong>&#8220;TEK UMUT ERKEN SE\u00c7\u0130M SANDI\u011eI&#8221;<\/strong><\/p>\n<p>Amerika&#8217;n\u0131n, \u0130srail&#8217;in, \u00f6n\u00fcm\u00fczdeki s\u00fcre\u00e7te \u0130ran&#8217;da ya\u015fanabilecekler, Suriye&#8217;de ortaya \u00e7\u0131kan tablo ve Amerika ile \u0130ngiltere&#8217;nin kazanmas\u0131 i\u00e7in T\u00fcrkiye&#8217;ye kaybettirmeye \u00e7al\u0131\u015f\u0131lan ve Say\u0131n Erdo\u011fan&#8217;\u0131n Trump ile kurmu\u015f oldu\u011fu muhta\u00e7l\u0131k ili\u015fkisi \u00fczerinden, oralarda me\u015fruiyet aramas\u0131 \u00fczerinden ortaya \u00e7\u0131kan tablodaki t\u00fcm riskleri de\u011ferlendirme, g\u00f6r\u00fc\u015f al\u0131\u015fveri\u015finde bulunma imkan\u0131 da bulduk.<\/p>\n<p>Biz bundan sonraki s\u00fcre\u00e7te CHP olarak art\u0131k emeklinin, i\u015f\u00e7inin, \u00e7ift\u00e7inin, esnaf\u0131n bu iktidardan bir umudunun kalmad\u0131\u011f\u0131n\u0131, tek umudun art\u0131k bir erken se\u00e7im sand\u0131\u011f\u0131 oldu\u011funu ve bu konudaki yakla\u015f\u0131m\u0131m\u0131z\u0131 da bir kez daha ifade ettik.<\/p>\n<p><strong>&#8220;KUSURU OLAN VARSA CEZALANDIRILMASINA H\u0130\u00c7B\u0130R\u0130M\u0130Z KAR\u015eI \u00c7IKMAYIZ&#8221;<\/strong><\/p>\n<p>Ger\u00e7eklerin yan\u0131tlar\u0131n\u0131n verilmesi noktas\u0131nda bir canl\u0131 yay\u0131ndan mahrumuz. \u00d6ncelikle bu konuyu ortaya koymak ve Say\u0131n Bah\u00e7eli&#8217;ye, Say\u0131n Erdo\u011fan&#8217;a bunu bir kez daha hat\u0131rlatmak laz\u0131m.<\/p>\n<p>O g\u00fcnlerde &#8216;canl\u0131 yay\u0131n&#8217; diyordunuz da bug\u00fcnlerde neden cayd\u0131n\u0131z bu canl\u0131 yay\u0131ndan? Siz iddianamelerde ne olaca\u011f\u0131n\u0131 san\u0131yordunuz?<\/p>\n<p>Koskoca CHP&#8217;nin Genel Ba\u015fkan\u0131&#8217;n\u0131n, belediye ba\u015fkanlar\u0131na bu kadar g\u00fcvenmesinin alt\u0131nda bl\u00f6f m\u00fc var sand\u0131n\u0131z? Yoksa yap\u0131lan \u015fantaj bo\u015fa m\u0131 \u00e7\u0131kt\u0131?<\/p>\n<p>\u0130\u015fte iddianameler ortada. Sorular soruluyor, cevaplar veriliyor. Kusuru, hatas\u0131 olan varsa ne onun yarg\u0131lanmas\u0131na ne cezaland\u0131r\u0131lmas\u0131na hi\u00e7birimiz kar\u015f\u0131 \u00e7\u0131kmay\u0131z.<\/p>\n<p><img decoding=\"async\" src=\"https:\/\/bihavadis.com\/wp-content\/uploads\/2026\/01\/chp-iyi-parti-gorusmesi-sonrasi-ozgur-ozel-aciklama-yapti-0-gUWEZ2Bp.jpg\"\/><\/p>\n<p><strong>&#8220;560 M\u0130LYAR YOLSUZLUK OLSAYDI BEN O SALONA G\u0130REB\u0130L\u0130R M\u0130YD\u0130M&#8221;<\/strong><\/p>\n<p>Ben o salonday\u0131m. O salonda duyup da beni mahcup edecek bir \u015fey olsa ben o salona girebilir miyim? Beni o yolda y\u00fcr\u00fct\u00fcrler mi?<\/p>\n<p>O iddialar do\u011fru olsayd\u0131, Ekrem Ba\u015fkan ve arkada\u015flar\u0131m\u0131z\u0131n bulundu\u011fu, bo\u015f valizlerle girip dolarlarla \u00e7\u0131kt\u0131klar\u0131 toplant\u0131lar\u0131n g\u00f6r\u00fcnt\u00fcleri olsayd\u0131 ben sokakta y\u00fcr\u00fcyebilir miydim? Parkeyi kald\u0131r\u0131p da \u0130BB&#8217;de parkenin alt\u0131ndan 2 milyon euro \u00e7\u0131kan g\u00f6r\u00fcnt\u00fcler olsayd\u0131 ben o mahkemeye gidebilir miydim?<\/p>\n<p>O iddianameler olsayd\u0131, eklerinde bu videolar olsayd\u0131, delillerinin y\u00fcklendi\u011fi portallara s\u00f6yledikleri gibi bin 200 tane cep telefonun al\u0131n\u0131p delegelere da\u011f\u0131t\u0131lsayd\u0131, 560 milyar yolsuzluk olsayd\u0131 ben o salona girebilir miydim?<\/p>\n<p><strong>&#8220;770 YILLA YARGILANAN K\u0130\u015e\u0130N\u0130N ETRAFINDA 15 TANE DEVLET KORUMASININ \u0130\u015e\u0130 NED\u0130R?&#8221;<\/strong><\/p>\n<p>Aziz \u0130hsan Akta\u015f da Erdo\u011fanlar\u0131n kap\u0131dan girdi. Say\u0131n Erdo\u011fan&#8217;\u0131n atad\u0131klar\u0131n\u0131n kap\u0131s\u0131ndan girdiler. Ayn\u0131 yerde oturdular, o kap\u0131dan \u00e7\u0131kt\u0131lar gittiler. Benim oraya gitti\u011fim araba partime ait. Aziz \u0130hsan Akta\u015f&#8217;\u0131n oraya geldi\u011fi araban\u0131n kime ait oldu\u011funu hepimiz biliyoruz.<\/p>\n<p>Ve Aziz \u0130hsan Akta\u015f&#8217;\u0131n etraf\u0131nda ana muhalefet partisinin genel ba\u015fkan\u0131na devletin verdi\u011fi korumalardan \u00e7ok koruma vermi\u015fler, Aziz \u0130hsan Akta\u015f&#8217;\u0131 koruyorlar. Kimi, kimden koruyorsunuz? Kimi, hangi kap\u0131dan sokuyorsunuz?<\/p>\n<p>770 y\u0131lla yarg\u0131lanan ve iddianamede &#8216;su\u00e7 \u00f6rg\u00fct\u00fc lideri&#8217; olarak tan\u0131mlanan ki\u015finin etraf\u0131nda 15 tane devlet korumas\u0131n\u0131n i\u015fi nedir?<\/p>\n<p><img decoding=\"async\" src=\"https:\/\/bihavadis.com\/wp-content\/uploads\/2026\/01\/chp-iyi-parti-gorusmesi-sonrasi-ozgur-ozel-aciklama-yapti-1-abDsnZ29.jpg\"\/><\/p>\n","protected":false},"excerpt":{"rendered":"<p>CHP Genel Ba\u015fkan\u0131 \u00d6zg\u00fcr \u00d6zel, su\u00e7 \u00f6rg\u00fct lideri Aziz \u0130hsan Akta\u015f&#8217;\u0131n Silivri Cezaevi&#8217;ndeki duru\u015fmaya hakim ve savc\u0131lara ayr\u0131lan kap\u0131dan girmesine tepki g\u00f6sterdi.<\/p>\n","protected":false},"author":1,"featured_media":6999,"comment_status":"open","ping_status":"open","sticky":false,"template":"","format":"standard","meta":{"footnotes":""},"categories":[9,13],"tags":[516,1637,1636],"class_list":["post-6998","post","type-post","status-publish","format-standard","has-post-thumbnail","hentry","category-genel","category-son-dakika","tag-baskan","tag-chp","tag-olsaydi"],"_links":{"self":[{"href":"https:\/\/bihavadis.com\/index.php\/wp-json\/wp\/v2\/posts\/6998","targetHints":{"allow":["GET"]}}],"collection":[{"href":"https:\/\/bihavadis.com\/index.php\/wp-json\/wp\/v2\/posts"}],"about":[{"href":"https:\/\/bihavadis.com\/index.php\/wp-json\/wp\/v2\/types\/post"}],"author":[{"embeddable":true,"href":"https:\/\/bihavadis.com\/index.php\/wp-json\/wp\/v2\/users\/1"}],"replies":[{"embeddable":true,"href":"https:\/\/bihavadis.com\/index.php\/wp-json\/wp\/v2\/comments?post=6998"}],"version-history":[{"count":1,"href":"https:\/\/bihavadis.com\/index.php\/wp-json\/wp\/v2\/posts\/6998\/revisions"}],"predecessor-version":[{"id":7002,"href":"https:\/\/bihavadis.com\/index.php\/wp-json\/wp\/v2\/posts\/6998\/revisions\/7002"}],"wp:featuredmedia":[{"embeddable":true,"href":"https:\/\/bihavadis.com\/index.php\/wp-json\/wp\/v2\/media\/6999"}],"wp:attachment":[{"href":"https:\/\/bihavadis.com\/index.php\/wp-json\/wp\/v2\/media?parent=6998"}],"wp:term":[{"taxonomy":"category","embeddable":true,"href":"https:\/\/bihavadis.com\/index.php\/wp-json\/wp\/v2\/categories?post=6998"},{"taxonomy":"post_tag","embeddable":true,"href":"https:\/\/bihavadis.com\/index.php\/wp-json\/wp\/v2\/tags?post=6998"}],"curies":[{"name":"wp","href":"https:\/\/api.w.org\/{rel}","templated":true}]}}