{"id":69998,"date":"2026-03-15T17:39:12","date_gmt":"2026-03-15T17:39:12","guid":{"rendered":"https:\/\/bihavadis.com\/?p=69998"},"modified":"2026-03-15T17:39:12","modified_gmt":"2026-03-15T17:39:12","slug":"netanyahudan-washington-hamlesi-ziyaretini-bir-hafta-one-aldi","status":"publish","type":"post","link":"https:\/\/bihavadis.com\/index.php\/2026\/03\/15\/netanyahudan-washington-hamlesi-ziyaretini-bir-hafta-one-aldi\/","title":{"rendered":"Netanyahu&#8217;dan Washington hamlesi: Ziyaretini bir hafta \u00f6ne ald\u0131"},"content":{"rendered":"<p> \u0130srail Ba\u015fbakan\u0131 Benjamin Netanyahu, ABD&#8217;nin \u0130ran ile y\u00fcr\u00fctt\u00fc\u011f\u00fc m\u00fczakerelerin h\u0131z kazand\u0131\u011f\u0131 bir d\u00f6nemde, Donald Trump ile acil g\u00f6r\u00fc\u015fmeler yapmak amac\u0131yla Washington ziyaretini bir hafta \u00f6ne \u00e7ekti.<\/p>\n<p><b>\u00c7AR\u015eAMBA G\u00dcN\u00dc TRUMP \u0130LE G\u00d6R\u00dc\u015eMES\u0130 BEKLEN\u0130YOR <\/b><\/p>\n<p>Netanyahu&#8217;nun Ofisi&#8217;nden yap\u0131lan a\u00e7\u0131klamada, \u0130srail Ba\u015fbakan\u0131&#8217;n\u0131n \u00f6n\u00fcm\u00fczdeki \u00e7ar\u015famba g\u00fcn\u00fc Washington&#8217;da ABD Ba\u015fkan\u0131 Donald Trump ile bir araya gelmesinin beklendi\u011fi belirtildi. G\u00f6r\u00fc\u015fmenin ana g\u00fcndem maddesinin \u0130ran&#8217;la y\u00fcr\u00fct\u00fclen m\u00fczakereler olaca\u011f\u0131 ifade edildi.<\/p>\n<div>\n<figure><img decoding=\"async\" src=\"https:\/\/bihavadis.com\/wp-content\/uploads\/2026\/03\/netanyahudan-washington-hamlesi-ziyaretini-bir-hafta-one-aldi-0-LE4SQjHA.jpg\"\/><\/figure>\n<figure><img decoding=\"async\" src=\"https:\/\/bihavadis.com\/wp-content\/uploads\/2026\/03\/netanyahudan-washington-hamlesi-ziyaretini-bir-hafta-one-aldi-1-tezgePpb.jpg\"\/><\/figure>\n<\/div>\n<p><b>&#8220;BAL\u0130ST\u0130K F\u00dcZELER VE B\u00d6LGESEL DESTEK MASADA OLMALI&#8221;<\/b><\/p>\n<p>A\u00e7\u0131klamada, Netanyahu&#8217;nun \u0130ran&#8217;la yap\u0131lacak olas\u0131 bir anla\u015fman\u0131n yaln\u0131zca n\u00fckleer faaliyetlerle s\u0131n\u0131rl\u0131 kalmamas\u0131 gerekti\u011fi g\u00f6r\u00fc\u015f\u00fcnde oldu\u011fu vurguland\u0131. \u0130srail Ba\u015fbakan\u0131&#8217;n\u0131n, m\u00fczakerelerin \u0130ran&#8217;\u0131n balistik f\u00fcze program\u0131na k\u0131s\u0131tlamalar getirmesini ve Tahran&#8217;\u0131n b\u00f6lgedeki m\u00fcttefiklerine verdi\u011fi deste\u011fin sona erdirilmesini de i\u00e7ermesi gerekti\u011fine inand\u0131\u011f\u0131 kaydedildi.<\/p>\n<p>Netanyahu&#8217;nun Washington temaslar\u0131n\u0131n, Orta Do\u011fu&#8217;da artan gerilim ve \u0130ran dosyas\u0131n\u0131n gelece\u011fi a\u00e7\u0131s\u0131ndan kritik bir d\u00f6neme denk geldi\u011fine dikkat \u00e7ekiliyor. <\/p>\n<p>\u0130ran ile ABD aras\u0131nda sekiz ay aradan sonra, 6 \u015eubat&#8217;ta Umman&#8217;da yap\u0131lan ilk dolayl\u0131 m\u00fczakerelerin ard\u0131ndan m\u00fczakerelere devam edilmesi konusunda mutabakata var\u0131ld\u0131. <\/p>\n","protected":false},"excerpt":{"rendered":"<p>\u0130srail Ba\u015fbakan\u0131 Benjamin Netanyahu, ABD&#8217;nin \u0130ran ile y\u00fcr\u00fctt\u00fc\u011f\u00fc m\u00fczakerelerin h\u0131z kazand\u0131\u011f\u0131 bir d\u00f6nemde, ABD Ba\u015fkan\u0131 Donald Trump ile acil g\u00f6r\u00fc\u015fmeler yapmak i\u00e7in Washington ziyaretini bir hafta \u00f6ne \u00e7ekti. G\u00f6r\u00fc\u015fmenin ana g\u00fcndem maddesi \u0130ran&#8217;la y\u00fcr\u00fct\u00fclen m\u00fczakereler olacak. Netanyahu, ziyarette Trump&#8217;a \u0130ran&#8217;la yap\u0131lacak olas\u0131 bir anla\u015fman\u0131n yaln\u0131zca n\u00fckleer faaliyetlerle s\u0131n\u0131rl\u0131 kalmamas\u0131 gerekti\u011fi g\u00f6r\u00fc\u015f\u00fcn\u00fc iletecek.<\/p>\n","protected":false},"author":1,"featured_media":69999,"comment_status":"open","ping_status":"open","sticky":false,"template":"","format":"standard","meta":{"footnotes":""},"categories":[12],"tags":[271,4515],"class_list":["post-69998","post","type-post","status-publish","format-standard","has-post-thumbnail","hentry","category-siyaset","tag-iran","tag-muzakereler"],"_links":{"self":[{"href":"https:\/\/bihavadis.com\/index.php\/wp-json\/wp\/v2\/posts\/69998","targetHints":{"allow":["GET"]}}],"collection":[{"href":"https:\/\/bihavadis.com\/index.php\/wp-json\/wp\/v2\/posts"}],"about":[{"href":"https:\/\/bihavadis.com\/index.php\/wp-json\/wp\/v2\/types\/post"}],"author":[{"embeddable":true,"href":"https:\/\/bihavadis.com\/index.php\/wp-json\/wp\/v2\/users\/1"}],"replies":[{"embeddable":true,"href":"https:\/\/bihavadis.com\/index.php\/wp-json\/wp\/v2\/comments?post=69998"}],"version-history":[{"count":1,"href":"https:\/\/bihavadis.com\/index.php\/wp-json\/wp\/v2\/posts\/69998\/revisions"}],"predecessor-version":[{"id":70002,"href":"https:\/\/bihavadis.com\/index.php\/wp-json\/wp\/v2\/posts\/69998\/revisions\/70002"}],"wp:featuredmedia":[{"embeddable":true,"href":"https:\/\/bihavadis.com\/index.php\/wp-json\/wp\/v2\/media\/69999"}],"wp:attachment":[{"href":"https:\/\/bihavadis.com\/index.php\/wp-json\/wp\/v2\/media?parent=69998"}],"wp:term":[{"taxonomy":"category","embeddable":true,"href":"https:\/\/bihavadis.com\/index.php\/wp-json\/wp\/v2\/categories?post=69998"},{"taxonomy":"post_tag","embeddable":true,"href":"https:\/\/bihavadis.com\/index.php\/wp-json\/wp\/v2\/tags?post=69998"}],"curies":[{"name":"wp","href":"https:\/\/api.w.org\/{rel}","templated":true}]}}