{"id":70003,"date":"2026-03-15T17:42:09","date_gmt":"2026-03-15T17:42:09","guid":{"rendered":"https:\/\/bihavadis.com\/?p=70003"},"modified":"2026-03-15T17:42:09","modified_gmt":"2026-03-15T17:42:09","slug":"samsunspor-fk-shkendijayi-eledi-ve-son-16ya-kaldi","status":"publish","type":"post","link":"https:\/\/bihavadis.com\/index.php\/2026\/03\/15\/samsunspor-fk-shkendijayi-eledi-ve-son-16ya-kaldi\/","title":{"rendered":"Samsunspor, FK Shkendija&#8217;y\u0131 eledi ve son 16&#8217;ya kald\u0131"},"content":{"rendered":"<p>UEFA Konferans Ligi\u2019nde 2025-2026 sezonunun son 16 play-off turu r\u00f6van\u015f ma\u00e7lar\u0131n\u0131n heyecan\u0131 ya\u015fand\u0131.<\/p>\n<p>Thorsten Fink y\u00f6netimindeki temsilcimiz Samsunspor ile Jeton Bekjiri\u2019nin \u00e7al\u0131\u015ft\u0131rd\u0131\u011f\u0131 Kuzey Makedonya ekibi FK Shkendija, \u0130talyan hakem Simone Sozza\u2019n\u0131n d\u00fcd\u00fck \u00e7ald\u0131\u011f\u0131 m\u00fcsabakada Samsun Yeni 19 May\u0131s Stadyumu\u2019nda kar\u015f\u0131 kar\u015f\u0131ya geldi.<\/p>\n<p><img decoding=\"async\" src=\"https:\/\/bihavadis.com\/wp-content\/uploads\/2026\/03\/samsunspor-fk-shkendijayi-eledi-ve-son-16ya-kaldi-0-886jtaIY.jpg\"\/><\/p>\n<p><strong>SAMSUNSPOR, SON 16&#8217;DA<\/strong><\/p>\n<p>Samsunspor\u2019un 1-0\u2019l\u0131k \u00fcst\u00fcnl\u00fc\u011f\u00fcyle sona eren ilk m\u00fcsabakan\u0131n r\u00f6van\u015f\u0131nda da kazanan temsilcimiz oldu.<\/p>\n<p>K\u0131rm\u0131z\u0131-beyazl\u0131lar, bu ma\u00e7\u0131 da 4-0&#8217;l\u0131k skorla kazanarak ad\u0131n\u0131 son 16 tak\u0131m aras\u0131na yazd\u0131rd\u0131.<\/p>\n<p><img decoding=\"async\" src=\"https:\/\/bihavadis.com\/wp-content\/uploads\/2026\/03\/samsunspor-fk-shkendijayi-eledi-ve-son-16ya-kaldi-1-IVtGZq5b.jpg\"\/><\/p>\n<p><strong>4 GOLL\u00dc GAL\u0130B\u0130YET<\/strong><\/p>\n<p>Samsunspor&#8217;a galibiyeti getiren golleri 53. dakikada penalt\u0131dan Olivier Ntcham, 71. dakikada Cherif Ndiaye ve 79 ve 90+2. dakikada Marius Mouandilmadji att\u0131.<\/p>\n<p>Mouandilmadji, Konferans Ligi&#8217;nde oynad\u0131\u011f\u0131 8 ma\u00e7ta 7 gole ula\u015ft\u0131.<\/p>\n<p><img decoding=\"async\" src=\"https:\/\/bihavadis.com\/wp-content\/uploads\/2026\/03\/samsunspor-fk-shkendijayi-eledi-ve-son-16ya-kaldi-2-e6MXzpay.jpg\"\/><\/p>\n<p><strong>SAMSUNSPOR&#8217;UN MUHTEMEL RAK\u0130PLER\u0130<\/strong><\/p>\n<p>Cuma g\u00fcn\u00fc saat 16.00&#8217;da \u00e7ekilecek son 16 turu kuralar\u0131nda Samsunspor, Arda Turan&#8217;\u0131n \u00e7al\u0131\u015ft\u0131rd\u0131\u011f\u0131 Ukrayna&#8217;n\u0131n Shakhtar Donetsk ya da \u0130spanya&#8217;n\u0131n Rayo Vallecano tak\u0131m\u0131 ile e\u015fle\u015fecek.<\/p>\n<p><img decoding=\"async\" src=\"https:\/\/bihavadis.com\/wp-content\/uploads\/2026\/03\/samsunspor-fk-shkendijayi-eledi-ve-son-16ya-kaldi-3-6A35krfU.jpg\"\/><\/p>\n<p><img decoding=\"async\" src=\"https:\/\/bihavadis.com\/wp-content\/uploads\/2026\/03\/samsunspor-fk-shkendijayi-eledi-ve-son-16ya-kaldi-4-VmhHezw6.jpg\"\/><\/p>\n<p><img decoding=\"async\" src=\"https:\/\/bihavadis.com\/wp-content\/uploads\/2026\/03\/samsunspor-fk-shkendijayi-eledi-ve-son-16ya-kaldi-5-d5r1Khd2.jpg\"\/><\/p>\n<p><img decoding=\"async\" src=\"https:\/\/bihavadis.com\/wp-content\/uploads\/2026\/03\/samsunspor-fk-shkendijayi-eledi-ve-son-16ya-kaldi-6-GX9g4IKb.jpg\"\/><\/p>\n<p><img decoding=\"async\" src=\"https:\/\/bihavadis.com\/wp-content\/uploads\/2026\/03\/samsunspor-fk-shkendijayi-eledi-ve-son-16ya-kaldi-7-aKsBLGFA.jpg\"\/><\/p>\n<p><img decoding=\"async\" src=\"https:\/\/bihavadis.com\/wp-content\/uploads\/2026\/03\/samsunspor-fk-shkendijayi-eledi-ve-son-16ya-kaldi-8-sB3nbJwc.jpg\"\/><\/p>\n<p><img decoding=\"async\" src=\"https:\/\/bihavadis.com\/wp-content\/uploads\/2026\/03\/samsunspor-fk-shkendijayi-eledi-ve-son-16ya-kaldi-9-yFitYxmG.jpg\"\/><\/p>\n<p><img decoding=\"async\" src=\"https:\/\/bihavadis.com\/wp-content\/uploads\/2026\/03\/samsunspor-fk-shkendijayi-eledi-ve-son-16ya-kaldi-10-PBCmhiUr.jpg\"\/> <\/p>\n<div> <span><strong>Kaynak:<\/strong> Ensonhaber Haber Merkezi<\/span> <\/div>\n","protected":false},"excerpt":{"rendered":"<p>UEFA Konferans Ligi\u2019nde 2025-2026 sezonunun son 16 play-off turu r\u00f6van\u015f ma\u00e7lar\u0131n\u0131n heyecan\u0131 ya\u015fand\u0131. Thorsten Fink y\u00f6netimindeki temsilcimiz Samsunspor ile Jeton Bekjiri\u2019nin \u00e7al\u0131\u015ft\u0131rd\u0131\u011f\u0131 Kuzey Makedonya ekibi FK Shkendija, \u0130talyan hakem Simone Sozza &#8230;<\/p>\n","protected":false},"author":1,"featured_media":70004,"comment_status":"open","ping_status":"open","sticky":false,"template":"","format":"standard","meta":{"footnotes":""},"categories":[14],"tags":[2175],"class_list":["post-70003","post","type-post","status-publish","format-standard","has-post-thumbnail","hentry","category-spor","tag-samsunspor"],"_links":{"self":[{"href":"https:\/\/bihavadis.com\/index.php\/wp-json\/wp\/v2\/posts\/70003","targetHints":{"allow":["GET"]}}],"collection":[{"href":"https:\/\/bihavadis.com\/index.php\/wp-json\/wp\/v2\/posts"}],"about":[{"href":"https:\/\/bihavadis.com\/index.php\/wp-json\/wp\/v2\/types\/post"}],"author":[{"embeddable":true,"href":"https:\/\/bihavadis.com\/index.php\/wp-json\/wp\/v2\/users\/1"}],"replies":[{"embeddable":true,"href":"https:\/\/bihavadis.com\/index.php\/wp-json\/wp\/v2\/comments?post=70003"}],"version-history":[{"count":1,"href":"https:\/\/bihavadis.com\/index.php\/wp-json\/wp\/v2\/posts\/70003\/revisions"}],"predecessor-version":[{"id":70016,"href":"https:\/\/bihavadis.com\/index.php\/wp-json\/wp\/v2\/posts\/70003\/revisions\/70016"}],"wp:featuredmedia":[{"embeddable":true,"href":"https:\/\/bihavadis.com\/index.php\/wp-json\/wp\/v2\/media\/70004"}],"wp:attachment":[{"href":"https:\/\/bihavadis.com\/index.php\/wp-json\/wp\/v2\/media?parent=70003"}],"wp:term":[{"taxonomy":"category","embeddable":true,"href":"https:\/\/bihavadis.com\/index.php\/wp-json\/wp\/v2\/categories?post=70003"},{"taxonomy":"post_tag","embeddable":true,"href":"https:\/\/bihavadis.com\/index.php\/wp-json\/wp\/v2\/tags?post=70003"}],"curies":[{"name":"wp","href":"https:\/\/api.w.org\/{rel}","templated":true}]}}