{"id":70067,"date":"2026-03-18T19:42:09","date_gmt":"2026-03-18T19:42:09","guid":{"rendered":"https:\/\/bihavadis.com\/?p=70067"},"modified":"2026-03-18T19:42:09","modified_gmt":"2026-03-18T19:42:09","slug":"turk-hentbolu-50-yil-gala-gecesi","status":"publish","type":"post","link":"https:\/\/bihavadis.com\/index.php\/2026\/03\/18\/turk-hentbolu-50-yil-gala-gecesi\/","title":{"rendered":"T\u00fcrk Hentbolu 50. Y\u0131l Gala Gecesi"},"content":{"rendered":"<p> T\u00fcrkiye Hentbol Federasyonunun kurulu\u015funun 50. y\u0131l\u0131 dolay\u0131s\u0131yla Ankara&#8217;da d\u00fczenlenen gala gecesinde, T\u00fcrk hentbolunun tarihi ve gelece\u011fi de\u011ferlendirildi.<\/p>\n<p>T\u00fcrkiye Hentbol Federasyonunun Ankara&#8217;daki merkez tesislerinde d\u00fczenlenen gala program\u0131na yurt i\u00e7inden ve yurt d\u0131\u015f\u0131ndan hentbola emek veren \u00e7ok say\u0131da davetli kat\u0131ld\u0131.<\/p>\n<p>Program, 6 \u015eubat 2023&#8217;teki Kahramanmara\u015f merkezli depremlerde Hatay&#8217;da hayat\u0131n\u0131 kaybeden A Milli Erkek Hentbol Tak\u0131m\u0131&#8217;n\u0131n kaptan\u0131, Erkekler S\u00fcper Lig ekibi \u00d6zel Vefakent Hatay B\u00fcy\u00fck\u015fehir Belediye spor&#8217;un oyuncusu Cemal K\u00fctahya, e\u015fi Pelin K\u00fctahya ve o\u011flu \u00c7\u0131nar K\u00fctahya ile depremde ya\u015fam\u0131n\u0131 yitiren b\u00fct\u00fcn vatanda\u015flara sayg\u0131 duru\u015fuyla ba\u015flad\u0131.<\/p>\n<p>Galada a\u00e7\u0131k alan hentbolunun T\u00fcrkiye&#8217;ye 100 y\u0131l \u00f6nce geli\u015fi, T\u00fcrkiye Hentbol Federasyonunun 4 \u015eubat 1976&#8217;da Ankara&#8217;da k\u00fc\u00e7\u00fck bir odada kurulu\u015fu, T\u00fcrk hentboluna emek veren ba\u015fta federasyonun kurucu ba\u015fkan\u0131 Prof. Dr. Ya\u015far Sevim olmak \u00fczere b\u00fct\u00fcn hentbolseverlerin \u00e7al\u0131\u015fmalar\u0131n\u0131n anlat\u0131ld\u0131\u011f\u0131, milli tak\u0131mlar\u0131n eski ma\u00e7lar\u0131n\u0131n, tarihi ba\u015far\u0131lar\u0131n\u0131n an\u0131ld\u0131\u011f\u0131 &#8220;T\u00fcrk Hentbol Belgeseli&#8221;nden de bir b\u00f6l\u00fcm izletildi.<\/p>\n<p>T\u00fcrkiye Hentbol Federasyonu Ba\u015fkan\u0131 Mesut \u00c7ebi, gecedeki konu\u015fmas\u0131nda, geceye kat\u0131lan b\u00fct\u00fcn hentbolseverler ile Avrupa ve uluslararas\u0131 hentbol federasyonlar\u0131ndan gelen temsilcilere te\u015fekk\u00fcr ederek, &#8220;Federasyonumuzun kurucusu Prof. Dr. Ya\u015far Sevim olmak \u00fczere T\u00fcrk hentbolu i\u00e7in sahada ve saha d\u0131\u015f\u0131nda emek harcayan herkese \u015f\u00fckranlar\u0131m\u0131 sunuyorum. Ge\u00e7mi\u015fimizden ald\u0131\u011f\u0131m\u0131z g\u00fc\u00e7le gelece\u011fin T\u00fcrk hentbolunu in\u015fa etme irade ve kararl\u0131l\u0131\u011f\u0131m\u0131z\u0131 bu ak\u015fam bir kez daha ortaya koyaca\u011f\u0131z. Hentbol bizim i\u00e7in yaln\u0131zca bir spor dal\u0131 de\u011fil salonlarda kurulan hayaller, verilen emek, \u00f6\u011frenilen disiplin, kazan\u0131lan \u00f6z g\u00fcven ve \u00f6m\u00fcr boyu s\u00fcrecek dostluklard\u0131r. Hentbol birliktir, ay-y\u0131ld\u0131zl\u0131 bayra\u011f\u0131m\u0131z\u0131n alt\u0131nda tek y\u00fcrek olmakt\u0131r.&#8221; ifadelerini kulland\u0131.<\/p>\n<p>Hentbolun yaln\u0131zca sporcu de\u011fil, iyi bireyler yeti\u015ftirdi\u011fine dikkati \u00e7eken \u00c7ebi, &#8220;Bu y\u00fczden altyap\u0131 yat\u0131r\u0131mlar\u0131n\u0131 bir se\u00e7enek de\u011fil, bir sorumluluk olarak g\u00f6r\u00fcyoruz. Bu kapsamda yetenek taramas\u0131 \u00e7al\u0131\u015fmalar\u0131m\u0131z\u0131 kapsaml\u0131 bir \u015fekilde s\u00fcrd\u00fcr\u00fcyoruz. Uluslararas\u0131 organizasyonlarda bayra\u011f\u0131m\u0131z\u0131 gururla dalgaland\u0131rmak, \u0130stiklal Mar\u015f\u0131&#8217;m\u0131z\u0131 d\u00fcnyan\u0131n d\u00f6rt bir yan\u0131nda okutmak, T\u00fcrk hentbolunun g\u00fcc\u00fcn\u00fc ve potansiyelini t\u00fcm d\u00fcnyaya g\u00f6stermek istiyor ve bunun i\u00e7in gece g\u00fcnd\u00fcz demeden \u00e7al\u0131\u015f\u0131yoruz.&#8221; diye konu\u015ftu.<\/p>\n<p>Bir\u00e7ok alanda yenilikler yapt\u0131klar\u0131n\u0131 dile getiren \u00c7ebi, &#8220;Bu belgesel, yar\u0131m as\u0131rl\u0131k ge\u00e7mi\u015fimizde sadece neler yapt\u0131\u011f\u0131m\u0131z\u0131 de\u011fil ayn\u0131 zamanda neden b\u00fcy\u00fck bir azim ve gayretle en iyisini yapmak zorunda oldu\u011fumuzu da hat\u0131rlat\u0131yor. T\u00fcrk hentbolunu t\u00fcm camiam\u0131z\u0131n el ele vermesiyle milletimizin g\u00f6nl\u00fcnde lay\u0131k oldu\u011fu yere ta\u015f\u0131yaca\u011f\u0131m\u0131za, d\u00fcnya arenas\u0131nda hak etti\u011fi sayg\u0131nl\u0131\u011fa kavu\u015fturaca\u011f\u0131m\u0131za t\u00fcm kalbimizle inan\u0131yoruz.&#8221; de\u011ferlendirmesinde bulundu.<\/p>\n<p>&#8220;T\u00fcrk hentbolu yak\u0131n gelecekte iyi bir yerlere gelecek&#8221;<\/p>\n<p>Gala gecesinde bas\u0131n mensuplar\u0131n\u0131n sorular\u0131n\u0131 da yan\u0131tlayan \u00c7ebi, \u00f6ncelikle 6 \u015eubat 2023&#8217;teki depremlerde hayat\u0131n\u0131 kaybeden vatanda\u015flara Allah&#8217;tan rahmet diledi\u011fini belirterek, \u015f\u00f6yle konu\u015ftu: <\/p>\n<p>&#8220;Biz de hentbol camias\u0131 olarak maalesef A Milli Erkek Hentbol Tak\u0131m\u0131&#8217;m\u0131z\u0131n kaptan\u0131 Cemal K\u00fctahya&#8217;y\u0131 topra\u011fa verdik. Camiam\u0131z\u0131n ba\u015f\u0131 sa\u011f olsun, sevenlerine tekrar ba\u015fsa\u011fl\u0131\u011f\u0131 diliyorum. 50 y\u0131ll\u0131k bir tarih tabii dile kolay, yar\u0131m as\u0131r. Tabii ki tam anlamda T\u00fcrk hentbolu, Avrupa seviyesinde istedi\u011fimiz seviyede de\u011fil fakat yapm\u0131\u015f oldu\u011fumuz organizasyonlar, teknik geli\u015fmeler ve iyile\u015ftirmelerle beraber, uluslararas\u0131 temsiliyetin de artmas\u0131yla beraber T\u00fcrk hentbolu yak\u0131n gelecekte iyi bir yerlere gelecek.&#8221;<\/p>\n<p>Bu sene yap\u0131lacak \u00e7al\u0131\u015fmalara y\u00f6nelik de \u00c7ebi, &#8220;50. y\u0131l bizim i\u00e7in dijital d\u00f6n\u00fc\u015f\u00fcm y\u0131l\u0131, bir\u00e7ok dijital yenilik yapmaya ba\u015flad\u0131k. As\u0131l hedefimiz merkezimize \u00e7ocuklar\u0131 ve e\u011fitimi koymak. \u00c7ocuklar\u0131m\u0131z\u0131n teknik kapasitesini geli\u015ftirmek, antren\u00f6rlerimizin teknik kapasitesini geli\u015ftirmek \u00e7\u00fcnk\u00fc T\u00fcrk hentbolunun gelece\u011finin \u00e7ocuklardan ge\u00e7ti\u011fini d\u00fc\u015f\u00fcn\u00fcyoruz. \u00dclke olarak en b\u00fcy\u00fck g\u00fcc\u00fcm\u00fcz yeni nesiller, onlar\u0131n \u00f6n\u00fcn\u00fc a\u00e7mak da bizim g\u00f6revimiz.&#8221; ifadelerini kulland\u0131.<\/p>\n<p>Bir soru \u00fczerine A Milli Erkek Hentbol Tak\u0131m\u0131&#8217;n\u0131n 2027 D\u00fcnya \u015eampiyonas\u0131 Elemeleri&#8217;nde Romanya ile kar\u015f\u0131la\u015faca\u011f\u0131n\u0131 da dile getiren \u00c7ebi, &#8220;Huzurlar\u0131n\u0131zda camiam\u0131za da bir haber vermek istiyorum, daha hen\u00fcz olmu\u015f de\u011fil ama d\u00fcnya \u015fampiyonas\u0131 i\u00e7in &#8216;Wild card&#8217; ba\u015fvurumuzu da yapaca\u011f\u0131z. T\u00fcrkiye&#8217;deki potansiyeli g\u00f6ren uluslararas\u0131 idarecilerin de bizi oraya dahil etmek isteyeceklerini d\u00fc\u015f\u00fcn\u00fcyorum. Emin oldu\u011fum bir nokta var, biz ne kadar uluslararas\u0131 alanda g\u00f6z\u00fck\u00fcrsek o kadar kaliteli bir hentbol sporu ekranlara koyaca\u011f\u0131z. Onlar\u0131n bize daha \u00e7ok ihtiyac\u0131 oldu\u011funu da d\u00fc\u015f\u00fcn\u00fcyorum. \u00c7\u00fcnk\u00fc \u00e7ok ciddi bir gen\u00e7 potansiyelimiz var.&#8221; dedi.<\/p>\n<p>Antalya&#8217;da d\u00fczenlenecek 2026 Kad\u0131nlar Avrupa Hentbol \u015eampiyonas\u0131&#8217;na ili\u015fkin de \u00c7ebi, &#8220;2026 Kad\u0131nlar Avrupa Hentbol \u015eampiyonas\u0131, hentbol ad\u0131na tarihimizde ilk defa ev sahipli\u011fi yapaca\u011f\u0131m\u0131z bir Avrupa \u015fampiyonas\u0131 olacak. Yeni yap\u0131lanmam\u0131z\u0131n da ekran y\u00fcz\u00fc olacak, oynad\u0131\u011f\u0131m\u0131z oyunla T\u00fcrk hentbolunun gelece\u011finin ne kadar parlak oldu\u011funu hentbolseverlere g\u00f6stermek istiyoruz.&#8221; ifadelerini kulland\u0131.<\/p>\n<p>Ba\u015fkan \u00c7ebi taraf\u0131ndan gecede, Prof. Dr. Ya\u015far Sevim&#8217;in e\u015fi, A Milli Kad\u0131n Hentbol Tak\u0131m\u0131&#8217;n\u0131n da ilk antren\u00f6r\u00fc Mahire Sevim&#8217;e &#8220;50. Y\u0131l Onur \u00d6d\u00fcl\u00fc&#8221;, Gen\u00e7lik ve Spor Bakanl\u0131\u011f\u0131 ad\u0131na Gen\u00e7lik ve Spor Bakanl\u0131\u011f\u0131 Spor Hizmetleri Genel M\u00fcd\u00fcrl\u00fc\u011f\u00fc Genel M\u00fcd\u00fcr Yard\u0131mc\u0131s\u0131 Fatih Uysal&#8217;a da &#8220;50. Y\u0131l \u00d6zel \u00d6d\u00fcl\u00fc&#8221; takdim edildi.<\/p>\n<p>Avrupa Hentbol Federasyonu Ba\u015fkan Yard\u0131mc\u0131s\u0131 Predrag Boskovic ve Uluslaras\u0131 Hentbol Federasyonu Ba\u015fkan Yard\u0131mc\u0131s\u0131 Francisco Blazquez Garcia&#8217;ya da g\u00fcn\u00fcn an\u0131s\u0131na plaket verildi.<\/p>\n","protected":false},"excerpt":{"rendered":"<p>T\u00fcrkiye Hentbol Federasyonu, 50. y\u0131l\u0131 dolay\u0131s\u0131yla gala d\u00fczenleyerek ge\u00e7mi\u015fi ve gelece\u011fi de\u011ferlendirdi.<\/p>\n","protected":false},"author":1,"featured_media":70068,"comment_status":"open","ping_status":"open","sticky":false,"template":"","format":"standard","meta":{"footnotes":""},"categories":[14],"tags":[7021,7777,440,1041,7790],"class_list":["post-70067","post","type-post","status-publish","format-standard","has-post-thumbnail","hentry","category-spor","tag-cebi","tag-hentbol","tag-spor","tag-tek","tag-turk-hentbolu"],"_links":{"self":[{"href":"https:\/\/bihavadis.com\/index.php\/wp-json\/wp\/v2\/posts\/70067","targetHints":{"allow":["GET"]}}],"collection":[{"href":"https:\/\/bihavadis.com\/index.php\/wp-json\/wp\/v2\/posts"}],"about":[{"href":"https:\/\/bihavadis.com\/index.php\/wp-json\/wp\/v2\/types\/post"}],"author":[{"embeddable":true,"href":"https:\/\/bihavadis.com\/index.php\/wp-json\/wp\/v2\/users\/1"}],"replies":[{"embeddable":true,"href":"https:\/\/bihavadis.com\/index.php\/wp-json\/wp\/v2\/comments?post=70067"}],"version-history":[{"count":1,"href":"https:\/\/bihavadis.com\/index.php\/wp-json\/wp\/v2\/posts\/70067\/revisions"}],"predecessor-version":[{"id":70069,"href":"https:\/\/bihavadis.com\/index.php\/wp-json\/wp\/v2\/posts\/70067\/revisions\/70069"}],"wp:featuredmedia":[{"embeddable":true,"href":"https:\/\/bihavadis.com\/index.php\/wp-json\/wp\/v2\/media\/70068"}],"wp:attachment":[{"href":"https:\/\/bihavadis.com\/index.php\/wp-json\/wp\/v2\/media?parent=70067"}],"wp:term":[{"taxonomy":"category","embeddable":true,"href":"https:\/\/bihavadis.com\/index.php\/wp-json\/wp\/v2\/categories?post=70067"},{"taxonomy":"post_tag","embeddable":true,"href":"https:\/\/bihavadis.com\/index.php\/wp-json\/wp\/v2\/tags?post=70067"}],"curies":[{"name":"wp","href":"https:\/\/api.w.org\/{rel}","templated":true}]}}