{"id":70081,"date":"2026-03-18T19:51:07","date_gmt":"2026-03-18T19:51:07","guid":{"rendered":"https:\/\/bihavadis.com\/?p=70081"},"modified":"2026-03-18T19:51:07","modified_gmt":"2026-03-18T19:51:07","slug":"turkiye-ile-oecd-arasindaki-anlasma-tbmmde-kabul-edildi","status":"publish","type":"post","link":"https:\/\/bihavadis.com\/index.php\/2026\/03\/18\/turkiye-ile-oecd-arasindaki-anlasma-tbmmde-kabul-edildi\/","title":{"rendered":"T\u00fcrkiye ile OECD aras\u0131ndaki anla\u015fma TBMM&#8217;de kabul edildi"},"content":{"rendered":"<p>T\u00fcrkiye B\u00fcy\u00fck Millet Meclisi Genel Kurulu&#8217;nda yap\u0131lan oylamada T\u00fcrkiye ile \u0130ktisadi \u0130\u015fbirli\u011fi ve Kalk\u0131nma Te\u015fkilat\u0131 aras\u0131nda\u00a0OECD\u00a0\u0130stanbul Merkezi Kurulmas\u0131na \u0130li\u015fkin Mutabakat Zapt\u0131n\u0131n Yenilenmesine Y\u00f6nelik Protokol\u00fcn Onaylanmas\u0131n\u0131n Uygun Bulundu\u011funa Dair Kanun Teklifi kabul edildi.<\/p>\n<p>Teklifin maddeleri \u00fczerinde s\u00f6z alan Yeni Yol Partisi \u0130stanbul Milletvekili Mustafa Kaya,\u00a0OECD&#8217;nin istatistiklerini hat\u0131rlatt\u0131.<\/p>\n<p>T\u00fcrkiye&#8217;nin gen\u00e7lerini istihdama dahil edemedi\u011fini savunan Kaya,\u00a0OECD\u00a0\u00fclkeleri aras\u0131nda g\u0131da enflasyonunda T\u00fcrkiye&#8217;nin ilk s\u0131rada yer ald\u0131\u011f\u0131n\u0131 dile getirdi.<\/p>\n<p>Kaya, ekonomide sorunlar ya\u015fand\u0131\u011f\u0131n\u0131, gelir da\u011f\u0131l\u0131m\u0131nda da adaletsizlikler bulundu\u011funu s\u00f6yledi.<\/p>\n<p><strong>&#8220;T\u00dcRK\u0130YE&#8217;N\u0130N OECD \u0130LE \u0130\u015e B\u0130RL\u0130\u011e\u0130 Y\u00dcR\u00dcTMES\u0130 \u00d6NEML\u0130&#8221;<\/strong><\/p>\n<p>\u0130Y\u0130 Parti Edirne Milletvekili Mehmet Akal\u0131n, T\u00fcrkiye&#8217;nin\u00a0OECD\u00a0ile i\u015f birli\u011fi y\u00fcr\u00fctmesinin \u00f6nemli oldu\u011funu vurgulad\u0131.<\/p>\n<p>OECD\u00a0verilerine bak\u0131larak gelece\u011fe y\u00f6nelik hedeflerin belirlenmesi gerekti\u011fini belirten Akal\u0131n, T\u00fcrkiye&#8217;nin \u00fcniversite mezuniyeti oran\u0131n\u0131n\u00a0OECD\u00a0ortalamas\u0131n\u0131n \u00fczerinde oldu\u011funu aktard\u0131.<\/p>\n<p>Akal\u0131n, \u00fcniversite mezunu say\u0131s\u0131n\u0131n nitelik ve kalite art\u0131\u015f\u0131 anlam\u0131na gelmedi\u011fini ifade etti.<\/p>\n<p>DEM Parti Diyarbak\u0131r Milletvekili Adalet Kaya,\u00a0OECD\u00a0\u00fcyesi \u00fclkelerde \u00e7al\u0131\u015fanlar\u0131n e\u011fitim ve sa\u011fl\u0131k giderlerini vergiden d\u00fc\u015febildi\u011fini ancak T\u00fcrkiye&#8217;de bunun ger\u00e7ekle\u015ftirilmedi\u011fini ifade etti.<\/p>\n<p><strong>&#8220;T\u00dcRK\u0130YE&#8217;N\u0130N ULUSLARARASI KURULU\u015eLARDA G\u00dc\u00c7L\u00dc OLMASINI \u0130ST\u0130YORUZ&#8221;<\/strong><\/p>\n<p>CHP Genel Ba\u015fkan Yard\u0131mc\u0131s\u0131 ve \u0130stanbul Milletvekili Nam\u0131k Tan, T\u00fcrkiye&#8217;nin uluslararas\u0131 kurulu\u015flarda g\u00fc\u00e7l\u00fc olmas\u0131n\u0131 istediklerini belirtti.<\/p>\n<p>TBMM D\u0131\u015fi\u015fleri Komisyonundaki g\u00f6r\u00fc\u015fmelerde teklife destek verdiklerini hat\u0131rlatan Tan, CHP&#8217;nin Filistin konusunda b\u00fcy\u00fck hassasiyete sahip oldu\u011funu vurgulad\u0131.<\/p>\n<p>MHP Konya Milletvekili Konur Alp Ko\u00e7ak, \u0130stanbul&#8217;un ev sahipli\u011fi yapt\u0131\u011f\u0131\u00a0OECD\u00a0merkezinin T\u00fcrkiye&#8217;yi daha etkin yapaca\u011f\u0131n\u0131 belirtti.<\/p>\n<div> <span><strong>Kaynak:<\/strong> Ensonhaber Haber Merkezi<\/span> <\/div>\n","protected":false},"excerpt":{"rendered":"<p>T\u00fcrkiye B\u00fcy\u00fck Millet Meclisi Genel Kurulu&#8217;nda yap\u0131lan oylamada T\u00fcrkiye ile \u0130ktisadi \u0130\u015fbirli\u011fi ve Kalk\u0131nma Te\u015fkilat\u0131 aras\u0131nda\u00a0OECD\u00a0\u0130stanbul Merkezi Kurulmas\u0131na \u0130li\u015fkin Mutabakat Zapt\u0131n\u0131n Yenilenmesine Y\u00f6nelik Protokol\u00fcn Onaylanmas\u0131n\u0131n Uygun &#8230;<\/p>\n","protected":false},"author":1,"featured_media":70082,"comment_status":"open","ping_status":"open","sticky":false,"template":"","format":"standard","meta":{"footnotes":""},"categories":[8],"tags":[2113,7791,197],"class_list":["post-70081","post","type-post","status-publish","format-standard","has-post-thumbnail","hentry","category-ekonomi","tag-millet","tag-oecd","tag-turkiye"],"_links":{"self":[{"href":"https:\/\/bihavadis.com\/index.php\/wp-json\/wp\/v2\/posts\/70081","targetHints":{"allow":["GET"]}}],"collection":[{"href":"https:\/\/bihavadis.com\/index.php\/wp-json\/wp\/v2\/posts"}],"about":[{"href":"https:\/\/bihavadis.com\/index.php\/wp-json\/wp\/v2\/types\/post"}],"author":[{"embeddable":true,"href":"https:\/\/bihavadis.com\/index.php\/wp-json\/wp\/v2\/users\/1"}],"replies":[{"embeddable":true,"href":"https:\/\/bihavadis.com\/index.php\/wp-json\/wp\/v2\/comments?post=70081"}],"version-history":[{"count":1,"href":"https:\/\/bihavadis.com\/index.php\/wp-json\/wp\/v2\/posts\/70081\/revisions"}],"predecessor-version":[{"id":70083,"href":"https:\/\/bihavadis.com\/index.php\/wp-json\/wp\/v2\/posts\/70081\/revisions\/70083"}],"wp:featuredmedia":[{"embeddable":true,"href":"https:\/\/bihavadis.com\/index.php\/wp-json\/wp\/v2\/media\/70082"}],"wp:attachment":[{"href":"https:\/\/bihavadis.com\/index.php\/wp-json\/wp\/v2\/media?parent=70081"}],"wp:term":[{"taxonomy":"category","embeddable":true,"href":"https:\/\/bihavadis.com\/index.php\/wp-json\/wp\/v2\/categories?post=70081"},{"taxonomy":"post_tag","embeddable":true,"href":"https:\/\/bihavadis.com\/index.php\/wp-json\/wp\/v2\/tags?post=70081"}],"curies":[{"name":"wp","href":"https:\/\/api.w.org\/{rel}","templated":true}]}}