{"id":70133,"date":"2026-03-18T20:39:08","date_gmt":"2026-03-18T20:39:08","guid":{"rendered":"https:\/\/bihavadis.com\/?p=70133"},"modified":"2026-03-18T20:39:08","modified_gmt":"2026-03-18T20:39:08","slug":"izmir-baku-kardesliginin-40-yili-izmirde-kutlanacak","status":"publish","type":"post","link":"https:\/\/bihavadis.com\/index.php\/2026\/03\/18\/izmir-baku-kardesliginin-40-yili-izmirde-kutlanacak\/","title":{"rendered":"\u0130zmir-Bak\u00fc karde\u015fli\u011finin 40. y\u0131l\u0131 \u0130zmir&#8217;de kutlanacak"},"content":{"rendered":"<p>\u0130zmir B\u00fcy\u00fck\u015fehir Belediye Ba\u015fkan\u0131 Dr. Cemil Tugay, Azerbaycan\u2019\u0131n \u0130stanbul Ba\u015fkonsolosu Narmina Mustafayeva ve beraberindeki heyeti makam\u0131nda a\u011f\u0131rlad\u0131. G\u00f6r\u00fc\u015fmede \u0130zmir ile Bak\u00fc\u2019n\u00fcn karde\u015f \u015fehir olu\u015funun 40. y\u0131l\u0131n\u0131n kutlanmas\u0131 g\u00fcndeme gelirken, kar\u015f\u0131l\u0131kl\u0131 ili\u015fkilerin art\u0131r\u0131lmas\u0131 kararla\u015ft\u0131r\u0131ld\u0131.<\/p>\n<p>\u0130zmir B\u00fcy\u00fck\u015fehir Belediye Ba\u015fkan\u0131 Dr. Cemil Tugay, Azerbaycan\u2019\u0131n \u0130stanbul Ba\u015fkonsolosu Narmina Mustafayeva ile konsolos Zaur Allahverdi-zada ve konsolos Sevinc S\u00fcleymanova\u2019y\u0131 a\u011f\u0131rlad\u0131. Ziyarette \u0130zmir B\u00fcy\u00fck\u015fehir Belediyesi Genel Sekreter Yard\u0131mc\u0131s\u0131 \u00d6v\u00fcn\u00e7 \u00d6zgen ile \u0130zmir B\u00fcy\u00fck\u015fehir Belediyesi b\u00fcrokratlar\u0131 da yer ald\u0131. \u0130zmir ile Bak\u00fc\u2019n\u00fcn karde\u015f kent olu\u015funun 40. y\u0131l\u0131 i\u00e7in yap\u0131lmas\u0131 planlanan kutlamalar ve kar\u015f\u0131l\u0131kl\u0131 i\u015f birlikleri g\u00f6r\u00fc\u015fme kapsam\u0131nda ele al\u0131nd\u0131.<\/p>\n<p><strong>Tugay: Gelene\u011fi ba\u015flat\u0131yoruz<\/strong><\/p>\n<p>21 Mart\u2019ta K\u00fclt\u00fcrpark\u2019ta Bahar Bayram\u0131 kutlamas\u0131 yapacaklar\u0131n\u0131 ifade eden \u0130zmir B\u00fcy\u00fck\u015fehir Belediye Ba\u015fkan\u0131 Dr. Cemil Tugay, \u201cKazakistan, K\u0131rg\u0131zistan, \u00d6zbekistan da yer alacak. Gelene\u011fi ba\u015flatal\u0131m, \u00f6n\u00fcm\u00fczdeki y\u0131llarda daha da renkli olabilir\u201d diye konu\u015ftu. Ba\u015fkan Tugay, Ba\u015fkonsolos Narmina Mustafayeva\u2019n\u0131n Narl\u0131dere\u2019deki Bak\u00fc Park\u0131\u2019na Haydar Aliyev\u2019in heykelinin konulmas\u0131 iste\u011fi i\u00e7in kolayl\u0131k sa\u011flayacaklar\u0131n\u0131 ifade etti. Tugay, \u201cAnmalarda biz de orada t\u00f6ren yapar\u0131z\u201d ifadelerini kulland\u0131.<\/p>\n<p><strong>\u201c28 May\u0131s Ba\u011f\u0131ms\u0131zl\u0131k G\u00fcn\u00fc i\u00e7in gelmeyi \u00e7ok istiyorum\u201d<\/strong><\/p>\n<p>Ba\u015fkan Tugay, Bak\u00fc-\u0130zmir karde\u015fli\u011fini \u00f6nemsediklerini belirterek, \u201cBak\u00fc\u2019de \u0130zmir Park\u0131 var biliyorsunuz. Ben gittim g\u00f6rd\u00fcm. Saat Kulesi\u2019nin maketini yaparak 40. y\u0131l an\u0131s\u0131na oraya yerle\u015ftirebiliriz\u201d dedi. Azerbaycan\u2019\u0131n ba\u011f\u0131ms\u0131zl\u0131k g\u00fcn\u00fc olan 28 May\u0131s\u2019ta da bir heyetle Azerbaycan\u2019da olmak istediklerini kaydeden Ba\u015fkan Dr. Cemil Tugay, \u201cGelmeyi ger\u00e7ekten \u00e7ok istiyorum\u201d dedi.\u00a0\u00a0<\/p>\n<p><strong>Mustafayeva: 40. y\u0131l i\u00e7in g\u00fczel etkinlikler planlamak istiyoruz<\/strong><\/p>\n<p>\u0130zmir\u2019i \u00e7ok sevdi\u011fini ifade ederek konu\u015fmas\u0131na ba\u015flayan Azerbaycan \u0130stanbul Ba\u015fkonsolosu Narmina Mustafayeva, \u201cBu y\u0131l Bak\u00fc ile \u0130zmir\u2019in karde\u015f olmas\u0131n\u0131n 40. y\u0131l\u0131. G\u00fczel etkinlikler planlamak istiyoruz\u201d diye konu\u015ftu.\u00a0\u00a0\u00a0<\/p>\n<p>\u00a0<\/p>\n<p>\u00a0<\/p>\n<p>Kaynak: (BYZHA) Beyaz Haber Ajans\u0131<\/p>\n","protected":false},"excerpt":{"rendered":"<p>\u0130zmir B\u00fcy\u00fck\u015fehir Belediye Ba\u015fkan\u0131 Dr. Cemil Tugay, Azerbaycan\u2019\u0131n \u0130stanbul Ba\u015fkonsolosu Narmina Mustafayeva ve beraberindeki heyeti makam\u0131nda a\u011f\u0131rlad\u0131.<\/p>\n","protected":false},"author":1,"featured_media":70134,"comment_status":"open","ping_status":"open","sticky":false,"template":"","format":"standard","meta":{"footnotes":""},"categories":[4],"tags":[1749,7794,516,978,1782],"class_list":["post-70133","post","type-post","status-publish","format-standard","has-post-thumbnail","hentry","category-gundem","tag-azerbaycan","tag-baku","tag-baskan","tag-izmir","tag-tugay"],"_links":{"self":[{"href":"https:\/\/bihavadis.com\/index.php\/wp-json\/wp\/v2\/posts\/70133","targetHints":{"allow":["GET"]}}],"collection":[{"href":"https:\/\/bihavadis.com\/index.php\/wp-json\/wp\/v2\/posts"}],"about":[{"href":"https:\/\/bihavadis.com\/index.php\/wp-json\/wp\/v2\/types\/post"}],"author":[{"embeddable":true,"href":"https:\/\/bihavadis.com\/index.php\/wp-json\/wp\/v2\/users\/1"}],"replies":[{"embeddable":true,"href":"https:\/\/bihavadis.com\/index.php\/wp-json\/wp\/v2\/comments?post=70133"}],"version-history":[{"count":1,"href":"https:\/\/bihavadis.com\/index.php\/wp-json\/wp\/v2\/posts\/70133\/revisions"}],"predecessor-version":[{"id":70135,"href":"https:\/\/bihavadis.com\/index.php\/wp-json\/wp\/v2\/posts\/70133\/revisions\/70135"}],"wp:featuredmedia":[{"embeddable":true,"href":"https:\/\/bihavadis.com\/index.php\/wp-json\/wp\/v2\/media\/70134"}],"wp:attachment":[{"href":"https:\/\/bihavadis.com\/index.php\/wp-json\/wp\/v2\/media?parent=70133"}],"wp:term":[{"taxonomy":"category","embeddable":true,"href":"https:\/\/bihavadis.com\/index.php\/wp-json\/wp\/v2\/categories?post=70133"},{"taxonomy":"post_tag","embeddable":true,"href":"https:\/\/bihavadis.com\/index.php\/wp-json\/wp\/v2\/tags?post=70133"}],"curies":[{"name":"wp","href":"https:\/\/api.w.org\/{rel}","templated":true}]}}