{"id":70149,"date":"2026-03-18T20:51:09","date_gmt":"2026-03-18T20:51:09","guid":{"rendered":"https:\/\/bihavadis.com\/?p=70149"},"modified":"2026-03-18T20:51:09","modified_gmt":"2026-03-18T20:51:09","slug":"arda-gulerin-pastasinda-replik-detayi-izleyenler-kacirmadi","status":"publish","type":"post","link":"https:\/\/bihavadis.com\/index.php\/2026\/03\/18\/arda-gulerin-pastasinda-replik-detayi-izleyenler-kacirmadi\/","title":{"rendered":"Arda G\u00fcler&#8217;in pastas\u0131nda &#8220;replik&#8221; detay\u0131! \u0130zleyenler ka\u00e7\u0131rmad\u0131&#8230;"},"content":{"rendered":"<p>\u0130spanyol devi Real Madrid formas\u0131n\u0131 terleten Arda G\u00fcler, Benfica ile oynanan kritik \u015eampiyonlar Ligi m\u00fccadelesinin ard\u0131ndan unutulmaz anlar ya\u015fad\u0131.<\/p>\n<p>Tak\u0131m\u0131n\u0131n son 16 turuna y\u00fckseldi\u011fi gece, gen\u00e7 yetenek i\u00e7in anlaml\u0131 kutlamaya sahne oldu.<\/p>\n<p>Arda G\u00fcler, eflatun-beyazl\u0131 formayla 100. resmi ma\u00e7\u0131na \u00e7\u0131kma gururunu ya\u015fad\u0131.<\/p>\n<p><img decoding=\"async\" src=\"https:\/\/bihavadis.com\/wp-content\/uploads\/2026\/03\/arda-gulerin-pastasinda-replik-detayi-izleyenler-kacirmadi-0-zn3N5a1j.jpg\"\/><\/p>\n<p><strong>REPL\u0130KL\u0130 PASTA<\/strong><\/p>\n<p>Ba\u015far\u0131l\u0131 performans\u0131n\u0131n yan\u0131 s\u0131ra \u00f6zel hayat\u0131yla da g\u00fcndemden d\u00fc\u015fmeyen Arda G\u00fcler, ma\u00e7\u0131n hemen ard\u0131ndan romantik bir s\u00fcrprizle kar\u015f\u0131la\u015ft\u0131.<\/p>\n<p>21 ya\u015f\u0131na giren milli y\u0131ld\u0131z i\u00e7in sevgilisi Duru Nayman ve ailesi, \u00f6zel bir do\u011fum g\u00fcn\u00fc kutlamas\u0131 organize etti.<\/p>\n<p>Arda G\u00fcler&#8217;in do\u011fum g\u00fcn\u00fc pastas\u0131nda, &#8220;Gibi&#8221; dizisinden \u015fu replik yer ald\u0131:<\/p>\n<p><em><b>&#8220;Hi\u00e7 mi anlamad\u0131n o\u011flum? \u0130nsan bilir ne ya\u015fad\u0131\u011f\u0131n\u0131 ya..&#8221;<\/b><\/em><\/p>\n<p>G\u00fcler, ge\u00e7ti\u011fimiz aylardaki T\u00fcrkiye ziyaretinde \u00fcnl\u00fc dizinin setine de konuk olmu\u015ftu.<\/p>\n<p><img decoding=\"async\" src=\"https:\/\/bihavadis.com\/wp-content\/uploads\/2026\/03\/arda-gulerin-pastasinda-replik-detayi-izleyenler-kacirmadi-1-ZzEtdezy.jpg\"\/><\/p>\n<p><img decoding=\"async\" src=\"https:\/\/bihavadis.com\/wp-content\/uploads\/2026\/03\/arda-gulerin-pastasinda-replik-detayi-izleyenler-kacirmadi-2-wzXCgBLH.jpg\"\/> <\/p>\n<div> <span><strong>Kaynak:<\/strong> Ensonhaber Haber Merkezi<\/span> <\/div>\n","protected":false},"excerpt":{"rendered":"<p>\u0130spanyol devi Real Madrid formas\u0131n\u0131 terleten Arda G\u00fcler, Benfica ile oynanan kritik \u015eampiyonlar Ligi m\u00fccadelesinin ard\u0131ndan unutulmaz anlar ya\u015fad\u0131. Tak\u0131m\u0131n\u0131n son 16 turuna y\u00fckseldi\u011fi gece, gen\u00e7 yetenek i\u00e7in anlaml\u0131 kutlamaya sahne oldu. Arda G\u00fcler &#8230;<\/p>\n","protected":false},"author":1,"featured_media":70150,"comment_status":"open","ping_status":"open","sticky":false,"template":"","format":"standard","meta":{"footnotes":""},"categories":[9],"tags":[],"class_list":["post-70149","post","type-post","status-publish","format-standard","has-post-thumbnail","hentry","category-genel"],"_links":{"self":[{"href":"https:\/\/bihavadis.com\/index.php\/wp-json\/wp\/v2\/posts\/70149","targetHints":{"allow":["GET"]}}],"collection":[{"href":"https:\/\/bihavadis.com\/index.php\/wp-json\/wp\/v2\/posts"}],"about":[{"href":"https:\/\/bihavadis.com\/index.php\/wp-json\/wp\/v2\/types\/post"}],"author":[{"embeddable":true,"href":"https:\/\/bihavadis.com\/index.php\/wp-json\/wp\/v2\/users\/1"}],"replies":[{"embeddable":true,"href":"https:\/\/bihavadis.com\/index.php\/wp-json\/wp\/v2\/comments?post=70149"}],"version-history":[{"count":1,"href":"https:\/\/bihavadis.com\/index.php\/wp-json\/wp\/v2\/posts\/70149\/revisions"}],"predecessor-version":[{"id":70154,"href":"https:\/\/bihavadis.com\/index.php\/wp-json\/wp\/v2\/posts\/70149\/revisions\/70154"}],"wp:featuredmedia":[{"embeddable":true,"href":"https:\/\/bihavadis.com\/index.php\/wp-json\/wp\/v2\/media\/70150"}],"wp:attachment":[{"href":"https:\/\/bihavadis.com\/index.php\/wp-json\/wp\/v2\/media?parent=70149"}],"wp:term":[{"taxonomy":"category","embeddable":true,"href":"https:\/\/bihavadis.com\/index.php\/wp-json\/wp\/v2\/categories?post=70149"},{"taxonomy":"post_tag","embeddable":true,"href":"https:\/\/bihavadis.com\/index.php\/wp-json\/wp\/v2\/tags?post=70149"}],"curies":[{"name":"wp","href":"https:\/\/api.w.org\/{rel}","templated":true}]}}