{"id":70180,"date":"2026-03-18T21:18:09","date_gmt":"2026-03-18T21:18:09","guid":{"rendered":"https:\/\/bihavadis.com\/?p=70180"},"modified":"2026-03-18T21:18:09","modified_gmt":"2026-03-18T21:18:09","slug":"tarik-cetin-eksiklerim-uzerine-cok-calisiyorum","status":"publish","type":"post","link":"https:\/\/bihavadis.com\/index.php\/2026\/03\/18\/tarik-cetin-eksiklerim-uzerine-cok-calisiyorum\/","title":{"rendered":"Tar\u0131k \u00c7etin: Eksiklerim \u00fczerine \u00e7ok \u00e7al\u0131\u015f\u0131yorum"},"content":{"rendered":"<p>Fenerbah\u00e7e, UEFA Avrupa Ligi play-off turu r\u00f6van\u015f\u0131nda deplasmanda \u0130ngiltere temsilcisi Nottingham Forest\u2019i 2-1 ma\u011flup etti.<\/p>\n<p>\u0130lk ma\u00e7\u0131 3-0 kaybeden sar\u0131-lacivertliler, Avrupa&#8217;ya veda etti.<\/p>\n<p>Avrupa&#8217;da ilk s\u0131nav\u0131n\u0131 Nottingham Forest deplasman\u0131nda veren Fenerbah\u00e7e kalecisi Tar\u0131k \u00c7etin, kar\u015f\u0131la\u015fma sonras\u0131 a\u00e7\u0131klamalarda bulundu.<\/p>\n<p><strong>&#8220;T\u00dcM TAKIM ARKADA\u015eLARIMI TEBR\u0130K ED\u0130YORUM&#8221;<\/strong><\/p>\n<p>M\u00fccadeleyi de\u011ferlendiren Tar\u0131k \u00c7etin <em><b>&#8220;Buraya gelirken \u00e7ok sakat oyuncumuz vard\u0131. Ma\u00e7a \u00e7\u0131karken keyif almak i\u00e7in sahaya \u00e7\u0131kt\u0131k. Bu kadar eksik olmam\u0131za ra\u011fmen \u00f6zveriyle m\u00fccadele ettik. 2-0&#8217;dan sonra tura inand\u0131k a\u00e7\u0131k\u00e7as\u0131. T\u00fcm tak\u0131m arkada\u015flar\u0131m\u0131 tebrik ediyorum.&#8221; <\/b><\/em>dedi.<\/p>\n<p><strong>&#8220;H\u0130\u00c7 SUSMADILAR&#8221;<\/strong><\/p>\n<p>Taraftarlar\u0131n deste\u011fi hakk\u0131nda a\u00e7\u0131klama yapan 29 ya\u015f\u0131ndaki kaleci <em><b>&#8220;Taraftar\u0131m\u0131za bir parantez a\u00e7mak istiyorum. Bizi son dakikaya kadar \u00e7ok iyi desteklediler, hi\u00e7 susmad\u0131lar.&#8221;<\/b><\/em> ifadelerini kulland\u0131.<\/p>\n<p><strong>&#8220;EKS\u0130KLER\u0130M \u00dcZER\u0130NE \u00c7OK \u00c7ALI\u015eIYORUM&#8221;<\/strong><\/p>\n<p>Performans\u0131 hakk\u0131nda \u00f6vg\u00fc dolu s\u00f6zler \u00fczerine Tar\u0131k \u00c7etin <em><b>&#8220;\u00d6ncelikle her an kaleci mevkisinde, uzun s\u00fcre \u015fans bulamay\u0131nca ve tekrar \u015fans bulunca ilk ba\u015fta zorlan\u0131yorsunuz ama antrenmanlarda ekstra \u00e7al\u0131\u015farak, ekstra antrenmanlar yaparak a\u00e7\u0131\u011f\u0131m\u0131 kapatmaya \u00e7al\u0131\u015ft\u0131m. Eksiklerim \u00fczerine \u00e7ok \u00e7al\u0131\u015f\u0131yorum. Umar\u0131m daha iyi yard\u0131mc\u0131 olurum tak\u0131m\u0131ma.&#8221;<\/b><\/em> a\u00e7\u0131klamas\u0131n\u0131 yapt\u0131.<\/p>\n<p><strong>PEREIRA&#8217;DAN TEBR\u0130K<\/strong><\/p>\n<p>Bu arada kar\u015f\u0131la\u015fma sonras\u0131 Vitor Perreira, Tar\u0131k \u00c7etin&#8217;i performans\u0131ndan dolay\u0131 kutlad\u0131.<\/p>\n<p><img decoding=\"async\" src=\"https:\/\/bihavadis.com\/wp-content\/uploads\/2026\/03\/tarik-cetin-eksiklerim-uzerine-cok-calisiyorum-0-YiwYArq1.jpg\"\/><\/p>\n<p>(G\u00f6r\u00fcnt\u00fcler TRT&#8217;den al\u0131nm\u0131\u015ft\u0131r.)<\/p>\n<div> <span><strong>Kaynak:<\/strong> Ensonhaber Haber Merkezi<\/span> <\/div>\n","protected":false},"excerpt":{"rendered":"<p>Fenerbah\u00e7e, UEFA Avrupa Ligi play-off turu r\u00f6van\u015f\u0131nda deplasmanda \u0130ngiltere temsilcisi Nottingham Forest\u2019i 2-1 ma\u011flup etti. \u0130lk ma\u00e7\u0131 3-0 kaybeden sar\u0131-lacivertliler, Avrupa&#8217;ya veda etti. Avrupa&#8217;da ilk s\u0131nav\u0131n\u0131 Nottingham Forest deplasman\u0131nda veren &#8230;<\/p>\n","protected":false},"author":1,"featured_media":70181,"comment_status":"open","ping_status":"open","sticky":false,"template":"","format":"standard","meta":{"footnotes":""},"categories":[14],"tags":[],"class_list":["post-70180","post","type-post","status-publish","format-standard","has-post-thumbnail","hentry","category-spor"],"_links":{"self":[{"href":"https:\/\/bihavadis.com\/index.php\/wp-json\/wp\/v2\/posts\/70180","targetHints":{"allow":["GET"]}}],"collection":[{"href":"https:\/\/bihavadis.com\/index.php\/wp-json\/wp\/v2\/posts"}],"about":[{"href":"https:\/\/bihavadis.com\/index.php\/wp-json\/wp\/v2\/types\/post"}],"author":[{"embeddable":true,"href":"https:\/\/bihavadis.com\/index.php\/wp-json\/wp\/v2\/users\/1"}],"replies":[{"embeddable":true,"href":"https:\/\/bihavadis.com\/index.php\/wp-json\/wp\/v2\/comments?post=70180"}],"version-history":[{"count":1,"href":"https:\/\/bihavadis.com\/index.php\/wp-json\/wp\/v2\/posts\/70180\/revisions"}],"predecessor-version":[{"id":70183,"href":"https:\/\/bihavadis.com\/index.php\/wp-json\/wp\/v2\/posts\/70180\/revisions\/70183"}],"wp:featuredmedia":[{"embeddable":true,"href":"https:\/\/bihavadis.com\/index.php\/wp-json\/wp\/v2\/media\/70181"}],"wp:attachment":[{"href":"https:\/\/bihavadis.com\/index.php\/wp-json\/wp\/v2\/media?parent=70180"}],"wp:term":[{"taxonomy":"category","embeddable":true,"href":"https:\/\/bihavadis.com\/index.php\/wp-json\/wp\/v2\/categories?post=70180"},{"taxonomy":"post_tag","embeddable":true,"href":"https:\/\/bihavadis.com\/index.php\/wp-json\/wp\/v2\/tags?post=70180"}],"curies":[{"name":"wp","href":"https:\/\/api.w.org\/{rel}","templated":true}]}}