{"id":70210,"date":"2026-03-23T00:06:09","date_gmt":"2026-03-23T00:06:09","guid":{"rendered":"https:\/\/bihavadis.com\/?p=70210"},"modified":"2026-03-23T00:06:09","modified_gmt":"2026-03-23T00:06:09","slug":"kerem-akturkoglu-sampiyon-biz-olacagiz","status":"publish","type":"post","link":"https:\/\/bihavadis.com\/index.php\/2026\/03\/23\/kerem-akturkoglu-sampiyon-biz-olacagiz\/","title":{"rendered":"Kerem Akt\u00fcrko\u011flu: \u015eampiyon biz olaca\u011f\u0131z"},"content":{"rendered":"<p>UEFA Avrupa Ligi son 16 play-off turu r\u00f6van\u015f\u0131nda \u0130ngiltere temsilcisi Nottingham Forest&#8217;\u0131 deplasmanda 2-1 yenen Fenerbah\u00e7e, ilk ma\u00e7taki 3-0&#8217;l\u0131k ma\u011flubiyetle Avrupa&#8217;ya veda etti.<\/p>\n<p>Fenerbah\u00e7e&#8217;nin milli oyuncusu Kerem Akt\u00fcrko\u011flu, Avrupa&#8217;da gollerini s\u00fcrd\u00fcrd\u00fc.<\/p>\n<p><strong>AVRUPA&#8217;DA 6 TANE ATTI<\/strong><\/p>\n<p>Sar\u0131-lacivertli formayla ligde \u015fu ana dek 4 gol kaydeden Kerem, Avrupa&#8217;da ise gol yollar\u0131nda \u00f6nemli performans ortaya koydu.<\/p>\n<p>UEFA Avrupa Ligi&#8217;nde tamam\u0131 ilk 11&#8217;de 9. kar\u015f\u0131la\u015fmas\u0131na \u00e7\u0131kan 27 ya\u015f\u0131ndaki futbolcu, 22. dakikada tak\u0131m\u0131n\u0131 \u00f6ne ge\u00e7iren gole imza atarken 48. dakikada penalt\u0131dan bir gol daha buldu ve bu kulvarda 6. gol\u00fcn\u00fc kaydetti.<\/p>\n<p><img decoding=\"async\" src=\"https:\/\/bihavadis.com\/wp-content\/uploads\/2026\/03\/kerem-akturkoglu-sampiyon-biz-olacagiz-0-cDtjZ1RC.jpg\"\/><\/p>\n<p><strong>T\u00dcM KULVARLARDA 11 GOL\u00dc VAR<\/strong><\/p>\n<p>S\u00fcper Kupa&#8217;da da 1 gol bulan Kerem, toplamda bu sezon Fenerbah\u00e7e formas\u0131yla 11 gole ula\u015ft\u0131.<\/p>\n<p><img decoding=\"async\" src=\"https:\/\/bihavadis.com\/wp-content\/uploads\/2026\/03\/kerem-akturkoglu-sampiyon-biz-olacagiz-1-JVy7cYPS.jpg\"\/><\/p>\n<p><strong>&#8220;PES ETMEYECE\u011e\u0130Z DED\u0130K&#8221;<\/strong><\/p>\n<p>Fenerbah\u00e7e&#8217;nin Nottingham Forest deplasman\u0131nda iki gol\u00fcn\u00fc atan Kerem Akt\u00fcrko\u011flu a\u00e7\u0131klamalarda bulundu.<\/p>\n<p>M\u00fccadeleyi de\u011ferlendiren Kerem Akt\u00fcrko\u011flu <em><b>&#8220;\u0130lk ma\u00e7 3-0 bitmi\u015fti, hi\u00e7bir \u015fekilde pes etmeyece\u011fiz dedik. Hafta sonu ac\u0131 verici bir \u015fekilde taraftar\u0131m\u0131z\u0131 \u00fczd\u00fck. Fenerbah\u00e7e&#8217;nin pes etmeyece\u011fini g\u00f6stermek istedik. Tak\u0131m arkada\u015flar\u0131mla gurur duyuyorum. Kazand\u0131k. Ba\u015f\u0131m\u0131z dik \u015fekilde Avrupa Ligi&#8217;ne veda ettik. Yapacak bir \u015fey yok. Taraftarlar\u0131m\u0131z\u0131 biraz olsun sevindirdiysek ne mutlu bize.&#8221; <\/b><\/em>ifadelerini kulland\u0131.<\/p>\n<p><img decoding=\"async\" src=\"https:\/\/bihavadis.com\/wp-content\/uploads\/2026\/03\/kerem-akturkoglu-sampiyon-biz-olacagiz-2-QH9W2H8C.jpg\"\/><\/p>\n<p><strong>&#8220;\u015eAMP\u0130YON B\u0130Z OLACA\u011eIZ!&#8221;<\/strong><\/p>\n<p>\u0130ngiltere&#8217;den Antalyaspor ma\u00e7\u0131 i\u00e7in direkt Antalya&#8217;ya gidecek olmalar\u0131n\u0131n hat\u0131rlat\u0131lmas\u0131 \u00fczerine Kerem Akt\u00fcrko\u011flu <em><b>&#8220;Herkes i\u00e7in yo\u011fun bir fikst\u00fcr var. Bahane de\u011fil. \u00d6n\u00fcm\u00fczde b\u00f6yle bir fikst\u00fcr var. Bu fikst\u00fcrden g\u00fczel skorlarla ayr\u0131laca\u011f\u0131m\u0131z\u0131 d\u00fc\u015f\u00fcn\u00fcyorum. Ligin sonunda da \u015fampiyon olan taraf biz olaca\u011f\u0131z.&#8221; <\/b><\/em>dedi.<\/p>\n<p><img decoding=\"async\" src=\"https:\/\/bihavadis.com\/wp-content\/uploads\/2026\/03\/kerem-akturkoglu-sampiyon-biz-olacagiz-3-2D2EWObV.jpg\"\/> <\/p>\n<div> <span><strong>Kaynak:<\/strong> Ensonhaber Haber Merkezi<\/span> <\/div>\n","protected":false},"excerpt":{"rendered":"<p>UEFA Avrupa Ligi son 16 play-off turu r\u00f6van\u015f\u0131nda \u0130ngiltere temsilcisi Nottingham Forest&#8217;\u0131 deplasmanda 2-1 yenen Fenerbah\u00e7e, ilk ma\u00e7taki 3-0&#8217;l\u0131k ma\u011flubiyetle Avrupa&#8217;ya veda etti. Fenerbah\u00e7e&#8217;nin milli oyuncusu Kerem Akt\u00fcrko\u011flu, Avrupa&#8217;da gollerini &#8230;<\/p>\n","protected":false},"author":1,"featured_media":70211,"comment_status":"open","ping_status":"open","sticky":false,"template":"","format":"standard","meta":{"footnotes":""},"categories":[14],"tags":[1090,1858,269,4769],"class_list":["post-70210","post","type-post","status-publish","format-standard","has-post-thumbnail","hentry","category-spor","tag-avrupa","tag-fenerbahce","tag-gol","tag-kerem"],"_links":{"self":[{"href":"https:\/\/bihavadis.com\/index.php\/wp-json\/wp\/v2\/posts\/70210","targetHints":{"allow":["GET"]}}],"collection":[{"href":"https:\/\/bihavadis.com\/index.php\/wp-json\/wp\/v2\/posts"}],"about":[{"href":"https:\/\/bihavadis.com\/index.php\/wp-json\/wp\/v2\/types\/post"}],"author":[{"embeddable":true,"href":"https:\/\/bihavadis.com\/index.php\/wp-json\/wp\/v2\/users\/1"}],"replies":[{"embeddable":true,"href":"https:\/\/bihavadis.com\/index.php\/wp-json\/wp\/v2\/comments?post=70210"}],"version-history":[{"count":1,"href":"https:\/\/bihavadis.com\/index.php\/wp-json\/wp\/v2\/posts\/70210\/revisions"}],"predecessor-version":[{"id":70216,"href":"https:\/\/bihavadis.com\/index.php\/wp-json\/wp\/v2\/posts\/70210\/revisions\/70216"}],"wp:featuredmedia":[{"embeddable":true,"href":"https:\/\/bihavadis.com\/index.php\/wp-json\/wp\/v2\/media\/70211"}],"wp:attachment":[{"href":"https:\/\/bihavadis.com\/index.php\/wp-json\/wp\/v2\/media?parent=70210"}],"wp:term":[{"taxonomy":"category","embeddable":true,"href":"https:\/\/bihavadis.com\/index.php\/wp-json\/wp\/v2\/categories?post=70210"},{"taxonomy":"post_tag","embeddable":true,"href":"https:\/\/bihavadis.com\/index.php\/wp-json\/wp\/v2\/tags?post=70210"}],"curies":[{"name":"wp","href":"https:\/\/api.w.org\/{rel}","templated":true}]}}