{"id":70299,"date":"2026-03-23T01:21:07","date_gmt":"2026-03-23T01:21:07","guid":{"rendered":"https:\/\/bihavadis.com\/?p=70299"},"modified":"2026-03-23T01:21:07","modified_gmt":"2026-03-23T01:21:07","slug":"maltepe-belediyesinin-dil-kurslariyla-gelecege-hazirlaniyorlar","status":"publish","type":"post","link":"https:\/\/bihavadis.com\/index.php\/2026\/03\/23\/maltepe-belediyesinin-dil-kurslariyla-gelecege-hazirlaniyorlar\/","title":{"rendered":"Maltepe Belediyesi&#8217;nin dil kurslar\u0131yla gelece\u011fe haz\u0131rlan\u0131yorlar"},"content":{"rendered":"<p>Maltepe Belediyesi\u2019nin d\u00fczenledi\u011fi dil kurslar\u0131na kat\u0131lan \u00f6\u011frenciler, hem sosyalle\u015fiyor hem de yeni bir dil \u00f6\u011freniyor. \u201cCumhuriyet Dil Akademisi\u201dnin d\u00fczenledi\u011fi kurslarda \u00e7ocuklar dillerini geli\u015ftirmek i\u00e7in sinema etkinlikleri ve interaktif e\u011fitimlerden de faydalan\u0131yor.<\/p>\n<p>Maltepe Belediyesi\u2019ne ba\u011fl\u0131 K\u00fct\u00fcphane ve M\u00fczeler M\u00fcd\u00fcrl\u00fc\u011f\u00fc, 3. ve 4. s\u0131n\u0131f \u00f6\u011frencileri i\u00e7in, Cumhuriyet Bilim ve D\u00fc\u015fler Merkezi\u2019nde kurdu\u011fu \u201cCumhuriyet Akademisi\u201dnde \u0130ngilizce, Almanca ve \u0130talyanca kurslar\u0131 vermeye ba\u015flad\u0131. Deneyimli e\u011fitmenler e\u015fli\u011finde d\u00fczenlenen kurslarda, \u00f6\u011fretmenler \u00e7ocuklarla birebir ilgilenirken, ayr\u0131ca sinema etkinlikleri ve interaktif e\u011fitimlerden de faydalan\u0131larak \u00e7ocuklar\u0131n dillerini h\u0131zl\u0131ca geli\u015ftirmeleri ama\u00e7lan\u0131yor. Okulda g\u00f6rd\u00fckleri dil derslerine takviye amac\u0131 ta\u015f\u0131yan kurslarla \u00e7ocuklar ayn\u0131 zamanda sosyalle\u015fip arkada\u015fl\u0131k kurabiliyor.<\/p>\n<p><b>\u201cD\u0130L\u0130M\u0130Z\u0130 BURADA GEL\u0130\u015eT\u0130R\u0130YORUZ\u201d<\/b><\/p>\n<p>Kurslara kat\u0131lan \u00e7ocuklardan Beng\u00fc Kald\u0131r\u0131m, \u201c4 haftad\u0131r kurslara kat\u0131l\u0131yorum. Arkada\u015f\u0131m bu kurslara gidiyordu. Annem ondan \u00f6\u011frenmi\u015f, beni buraya g\u00f6nderdi. \u00c7ok mutluyum. \u00c7\u00fcnk\u00fc derslerimiz \u00e7ok g\u00fczel ve e\u011flenceli oluyor. Burada i\u015fledi\u011fimiz derslerden \u00e7ok keyif al\u0131yorum. \u0130ngilizcemin geli\u015fti\u011fini d\u00fc\u015f\u00fcn\u00fcyorum. Ailem de buraya g\u00f6nderdi\u011fi i\u00e7in \u00e7ok mutlu. Arkada\u015flar\u0131ma da buray\u0131 \u00f6neriyorum. \u00c7\u00fcnk\u00fc buras\u0131 \u00e7ok faydal\u0131 bizler i\u00e7in\u201d dedi.<\/p>\n<p><b>\u201cBURADA SOSYALLE\u015e\u0130YORUZ\u201d<\/b><\/p>\n<p>Kursa yeni kat\u0131lan Zeynep Sara Kurnaz ise, \u201cBen buraya yeni ba\u015flad\u0131m. Annem arkada\u015f\u0131mdan \u00f6\u011frendi ve oradan kay\u0131t yapt\u0131rd\u0131m. Derslerimi \u00e7ok seviyor ve keyif al\u0131yorum. G\u00fcn i\u00e7erisinde burada dersler g\u00f6r\u00fcyor, \u00f6devler yap\u0131yoruz. \u00d6\u011fretmenimiz fotokopi da\u011f\u0131t\u0131yor ve soru \u00e7\u00f6z\u00fcyoruz. Tesiste sinema g\u00f6sterimleri oluyor, oraya gidiyoruz. Arkada\u015flar\u0131m\u0131zla sohbet ediyor sosyalle\u015fiyoruz. \u0130ngilizcemi \u00e7ok geli\u015ftiriyorum. Bana \u00e7ok faydal\u0131 oldu\u201d \u015feklinde duygular\u0131n\u0131 ifade etti.<\/p>\n<p><b>\u201c\u00d6\u011eRETMEN\u0130M\u0130Z B\u0130Z\u0130MLE \u00c7OK \u0130LG\u0130LEN\u0130YOR\u201d<\/b><\/p>\n<p>Oyun oynayarak dillerini geli\u015ftirdiklerini s\u00f6yleyen Kaan Ta\u015f\u00e7\u0131 ise \u015funlar\u0131 s\u00f6yledi: \u201cBuradaki g\u00fcnlerim \u00e7ok g\u00fczel ge\u00e7iyor. Kurslarda \u00f6devler yap\u0131yoruz, sinema izliyoruz. Kendimizi geli\u015ftirmeye \u00e7al\u0131\u015f\u0131yoruz. \u00d6\u011fretmenimiz bizimle \u00e7ok ilgileniyor. Ailem de bundan memnun. \u0130ngilizcem geli\u015fiyor.\u201d\u00a0<\/p>\n<p>\u00a0<\/p>\n<p>\u00a0<\/p>\n<p>Kaynak: (BYZHA) Beyaz Haber Ajans\u0131<\/p>\n","protected":false},"excerpt":{"rendered":"<p>Maltepe Belediyesi\u2019nin d\u00fczenledi\u011fi dil kurslar\u0131na kat\u0131lan \u00f6\u011frenciler, hem sosyalle\u015fiyor hem de yeni bir dil \u00f6\u011freniyor.<\/p>\n","protected":false},"author":1,"featured_media":70300,"comment_status":"open","ping_status":"open","sticky":false,"template":"","format":"standard","meta":{"footnotes":""},"categories":[7],"tags":[683,7804,708],"class_list":["post-70299","post","type-post","status-publish","format-standard","has-post-thumbnail","hentry","category-egitim","tag-cocuklar","tag-dersler","tag-dil"],"_links":{"self":[{"href":"https:\/\/bihavadis.com\/index.php\/wp-json\/wp\/v2\/posts\/70299","targetHints":{"allow":["GET"]}}],"collection":[{"href":"https:\/\/bihavadis.com\/index.php\/wp-json\/wp\/v2\/posts"}],"about":[{"href":"https:\/\/bihavadis.com\/index.php\/wp-json\/wp\/v2\/types\/post"}],"author":[{"embeddable":true,"href":"https:\/\/bihavadis.com\/index.php\/wp-json\/wp\/v2\/users\/1"}],"replies":[{"embeddable":true,"href":"https:\/\/bihavadis.com\/index.php\/wp-json\/wp\/v2\/comments?post=70299"}],"version-history":[{"count":1,"href":"https:\/\/bihavadis.com\/index.php\/wp-json\/wp\/v2\/posts\/70299\/revisions"}],"predecessor-version":[{"id":70301,"href":"https:\/\/bihavadis.com\/index.php\/wp-json\/wp\/v2\/posts\/70299\/revisions\/70301"}],"wp:featuredmedia":[{"embeddable":true,"href":"https:\/\/bihavadis.com\/index.php\/wp-json\/wp\/v2\/media\/70300"}],"wp:attachment":[{"href":"https:\/\/bihavadis.com\/index.php\/wp-json\/wp\/v2\/media?parent=70299"}],"wp:term":[{"taxonomy":"category","embeddable":true,"href":"https:\/\/bihavadis.com\/index.php\/wp-json\/wp\/v2\/categories?post=70299"},{"taxonomy":"post_tag","embeddable":true,"href":"https:\/\/bihavadis.com\/index.php\/wp-json\/wp\/v2\/tags?post=70299"}],"curies":[{"name":"wp","href":"https:\/\/api.w.org\/{rel}","templated":true}]}}