{"id":70308,"date":"2026-03-23T01:30:08","date_gmt":"2026-03-23T01:30:08","guid":{"rendered":"https:\/\/bihavadis.com\/?p=70308"},"modified":"2026-03-23T01:30:08","modified_gmt":"2026-03-23T01:30:08","slug":"buyuksehir-savasin-masum-cocuklarini-unutmadi","status":"publish","type":"post","link":"https:\/\/bihavadis.com\/index.php\/2026\/03\/23\/buyuksehir-savasin-masum-cocuklarini-unutmadi\/","title":{"rendered":"B\u00fcy\u00fck\u015fehir, sava\u015f\u0131n masum \u00e7ocuklar\u0131n\u0131 unutmad\u0131"},"content":{"rendered":"<p>Kocaeli B\u00fcy\u00fck\u015fehir Belediyesi\u2019nin \u201cKad\u0131nla De\u011fi\u015fir D\u00fcnya\u201d temas\u0131yla d\u00fczenledi\u011fi 8 Mart D\u00fcnya Kad\u0131nlar G\u00fcn\u00fc program\u0131nda duygu dolu anlar ya\u015fand\u0131. Program alan\u0131nda olu\u015fturulan fark\u0131ndal\u0131k k\u00f6\u015fesinde, \u0130ran\u2019da bir okula d\u00fczenlenen sald\u0131r\u0131da hayat\u0131n\u0131 kaybeden 168 k\u0131z \u00e7ocu\u011funa dikkat \u00e7ekildi.<\/p>\n<p><b>B\u00dcY\u00dcK\u015eEH\u0130R\u2019DEN ANLAMLI FARKINDALIK<\/b><\/p>\n<p>Kocaeli B\u00fcy\u00fck\u015fehir Belediyesi\u2019nin 8 Mart D\u00fcnya Kad\u0131nlar G\u00fcn\u00fc\u2019ne \u00f6zel olarak d\u00fczenledi\u011fi program, Kocaeli Kongre Merkezi\u2019nde duygusal anlara sahne oldu. Bu kapsamda \u0130ran\u2019da bir okula d\u00fczenlenen sald\u0131r\u0131da ya\u015fam\u0131n\u0131 yitiren 168 \u00e7ocu\u011fun an\u0131s\u0131na haz\u0131rlanan fark\u0131ndal\u0131k k\u00f6\u015fesinde, \u00e7ocuklara ait e\u015fyalar ve karanfiller yer ald\u0131. Alana gelen vatanda\u015flar da bu anlaml\u0131 k\u00f6\u015feye karanfil b\u0131rak\u0131rken, kendi getirdikleri kalem, defter, kitap, \u00e7anta, kalem kutusu ve ayakkab\u0131 gibi e\u015fyalar b\u0131rakarak fark\u0131ndal\u0131k olu\u015fturdu.<\/p>\n<p><b>\u201cHER \u00c7OCUK \u0130NSANLI\u011eIN KAYBIDIR\u201d<\/b><\/p>\n<p>Etkinlikte konu\u015fan Anne \u015eehir Merkezi Begonya \u00fcyesi \u0130klim Yenidede, sava\u015flar\u0131n en b\u00fcy\u00fck ma\u011fdurunun \u00e7ocuklar oldu\u011funu vurgulayarak, \u201cSava\u015fta kaybolan her \u00e7ocuk asl\u0131nda insanl\u0131\u011f\u0131n kayb\u0131d\u0131r. Sava\u015fta \u00e7ocuklar \u00f6l\u00fcyorsa insanl\u0131k \u00f6l\u00fcyor, vicdan \u00f6l\u00fcyor, duygular\u0131m\u0131z \u00f6l\u00fcyor\u201d dedi. Yenidede, b\u00f6ylesine anlaml\u0131 bir fark\u0131ndal\u0131k \u00e7al\u0131\u015fmas\u0131n\u0131n i\u00e7inde bulunmas\u0131ndan dolay\u0131 B\u00fcy\u00fck\u015fehir Belediyesi\u2019ne te\u015fekk\u00fcr etti.<\/p>\n<p><b>DUYGUSAL ANLAR YA\u015eANDI<\/b><\/p>\n<p>Program kapsam\u0131nda olu\u015fturulan bu k\u00f6\u015fe, kat\u0131l\u0131mc\u0131lara duygusal anlar ya\u015fat\u0131rken, sava\u015flar\u0131n \u00e7ocuklar \u00fczerindeki y\u0131k\u0131c\u0131 etkisini bir kez daha hat\u0131rlatt\u0131.<\/p>\n<p>\u00a0<\/p>\n<p>Kaynak: (BYZHA) Beyaz Haber Ajans\u0131<\/p>\n","protected":false},"excerpt":{"rendered":"<p>Kocaeli B\u00fcy\u00fck\u015fehir Belediyesi\u2019nin \u201cKad\u0131nla De\u011fi\u015fir D\u00fcnya\u201d temas\u0131yla d\u00fczenledi\u011fi 8 Mart D\u00fcnya Kad\u0131nlar G\u00fcn\u00fc program\u0131nda duygu dolu anlar ya\u015fand\u0131.<\/p>\n","protected":false},"author":1,"featured_media":70309,"comment_status":"open","ping_status":"open","sticky":false,"template":"","format":"standard","meta":{"footnotes":""},"categories":[4],"tags":[242,3524],"class_list":["post-70308","post","type-post","status-publish","format-standard","has-post-thumbnail","hentry","category-gundem","tag-cocuk","tag-farkindalik"],"_links":{"self":[{"href":"https:\/\/bihavadis.com\/index.php\/wp-json\/wp\/v2\/posts\/70308","targetHints":{"allow":["GET"]}}],"collection":[{"href":"https:\/\/bihavadis.com\/index.php\/wp-json\/wp\/v2\/posts"}],"about":[{"href":"https:\/\/bihavadis.com\/index.php\/wp-json\/wp\/v2\/types\/post"}],"author":[{"embeddable":true,"href":"https:\/\/bihavadis.com\/index.php\/wp-json\/wp\/v2\/users\/1"}],"replies":[{"embeddable":true,"href":"https:\/\/bihavadis.com\/index.php\/wp-json\/wp\/v2\/comments?post=70308"}],"version-history":[{"count":1,"href":"https:\/\/bihavadis.com\/index.php\/wp-json\/wp\/v2\/posts\/70308\/revisions"}],"predecessor-version":[{"id":70310,"href":"https:\/\/bihavadis.com\/index.php\/wp-json\/wp\/v2\/posts\/70308\/revisions\/70310"}],"wp:featuredmedia":[{"embeddable":true,"href":"https:\/\/bihavadis.com\/index.php\/wp-json\/wp\/v2\/media\/70309"}],"wp:attachment":[{"href":"https:\/\/bihavadis.com\/index.php\/wp-json\/wp\/v2\/media?parent=70308"}],"wp:term":[{"taxonomy":"category","embeddable":true,"href":"https:\/\/bihavadis.com\/index.php\/wp-json\/wp\/v2\/categories?post=70308"},{"taxonomy":"post_tag","embeddable":true,"href":"https:\/\/bihavadis.com\/index.php\/wp-json\/wp\/v2\/tags?post=70308"}],"curies":[{"name":"wp","href":"https:\/\/api.w.org\/{rel}","templated":true}]}}