{"id":70375,"date":"2026-03-27T04:42:06","date_gmt":"2026-03-27T04:42:06","guid":{"rendered":"https:\/\/bihavadis.com\/?p=70375"},"modified":"2026-03-27T04:42:06","modified_gmt":"2026-03-27T04:42:06","slug":"baskan-ozarslan-iftar-sofrasinda-cubuk-kalecik-ve-akyurtlularla-bulustu","status":"publish","type":"post","link":"https:\/\/bihavadis.com\/index.php\/2026\/03\/27\/baskan-ozarslan-iftar-sofrasinda-cubuk-kalecik-ve-akyurtlularla-bulustu\/","title":{"rendered":"Ba\u015fkan \u00d6zarslan \u0130ftar Sofras\u0131nda \u00c7ubuk, Kalecik ve Akyurtlularla Bulu\u015ftu"},"content":{"rendered":"<p><b>Ke\u00e7i\u00f6ren Belediye Ba\u015fkan\u0131 Dr. Mesut \u00d6zarslan<\/b>,\u00a0Mevlana K\u00fclt\u00fcr Merkezi\u2019nde d\u00fczenlenen iftar program\u0131nda Ankara\u2019n\u0131n il\u00e7elerinden \u00c7ubuk, Kalecik ve Akyurtlu vatanda\u015flarla bir araya geldi. Ramazan ay\u0131n\u0131n manevi atmosferinde ger\u00e7ekle\u015fen programda sivil toplum kurulu\u015flar\u0131n\u0131n, birlik ve dayan\u0131\u015fma noktas\u0131ndaki \u00f6nemi vurguland\u0131.<\/p>\n<p>\u0130ftar program\u0131na Ke\u00e7i\u00f6ren Belediye Ba\u015fkan\u0131 Dr. Mesut \u00d6zarslan\u2019\u0131n yan\u0131 s\u0131ra; Kalecik Kaymakam\u0131 Melih Aydo\u011fan, Do\u011fru Yol Partisi Genel Ba\u015fkan\u0131 Cenk K\u00fcpeli, Anadolu Birli\u011fi Partisi Genel Ba\u015fkan\u0131 Bedri Yal\u00e7\u0131n, 21. D\u00f6nem Afyonkarahisar Milletvekili M\u00fcjdat Kayayerli, MKE Ankarag\u00fcc\u00fc Spor Kul\u00fcb\u00fc Ba\u015fkan\u0131 \u0130lhami Alparslan,\u00a0AK Parti Ke\u00e7i\u00f6ren \u0130l\u00e7e Ba\u015fkanvekili \u0130smail \u00d6zel, AK Parti Kalecik \u0130l\u00e7e Ba\u015fkan\u0131 Sat\u0131lm\u0131\u015f Karado\u011fan, AK Parti Pursaklar \u0130l\u00e7e Ba\u015fkan\u0131 \u0130brahim Kopan, BBP Akyurt \u0130l\u00e7e Ba\u015fkan\u0131 Mustafa T\u00fcfek\u00e7i, AK Parti Ankara \u0130l Y\u00f6netim Kurulu \u00dcyesi Cafer Alag\u00f6z, T\u00fcrkiye \u0130\u015fitme Engelliler Spor Federasyonu Ba\u015fkan\u0131 Dursun G\u00f6zel, T\u00fcrk B\u00fcro-Sen Genel Ba\u015fkan\u0131 T\u00fcrke\u015f G\u00fcney, Kalecikspor Kul\u00fcb\u00fc Ba\u015fkan\u0131 Sedat T\u00fcfek\u00e7io\u011flu, Ankara Emlak\u00e7\u0131lar Odas\u0131 Ba\u015fkan\u0131 Burak Arpac\u0131, Kalecik Dernekler Federasyonu Genel Ba\u015fkan\u0131 G\u00f6khan Balc\u0131, \u00c7ubuk Dernekler Federasyonu Genel Ba\u015fkan\u0131 Fuat Tuyan, \u00c7ubuk ABAD 1402 Dernekler Federasyonu Ba\u015fkan\u0131 Adem Tu\u011fluca, Anadolu K\u00fclt\u00fcr\u00fcn\u00fc Koruma ve Ara\u015ft\u0131rma Vakf\u0131 Genel Ba\u015fkan\u0131 Bekta\u015f Avc\u0131, Akyurtlular Derne\u011fi Ba\u015fkan\u0131 Sadullah \u00c7ift\u00e7i, Ankara\u2019da Birlik Derne\u011fi Ba\u015fkan\u0131 Bayram Mutlu, B\u00fcrokrat Ankaral\u0131lar Dernek Ba\u015fkan\u0131 Mustafa Akdo\u011fan, 1453 Gen\u00e7lik Derne\u011fi Ba\u015fkan\u0131 Serkan \u00dclker, STK temsilcileri, dernek ve federasyon y\u00f6neticileri, muhtarlar, meclis \u00fcyeleri, ba\u015fkan yard\u0131mc\u0131lar\u0131 ve \u00e7ok say\u0131da vatanda\u015f kat\u0131ld\u0131.<\/p>\n<p><b>\u201cDavas\u0131, insanl\u0131k davas\u0131 olan bir milletiz\u201d<\/b><\/p>\n<p><b>Ke\u00e7i\u00f6ren Belediye Ba\u015fkan\u0131 Dr. Mesut \u00d6zarslan<\/b>,\u00a0programa kat\u0131lan davetlilere hitaben yapt\u0131\u011f\u0131 konu\u015fmada, milli ve manevi de\u011ferlere sahip \u00e7\u0131kman\u0131n \u00f6nemli oldu\u011funu vurgulayarak \u015fu mesajlar\u0131 payla\u015ft\u0131: \u201cAllah\u2019\u0131m\u0131za \u015f\u00fck\u00fcrler olsun g\u00f6nl\u00fc iman dolu, milli ve manevi de\u011ferlerini bilen, \u00fclkesine sahip \u00e7\u0131kan siz g\u00fczel hem\u015fehrilerimizle ayn\u0131 iftar sofralar\u0131n\u0131 payla\u015fman\u0131n onur ve gururunu ya\u015f\u0131yor, ayn\u0131 dualar\u0131 payla\u015f\u0131yoruz. Ke\u00e7i\u00f6ren\u2019de sizlere s\u00f6z verdik. Dedik ki biz kimseyi hi\u00e7bir zaman ay\u0131rt etmeyece\u011fiz. Bizim bulundu\u011fumuz il\u00e7ede kimse yata\u011fa a\u00e7 girmeyecek. Kimse yata\u011fa \u00fc\u015f\u00fcyerek, titreyerek girmeyecek. Ya\u015fl\u0131s\u0131na, engellisine bak\u0131lacak. Sabah kalkt\u0131\u011f\u0131nda evlad\u0131n\u0131 okula g\u00f6nderemiyorsa servis deste\u011fini biz kar\u015f\u0131layaca\u011f\u0131z. K\u0131sacas\u0131 tek bir hak davas\u0131 i\u00e7in yola \u00e7\u0131kt\u0131k. Bu dava insanl\u0131k davas\u0131d\u0131r. Bizler bulundu\u011fumuz yerde davas\u0131 insanl\u0131k davas\u0131 olan bir milletiz. Onun i\u00e7in sadece T\u00fcrkiye Cumhuriyeti s\u0131n\u0131rlar\u0131 de\u011fil; Balkanlar\u2019da, Kafkasya\u2019da, Orta Do\u011fu\u2019da, Orta Asya\u2019da ve daha bir\u00e7ok co\u011frafyada insanlar T\u00fcrkiye Cumhuriyeti\u2019nin varl\u0131\u011f\u0131n\u0131 bir teminat olarak g\u00f6rmektedir. Bu millet, aziz millettir. Bu millet, \u00f6l\u00fcms\u00fcz M\u00fcsl\u00fcman T\u00fcrk devletinin bizlere emanet etti\u011fi e\u015fsiz bir millettir. Bu milli ve manevi de\u011ferlerimize sahip \u00e7\u0131kaca\u011f\u0131z. Bug\u00fcn milli birlik ve beraberlik zaman\u0131d\u0131r. Hepimizin hedefi bellidir; hak, hukuk ve adalet yoludur. Y\u00fcce Mevla\u2019m bizlerin birlikteli\u011fini ve beraberli\u011fini bozmas\u0131n. Yapt\u0131\u011f\u0131n\u0131z ibadetleriniz, tuttu\u011funuz oru\u00e7lar, k\u0131ld\u0131\u011f\u0131n\u0131z namazlar kabul ve makbul olsun. Ne mutlu T\u00fcrk\u2019\u00fcm diyene.\u201d<\/p>\n<p><b>\u201cHem\u015fehrilerimizle daha g\u00fc\u00e7l\u00fc bir ba\u011f kuruyoruz\u201d<\/b><\/p>\n<p><b>Kalecik Kaymakam\u0131 Melih Aydo\u011fan,\u00a0<\/b>sivil toplum kurulu\u015flar\u0131n\u0131n toplumsal dayan\u0131\u015fmada \u00f6nemli bir rol \u00fcstlendi\u011fini belirterek \u015f\u00f6yle konu\u015ftu:<b>\u00a0\u201c<\/b>Ke\u00e7i\u00f6ren Belediye Ba\u015fkan\u0131m\u0131z Dr. Mesut \u00d6zarslan\u2019\u0131n ev sahipli\u011finde ve Kalecik Dernekler Federasyonu\u2019nun organizasyonuyla sizlerle bir araya gelmi\u015f bulunuyoruz. \u00d6ncelikle bu g\u00fczel organizasyon i\u00e7in Say\u0131n Belediye Ba\u015fkan\u0131m\u0131za ve Federasyon Ba\u015fkan\u0131m\u0131za te\u015fekk\u00fcr ediyorum. M\u00fcbarek ramazan ay\u0131 birlik ve dayan\u0131\u015fma ay\u0131d\u0131r. Sivil toplum \u00f6rg\u00fctleri de ayn\u0131 Kalecik Dernekler Federasyonu gibi toplumsal dayan\u0131\u015fman\u0131n \u00f6nemli bir \u00f6rne\u011fidir. Toplumsal dayan\u0131\u015fman\u0131n en g\u00fczel \u00f6rneklerinden biri olan bu dernekler sayesinde bizler de Kalecikli hem\u015fehrilerimizle daha g\u00fc\u00e7l\u00fc bir ba\u011f kuruyoruz. Bizler devletin temsilcileri olarak her zaman sizlerin yan\u0131nda olmaya gayret edece\u011fiz.\u201d<\/p>\n<p><b>\u201cMilletimizin kalbi Ankara\u2019d\u0131r\u201d<\/b><\/p>\n<p><b>Do\u011fru Yol Partisi Genel Ba\u015fkan\u0131 Cenk K\u00fcpeli\u00a0<\/b>ise konu\u015fmas\u0131nda birlik ve beraberlik mesaj\u0131 vererek \u015funlar\u0131 dile getirdi: \u201cRamazan ay\u0131n\u0131n bu m\u00fcbarek g\u00fcn\u00fcnde b\u00f6yle g\u00fczel sofralarda bizleri bir araya getiren Ke\u00e7i\u00f6ren Belediye Ba\u015fkan\u0131m\u0131z Mesut Ba\u015fkan\u0131m\u0131za ve ekibine \u00e7ok te\u015fekk\u00fcr ediyorum. Ramazan ay\u0131n\u0131n t\u00fcm \u0130slam \u00e2lemine ve b\u00fcy\u00fck T\u00fcrk milletine hay\u0131rlara vesile olmas\u0131n\u0131 diliyorum. Hepimizin bildi\u011fi \u00fczere milletimizin kalbi Ankara\u2019d\u0131r. Cumhuriyet\u2019imizin ba\u015fkenti Ankara\u2019d\u0131r. En \u00f6nemlisi de millet iradesinin en y\u00fcksek sesi Ankara\u2019d\u0131r. Bizler de Do\u011fru Yol Partisi olarak bu y\u00fcksek sesle beraber milletimizin yan\u0131nda olmak i\u00e7in \u00e7al\u0131\u015f\u0131yoruz. Allah bizleri milletimizin yolundan, hakk\u0131n yolundan ve do\u011fru yoldan ay\u0131rmas\u0131n.\u201d<\/p>\n<p><b>\u201cAnkara\u2019ya geldi\u011fimde bir dost tan\u0131d\u0131m\u201d<\/b><\/p>\n<p><b>Anadolu Birli\u011fi Partisi Genel Ba\u015fkan\u0131 Bedri Yal\u00e7\u0131n<\/b>\u00a0da iftar program\u0131 i\u00e7in te\u015fekk\u00fcr ederek \u015funlar\u0131 s\u00f6yledi:<b>\u00a0<\/b>\u201cAnkara\u2019ya geldi\u011fimde bir dost, bir karde\u015f, bir arkada\u015f tan\u0131d\u0131m. Onun da ad\u0131 Dr. Mesut \u00d6zarslan. Onu tan\u0131d\u0131ktan sonra Ankara\u2019ya neden de\u011fer verilmesi gerekti\u011fini bir kez daha anlam\u0131\u015f oldum. Bug\u00fcn \u00fclkemize hizmet eden b\u00fct\u00fcn devlet b\u00fcy\u00fcklerimize de en derin sayg\u0131 ve sevgilerimi sunuyorum.\u201d<\/p>\n<p><b>\u201cFederasyonumuz Kalecik s\u0131n\u0131rlar\u0131n\u0131 a\u015fm\u0131\u015ft\u0131r\u201d<\/b><\/p>\n<p><b>Kalecik Dernekler Federasyonu Genel Ba\u015fkan\u0131 G\u00f6khan Balc\u0131,<\/b>\u00a0Kaleciklilerle birlik ve dayan\u0131\u015fma i\u00e7inde olduklar\u0131n\u0131 vurgulayarak \u015f\u00f6yle konu\u015ftu:<b>\u00a0<\/b>\u201cAram\u0131zda bulunarak bizleri onurland\u0131ran Ke\u00e7i\u00f6ren Belediye Ba\u015fkan\u0131m\u0131z Say\u0131n Dr. Mesut \u00d6zarslan\u2019a \u015fahs\u0131m ve hem\u015fehrilerim ad\u0131na \u00f6zellikle te\u015fekk\u00fcr ediyorum. Bu g\u00fczel bulu\u015fman\u0131n ger\u00e7ekle\u015fmesinde eme\u011fi ge\u00e7en herkese \u015f\u00fckranlar\u0131m\u0131 sunuyorum. Bug\u00fcn federasyonumuz Kalecik s\u0131n\u0131rlar\u0131n\u0131 a\u015fm\u0131\u015ft\u0131r. Ankara\u2019n\u0131n bir milyona varan n\u00fcfusuyla en b\u00fcy\u00fck il\u00e7elerinden biri olan Ke\u00e7i\u00f6ren\u2019de sizlerle bulu\u015fman\u0131n mutlulu\u011funu ya\u015f\u0131yoruz. 12 bini a\u015fk\u0131n \u00fcyesiyle federasyonumuz, Ankara\u2019da ya\u015fayan yakla\u015f\u0131k y\u00fcz bin Kalecikli hem\u015fehrimizle birlikte birlik ve dayan\u0131\u015fma i\u00e7erisinde, yapacak daha \u00e7ok i\u015fimiz oldu\u011funa inan\u0131yoruz.&#8221;<\/p>\n<p><b>\u201cBug\u00fcn, d\u00fcnden daha fazla birlik ve beraberli\u011fe ihtiyac\u0131m\u0131z var\u201d<\/b><\/p>\n<p><b>AK Parti Ke\u00e7i\u00f6ren \u0130l\u00e7e Ba\u015fkanvekili \u0130smail \u00d6zel<\/b>,<b>\u00a0<\/b>birlik ve karde\u015fli\u011fin \u00f6nemine de\u011findi\u011fi konu\u015fmas\u0131nda \u015funlar\u0131 ifade etti: \u201c\u00c7ubuklu, Akyurtlu, Kalecikli hem\u015fehrilerimiz Allah\u2019\u0131n selam\u0131, rahmeti ve bereketi \u00fczerinize olsun. Kanuni diyor ki: \u2018Halk i\u00e7inde muteber bir nesne yok devlet gibi, olmaya devlet cihanda bir nefes s\u0131hhat gibi.\u2019 Cenab-\u0131 Allah ak\u0131l sa\u011fl\u0131\u011f\u0131m\u0131z\u0131, beden sa\u011fl\u0131\u011f\u0131m\u0131z\u0131 ve ruh sa\u011fl\u0131\u011f\u0131m\u0131z\u0131 korusun. Hanelerimize huzur ve mutluluk versin in\u015fallah. Karde\u015flerim, bug\u00fcn d\u00fcnden daha fazla birlik ve beraberli\u011fe ihtiyac\u0131m\u0131z var. G\u00f6r\u00fcyorsunuz, etraf\u0131m\u0131z adeta bir ate\u015f \u00e7emberiyle \u00e7evrili. Cenab-\u0131 Allah devlet b\u00fcy\u00fcklerimize, vatan\u0131m\u0131z ve milletimiz i\u00e7in hay\u0131rl\u0131 kararlar almay\u0131 nasip etsin. Basiretlerini ve ferasetlerini art\u0131rs\u0131n in\u015fallah.\u201d<\/p>\n<p><b>AK Parti Kalecik \u0130l\u00e7e Ba\u015fkan\u0131 Sat\u0131lm\u0131\u015f Karado\u011fan,\u00a0<\/b>\u201cBu g\u00fczel program\u0131 organize eden Federasyon Ba\u015fkan\u0131m\u0131z G\u00f6khan Balc\u0131 ve y\u00f6netimine, federasyona ba\u011fl\u0131 38 derne\u011fimizin hepsine ayr\u0131 ayr\u0131 te\u015fekk\u00fcr ediyorum.\u201d diye konu\u015ftu.<\/p>\n<p><b>\u201c\u0130n\u015fallah bu birlik ve beraberli\u011fimiz uzun s\u00fcre devam eder\u201d<\/b><\/p>\n<p><b>AK Parti Pursaklar \u0130l\u00e7e Ba\u015fkan\u0131 \u0130brahim Kopan,\u00a0<\/b>iftar program\u0131ndaki manevi atmosferde bulunmaktan duydu\u011fu memnuniyeti belirterek, \u201cBizleri aran\u0131za davet etti\u011finiz i\u00e7in hepinize ayr\u0131 ayr\u0131 te\u015fekk\u00fcr ediyorum. Sa\u011f olun, var olun. Rabbim in\u015fallah bu ramazan ay\u0131n\u0131n maneviyat\u0131ndan hepimizi bereketlendirsin diyorum. \u0130n\u015fallah bu birlik ve beraberli\u011fimiz uzun s\u00fcre, \u00e7ocuklar\u0131m\u0131za kadar aksedecek \u015fekilde devam eder diyorum. Birlik ve beraberli\u011fimiz daim olsun.\u201d ifadelerini kulland\u0131.<\/p>\n<p><b>\u201cKe\u00e7i\u00f6ren Belediye Ba\u015fkan\u0131m\u0131za te\u015fekk\u00fcr ediyoruz\u201d<\/b><\/p>\n<p><b>\u00c7ubuk Dernekler Federasyonu Genel Ba\u015fkan\u0131 Fuat Tuyan,\u00a0<\/b>konu\u015fmas\u0131nda \u00c7ubuklular\u0131n selamlar\u0131n\u0131 ileterek \u015funlar\u0131 s\u00f6yledi:<b>\u00a0<\/b>\u201c\u00c7ubuk halk\u0131ndan g\u00f6n\u00fcl dolusu selam getirdik. \u00c7ubuk Dernekleri Federasyonu olarak bu g\u00fczel ev sahipli\u011finden dolay\u0131 hem Kalecik Dernekleri Federasyonu\u2019na hem de Ke\u00e7i\u00f6ren Belediye Ba\u015fkan\u0131m\u0131za te\u015fekk\u00fcr ediyoruz. &#8220;<\/p>\n<p>Program\u0131n sonunda Ba\u015fkan \u00d6zarslan\u2019a plaket ve Kalecikspor formas\u0131 takdim edildi.<\/p>\n<p>\u00a0<\/p>\n<p>\u00a0<\/p>\n<p>Kaynak: (BYZHA) Beyaz Haber Ajans\u0131<\/p>\n","protected":false},"excerpt":{"rendered":"<p>Ke\u00e7i\u00f6ren Belediye Ba\u015fkan\u0131 Dr. Mesut \u00d6zarslan,\u00a0Mevlana K\u00fclt\u00fcr Merkezi\u2019nde d\u00fczenlenen iftar program\u0131nda Ankara\u2019n\u0131n il\u00e7elerinden \u00c7ubuk, Kalecik ve Akyurtlu vatanda\u015flarla bir araya geldi.<\/p>\n","protected":false},"author":1,"featured_media":70376,"comment_status":"open","ping_status":"open","sticky":false,"template":"","format":"standard","meta":{"footnotes":""},"categories":[4],"tags":[377,986,5022,7813,2113],"class_list":["post-70375","post","type-post","status-publish","format-standard","has-post-thumbnail","hentry","category-gundem","tag-ankara","tag-baskani","tag-federasyonu","tag-kalecik","tag-millet"],"_links":{"self":[{"href":"https:\/\/bihavadis.com\/index.php\/wp-json\/wp\/v2\/posts\/70375","targetHints":{"allow":["GET"]}}],"collection":[{"href":"https:\/\/bihavadis.com\/index.php\/wp-json\/wp\/v2\/posts"}],"about":[{"href":"https:\/\/bihavadis.com\/index.php\/wp-json\/wp\/v2\/types\/post"}],"author":[{"embeddable":true,"href":"https:\/\/bihavadis.com\/index.php\/wp-json\/wp\/v2\/users\/1"}],"replies":[{"embeddable":true,"href":"https:\/\/bihavadis.com\/index.php\/wp-json\/wp\/v2\/comments?post=70375"}],"version-history":[{"count":1,"href":"https:\/\/bihavadis.com\/index.php\/wp-json\/wp\/v2\/posts\/70375\/revisions"}],"predecessor-version":[{"id":70377,"href":"https:\/\/bihavadis.com\/index.php\/wp-json\/wp\/v2\/posts\/70375\/revisions\/70377"}],"wp:featuredmedia":[{"embeddable":true,"href":"https:\/\/bihavadis.com\/index.php\/wp-json\/wp\/v2\/media\/70376"}],"wp:attachment":[{"href":"https:\/\/bihavadis.com\/index.php\/wp-json\/wp\/v2\/media?parent=70375"}],"wp:term":[{"taxonomy":"category","embeddable":true,"href":"https:\/\/bihavadis.com\/index.php\/wp-json\/wp\/v2\/categories?post=70375"},{"taxonomy":"post_tag","embeddable":true,"href":"https:\/\/bihavadis.com\/index.php\/wp-json\/wp\/v2\/tags?post=70375"}],"curies":[{"name":"wp","href":"https:\/\/api.w.org\/{rel}","templated":true}]}}