{"id":70403,"date":"2026-03-27T05:03:11","date_gmt":"2026-03-27T05:03:11","guid":{"rendered":"https:\/\/bihavadis.com\/?p=70403"},"modified":"2026-03-27T05:03:11","modified_gmt":"2026-03-27T05:03:11","slug":"soguk-hava-dalgasi-turkiyeyi-sariyor-sicakliklar-mevsim-normallerinin-altinda","status":"publish","type":"post","link":"https:\/\/bihavadis.com\/index.php\/2026\/03\/27\/soguk-hava-dalgasi-turkiyeyi-sariyor-sicakliklar-mevsim-normallerinin-altinda\/","title":{"rendered":"So\u011fuk hava dalgas\u0131 T\u00fcrkiye&#8217;yi sar\u0131yor: S\u0131cakl\u0131klar mevsim normallerinin alt\u0131nda"},"content":{"rendered":"<p>T\u00fcrkiye genelinde etkili olan so\u011fuk hava dalgas\u0131, \u015eubat sonu ve Mart ba\u015f\u0131 d\u00f6neminde yo\u011fun \u015fekilde hissedilmeye devam ediyor.<\/p>\n<p>Meteoroloji Genel M\u00fcd\u00fcrl\u00fc\u011f\u00fc&#8217;n\u00fcn (MGM) son verilerine g\u00f6re, \u00fclke genelinde hava s\u0131cakl\u0131klar\u0131 mevsim normallerinin olduk\u00e7a alt\u0131nda seyrederken, \u00f6zellikle i\u00e7 ve do\u011fu kesimlerde belirgin don olaylar\u0131 ile birlikte kar ya\u011f\u0131\u015f\u0131 g\u00f6r\u00fcl\u00fcyor.<\/p>\n<p><strong>SO\u011eUK HAVA DALGASI \u00dcLKE GENEL\u0130NE YAYILIYOR<\/strong><\/p>\n<p>Bug\u00fcn so\u011fuk hava dalgas\u0131n\u0131n ba\u015flang\u0131\u00e7 g\u00fcnlerinden biri.<\/p>\n<p>Do\u011fu Anadolu&#8217;nun kuzeydo\u011fusunda yo\u011fun kar ya\u011f\u0131\u015f\u0131 etkili oluyor.<\/p>\n<p>\u0130\u00e7 kesimlerde ve Karadeniz&#8217;in i\u00e7 b\u00f6lgelerinde karla kar\u0131\u015f\u0131k ya\u011fmur ve kar ge\u00e7i\u015fi yayg\u0131n.<\/p>\n<p>Minimum s\u0131cakl\u0131klar bir\u00e7ok noktada -5 ile -10 derece band\u0131nda ve baz\u0131 y\u00fcksek rak\u0131ml\u0131 yerlerde daha d\u00fc\u015f\u00fck de\u011ferler kaydediliyor.<\/p>\n<p><strong>KAR YA\u011eI\u015eI B\u0130R\u00c7OK \u0130LDE ETK\u0130L\u0130 OLACAK<\/strong><\/p>\n<p>Cumartesi g\u00fcn\u00fc so\u011fuk ve kar ya\u011f\u0131\u015fl\u0131 havan\u0131n s\u00fcrmesi bekleniyor.<\/p>\n<p>\u00d6zellikle Tokat ve \u00e7evresinde yer yer yo\u011fun kar \u00f6ng\u00f6r\u00fcl\u00fcyor.<\/p>\n<p>Do\u011fu Anadolu&#8217;da -10 dere civar\u0131 s\u0131cakl\u0131klar tahmin ediliyor.<\/p>\n<p>Bat\u0131 b\u00f6lgelerde nispeten daha \u0131l\u0131man ancak yine 0 derece civar\u0131 d\u00fc\u015f\u00fck s\u0131cakl\u0131klar\u0131n kaydedilece\u011fi de\u011ferlendiriliyor.<\/p>\n<p><img decoding=\"async\" src=\"https:\/\/bihavadis.com\/wp-content\/uploads\/2026\/03\/soguk-hava-dalgasi-turkiyeyi-sariyor-sicakliklar-mevsim-normallerinin-altinda-0-RHGhBXWZ.jpg\"\/><\/p>\n<p><strong>D\u00dc\u015e\u00dcK SICAKLIKLAR HAK\u0130M\u0130YET\u0130N\u0130 S\u00dcRD\u00dcYOR<\/strong><\/p>\n<p>Pazar g\u00fcn\u00fc ya\u011f\u0131\u015fl\u0131 sistem do\u011fuya do\u011fru kayarken, so\u011fuk hava k\u00fctlesinin hakimiyetini s\u00fcrd\u00fcrmesi bekleniyor.<\/p>\n<p>Kar ya\u011f\u0131\u015f\u0131n\u0131n baz\u0131 do\u011fu illerinde devam edece\u011fi, genel olarak havan\u0131n kuru ve \u00e7ok so\u011fuk olaca\u011f\u0131 \u00f6ng\u00f6r\u00fcl\u00fcyor.<\/p>\n<p>Gece s\u0131cakl\u0131klar\u0131n\u0131n \u0130\u00e7 Anadolu ve Do\u011fu Anadolu&#8217;da -10 dereceye varan de\u011ferlerin kaydedilece\u011fi tahmin ediliyor.<\/p>\n<p><strong>DON VE BUZLANMA R\u0130SK\u0130 Y\u00dcKSEK<\/strong><\/p>\n<p>Pazartesi g\u00fcn\u00fc so\u011fuk havan\u0131n zirve yapmas\u0131 bekleniyor.<\/p>\n<p>Bir\u00e7ok ilde minimum s\u0131cakl\u0131klar\u0131n -5 ile -15 derece aras\u0131nda seyredece\u011fi \u00f6ng\u00f6r\u00fcl\u00fcyor.<\/p>\n<p>Don ve buzlanma riskinin \u00e7ok y\u00fcksek olaca\u011f\u0131, pus ve sis kaynakl\u0131 g\u00f6r\u00fc\u015f\u00fcn azalaca\u011f\u0131 tahmin ediliyor.<\/p>\n<p>Kar ya\u011f\u0131\u015f\u0131n\u0131n baz\u0131 b\u00f6lgelerde hafifleyerek devam edece\u011fi de\u011ferlendiriliyor.<\/p>\n<p><img decoding=\"async\" src=\"https:\/\/bihavadis.com\/wp-content\/uploads\/2026\/03\/soguk-hava-dalgasi-turkiyeyi-sariyor-sicakliklar-mevsim-normallerinin-altinda-1-WdaWnKms.jpg\"\/><\/p>\n<p><strong>SO\u011eUKLAR DEVAM EDECEK<\/strong><\/p>\n<p>Sal\u0131 g\u00fcn\u00fc so\u011fuk havan\u0131n etkisinin t\u00fcm yurtta hissedilir d\u00fczeyde s\u00fcrmesi bekleniyor.<\/p>\n<p>\u0130\u00e7 ve do\u011fu kesimlerde -10 derece civar\u0131 de\u011ferler \u00f6ng\u00f6r\u00fcl\u00fcyor.<\/p>\n<p>Bat\u0131 b\u00f6lgelerde hafif \u0131s\u0131nma ba\u015flasa da genel hava durumunun so\u011fuk ve bulutlu olaca\u011f\u0131 tahmin ediliyor.<\/p>\n<p>Kar ya\u011f\u0131\u015f\u0131n\u0131n yer yer devam ederken, don olaylar\u0131n\u0131n da s\u00fcrece\u011fi de\u011ferlendiriliyor<\/p>\n<p><strong>5 G\u00dcNL\u00dcK HAVA DURUMU TAHM\u0130NLER\u0130:<\/strong><\/p>\n<p><em><b>27 \u015eubat Cuma:<\/b><\/em><\/p>\n<p><img decoding=\"async\" src=\"https:\/\/bihavadis.com\/wp-content\/uploads\/2026\/03\/soguk-hava-dalgasi-turkiyeyi-sariyor-sicakliklar-mevsim-normallerinin-altinda-2-grUAmu6S.jpg\"\/><\/p>\n<p><em><b>28 \u015eubat Cumartesi:<\/b><\/em><\/p>\n<p><img decoding=\"async\" src=\"https:\/\/bihavadis.com\/wp-content\/uploads\/2026\/03\/soguk-hava-dalgasi-turkiyeyi-sariyor-sicakliklar-mevsim-normallerinin-altinda-3-Jxz7Mz3U.jpg\"\/><\/p>\n<p><em><b>1 Mart Pazar:<\/b><\/em><\/p>\n<p><img decoding=\"async\" src=\"https:\/\/bihavadis.com\/wp-content\/uploads\/2026\/03\/soguk-hava-dalgasi-turkiyeyi-sariyor-sicakliklar-mevsim-normallerinin-altinda-4-9D5NjUYY.jpg\"\/><\/p>\n<p><em><b>2 Mart Pazartesi:<\/b><\/em><\/p>\n<p><img decoding=\"async\" src=\"https:\/\/bihavadis.com\/wp-content\/uploads\/2026\/03\/soguk-hava-dalgasi-turkiyeyi-sariyor-sicakliklar-mevsim-normallerinin-altinda-5-78Eprx24.jpg\"\/><\/p>\n<p><em><b>3 Mart Sal\u0131:<\/b><\/em><\/p>\n<p><img decoding=\"async\" src=\"https:\/\/bihavadis.com\/wp-content\/uploads\/2026\/03\/soguk-hava-dalgasi-turkiyeyi-sariyor-sicakliklar-mevsim-normallerinin-altinda-6-dlGc7tQD.jpg\"\/> <\/p>\n<div> <span><strong>Kaynak:<\/strong> Ensonhaber Haber Merkezi<\/span> <\/div>\n","protected":false},"excerpt":{"rendered":"<p>T\u00fcrkiye genelinde etkili olan so\u011fuk hava dalgas\u0131, \u015eubat sonu ve Mart ba\u015f\u0131 d\u00f6neminde yo\u011fun \u015fekilde hissedilmeye devam ediyor. Meteoroloji Genel M\u00fcd\u00fcrl\u00fc\u011f\u00fc&#8217;n\u00fcn (MGM) son verilerine g\u00f6re, \u00fclke genelinde hava s\u0131cakl\u0131klar\u0131 mevsim normallerinin olduk\u00e7a &#8230;<\/p>\n","protected":false},"author":1,"featured_media":70404,"comment_status":"open","ping_status":"open","sticky":false,"template":"","format":"standard","meta":{"footnotes":""},"categories":[9,13],"tags":[1362,297,1363,1361,6546],"class_list":["post-70403","post","type-post","status-publish","format-standard","has-post-thumbnail","hentry","category-genel","category-son-dakika","tag-dogu","tag-kar","tag-kar-yagisi","tag-sicakliklar","tag-soguk-hava"],"_links":{"self":[{"href":"https:\/\/bihavadis.com\/index.php\/wp-json\/wp\/v2\/posts\/70403","targetHints":{"allow":["GET"]}}],"collection":[{"href":"https:\/\/bihavadis.com\/index.php\/wp-json\/wp\/v2\/posts"}],"about":[{"href":"https:\/\/bihavadis.com\/index.php\/wp-json\/wp\/v2\/types\/post"}],"author":[{"embeddable":true,"href":"https:\/\/bihavadis.com\/index.php\/wp-json\/wp\/v2\/users\/1"}],"replies":[{"embeddable":true,"href":"https:\/\/bihavadis.com\/index.php\/wp-json\/wp\/v2\/comments?post=70403"}],"version-history":[{"count":1,"href":"https:\/\/bihavadis.com\/index.php\/wp-json\/wp\/v2\/posts\/70403\/revisions"}],"predecessor-version":[{"id":70412,"href":"https:\/\/bihavadis.com\/index.php\/wp-json\/wp\/v2\/posts\/70403\/revisions\/70412"}],"wp:featuredmedia":[{"embeddable":true,"href":"https:\/\/bihavadis.com\/index.php\/wp-json\/wp\/v2\/media\/70404"}],"wp:attachment":[{"href":"https:\/\/bihavadis.com\/index.php\/wp-json\/wp\/v2\/media?parent=70403"}],"wp:term":[{"taxonomy":"category","embeddable":true,"href":"https:\/\/bihavadis.com\/index.php\/wp-json\/wp\/v2\/categories?post=70403"},{"taxonomy":"post_tag","embeddable":true,"href":"https:\/\/bihavadis.com\/index.php\/wp-json\/wp\/v2\/tags?post=70403"}],"curies":[{"name":"wp","href":"https:\/\/api.w.org\/{rel}","templated":true}]}}