{"id":70446,"date":"2026-03-27T05:36:08","date_gmt":"2026-03-27T05:36:08","guid":{"rendered":"https:\/\/bihavadis.com\/?p=70446"},"modified":"2026-03-27T05:36:08","modified_gmt":"2026-03-27T05:36:08","slug":"erzincanda-kar-yuku-hali-sahanin-catisini-cokertti","status":"publish","type":"post","link":"https:\/\/bihavadis.com\/index.php\/2026\/03\/27\/erzincanda-kar-yuku-hali-sahanin-catisini-cokertti\/","title":{"rendered":"Erzincan\u2019da kar y\u00fck\u00fc hal\u0131 sahan\u0131n \u00e7at\u0131s\u0131n\u0131 \u00e7\u00f6kertti"},"content":{"rendered":"<p>Do\u011fu Anadolu\u2019da etkisini art\u0131ran kar ya\u011f\u0131\u015f\u0131, Erzincan\u2019da g\u00fcnl\u00fck ya\u015fam\u0131 zorla\u015ft\u0131rmaya devam ediyor. Aral\u0131klarla ya\u011fan ve zaman zaman \u015fiddetini art\u0131ran kar, kent merkezinde ula\u015f\u0131mda aksamalara yol a\u00e7arken baz\u0131 yap\u0131larda da hasara neden oldu.<\/p>\n<p>Erzincan merkeze ba\u011fl\u0131 Akyaz\u0131 Mahallesi\u2019nde faaliyet g\u00f6steren bir hal\u0131 saha tesisinin brandas\u0131, \u00fczerinde biriken yo\u011fun kar k\u00fctlesinin a\u011f\u0131rl\u0131\u011f\u0131na dayanamayarak sabah saatlerinde \u00e7\u00f6kt\u00fc.<\/p>\n<p><strong>TES\u0130S KULLANILAMAZ HALE GELD\u0130<\/strong><\/p>\n<p>\u00c7\u00f6kme sonras\u0131 hal\u0131 saha b\u00fcy\u00fck hasar g\u00f6rd\u00fc ve tesisin tamamen kullan\u0131lamaz hale geldi\u011fi \u00f6\u011frenildi. Olay s\u0131ras\u0131nda i\u00e7eride kimsenin bulunmamas\u0131 olas\u0131 bir facian\u0131n \u00f6n\u00fcne ge\u00e7ti.<\/p>\n<p>Mahalle sakinleri, gece boyunca devam eden ya\u011f\u0131\u015f nedeniyle brandan\u0131n \u00fczerinde ciddi miktarda kar birikti\u011fini, sabah saatlerinde ise b\u00fcy\u00fck bir g\u00fcr\u00fclt\u00fcyle \u00e7\u00f6kmenin meydana geldi\u011fini ifade etti.<\/p>\n<p>Yetkililerin b\u00f6lgede inceleme ba\u015flatt\u0131\u011f\u0131, benzer risklere kar\u015f\u0131 vatanda\u015flar\u0131n \u00e7at\u0131 ve branda \u00fczerindeki kar birikintilerine kar\u015f\u0131 dikkatli olmalar\u0131 konusunda uyar\u0131ld\u0131\u011f\u0131 bildirildi.<\/p>\n<div> <span><strong>Kaynak:<\/strong> \u0130hlas Haber Ajans\u0131 (\u0130HA)<\/span> <\/div>\n","protected":false},"excerpt":{"rendered":"<p>Do\u011fu Anadolu\u2019da etkisini art\u0131ran kar ya\u011f\u0131\u015f\u0131, Erzincan\u2019da g\u00fcnl\u00fck ya\u015fam\u0131 zorla\u015ft\u0131rmaya devam ediyor. Aral\u0131klarla ya\u011fan ve zaman zaman \u015fiddetini art\u0131ran kar, kent merkezinde ula\u015f\u0131mda aksamalara yol a\u00e7arken baz\u0131 yap\u0131larda da hasara neden oldu. Erzincan &#8230;<\/p>\n","protected":false},"author":1,"featured_media":70447,"comment_status":"open","ping_status":"open","sticky":false,"template":"","format":"standard","meta":{"footnotes":""},"categories":[4,13],"tags":[297],"class_list":["post-70446","post","type-post","status-publish","format-standard","has-post-thumbnail","hentry","category-gundem","category-son-dakika","tag-kar"],"_links":{"self":[{"href":"https:\/\/bihavadis.com\/index.php\/wp-json\/wp\/v2\/posts\/70446","targetHints":{"allow":["GET"]}}],"collection":[{"href":"https:\/\/bihavadis.com\/index.php\/wp-json\/wp\/v2\/posts"}],"about":[{"href":"https:\/\/bihavadis.com\/index.php\/wp-json\/wp\/v2\/types\/post"}],"author":[{"embeddable":true,"href":"https:\/\/bihavadis.com\/index.php\/wp-json\/wp\/v2\/users\/1"}],"replies":[{"embeddable":true,"href":"https:\/\/bihavadis.com\/index.php\/wp-json\/wp\/v2\/comments?post=70446"}],"version-history":[{"count":1,"href":"https:\/\/bihavadis.com\/index.php\/wp-json\/wp\/v2\/posts\/70446\/revisions"}],"predecessor-version":[{"id":70448,"href":"https:\/\/bihavadis.com\/index.php\/wp-json\/wp\/v2\/posts\/70446\/revisions\/70448"}],"wp:featuredmedia":[{"embeddable":true,"href":"https:\/\/bihavadis.com\/index.php\/wp-json\/wp\/v2\/media\/70447"}],"wp:attachment":[{"href":"https:\/\/bihavadis.com\/index.php\/wp-json\/wp\/v2\/media?parent=70446"}],"wp:term":[{"taxonomy":"category","embeddable":true,"href":"https:\/\/bihavadis.com\/index.php\/wp-json\/wp\/v2\/categories?post=70446"},{"taxonomy":"post_tag","embeddable":true,"href":"https:\/\/bihavadis.com\/index.php\/wp-json\/wp\/v2\/tags?post=70446"}],"curies":[{"name":"wp","href":"https:\/\/api.w.org\/{rel}","templated":true}]}}