{"id":70449,"date":"2026-03-27T05:39:08","date_gmt":"2026-03-27T05:39:08","guid":{"rendered":"https:\/\/bihavadis.com\/?p=70449"},"modified":"2026-03-27T05:39:08","modified_gmt":"2026-03-27T05:39:08","slug":"istanbulun-gobeginde-sarki-soyledi-kim-oldugunu-fark-eden-sasti-kaldi","status":"publish","type":"post","link":"https:\/\/bihavadis.com\/index.php\/2026\/03\/27\/istanbulun-gobeginde-sarki-soyledi-kim-oldugunu-fark-eden-sasti-kaldi\/","title":{"rendered":"\u0130stanbul&#8217;un g\u00f6be\u011finde \u015fark\u0131 s\u00f6yledi, kim oldu\u011funu fark eden \u015fa\u015ft\u0131 kald\u0131"},"content":{"rendered":"<p>\u0130stanbul Emin\u00f6n\u00fc&#8217;nde y\u00fcr\u00fcyen vatanda\u015flar, sokaktan y\u00fckselen tan\u0131d\u0131k bir sesle duraksad\u0131. \u0130lk anda bir sokak sanat\u00e7\u0131s\u0131 san\u0131lan ki\u015finin, &#8220;Senden \u00c7ok Var&#8221;, &#8220;Beyaz ve Sen&#8221;, &#8220;Ama Seni Sevdim&#8221; gibi git \u015fark\u0131lar\u0131yla haf\u0131zalara kaz\u0131nan ve 2000&#8217;li y\u0131llar\u0131 kas\u0131p kavuran Rober Hatemo oldu\u011fu fark edildi. \u015eark\u0131 s\u00f6yleyenin Rober Hatemo oldu\u011funu fark eden vatanda\u015flar k\u0131sa s\u00fcreli \u015fa\u015fk\u0131nl\u0131k ya\u015fad\u0131.<\/p>\n<div>\n<figure><img decoding=\"async\" src=\"https:\/\/bihavadis.com\/wp-content\/uploads\/2026\/03\/istanbulun-gobeginde-sarki-soyledi-kim-oldugunu-fark-eden-sasti-kaldi-0-bJSRBJ8L.jpg\"\/><\/figure>\n<\/div>\n<p><b>SOKAK SANAT\u00c7ISI G\u0130B\u0130 \u015eARKI S\u00d6YLED\u0130<\/b><\/p>\n<p>Hatemo&#8217;nun sokak ortas\u0131nda \u015fark\u0131 s\u00f6yledi\u011fi anlar, \u00e7evrede bulunan bir vatanda\u015f taraf\u0131ndan cep telefonu kameras\u0131yla kaydedildi. G\u00f6r\u00fcnt\u00fclerde \u015fark\u0131c\u0131n\u0131n herhangi bir sahne ya da \u00f6zel alan olmadan, Emin\u00f6n\u00fc&#8217;n\u00fcn kalabal\u0131\u011f\u0131 i\u00e7inde performans sergiledi\u011fi g\u00f6r\u00fcld\u00fc.<\/p>\n<div>\n<figure><img decoding=\"async\" src=\"https:\/\/bihavadis.com\/wp-content\/uploads\/2026\/03\/istanbulun-gobeginde-sarki-soyledi-kim-oldugunu-fark-eden-sasti-kaldi-1-EwFdvshK.jpg\"\/><\/figure>\n<\/div>\n<p><b>GER\u00c7EK SONRADAN ORTAYA \u00c7IKTI<\/b><\/p>\n<p>K\u0131sa s\u00fcrede dikkat \u00e7eken g\u00f6r\u00fcnt\u00fclerin, Rober Hatemo&#8217;nun yeni klibi i\u00e7in yap\u0131lan bir \u00e7ekime ait oldu\u011fu anla\u015f\u0131ld\u0131. Klip \u00e7ekimi kapsam\u0131nda sokakta \u015fark\u0131 s\u00f6yleyen Hatemo, kendisini izleyen vatanda\u015flar\u0131n \u015fa\u015fk\u0131n bak\u0131\u015flar\u0131 aras\u0131nda performans\u0131n\u0131 s\u00fcrd\u00fcrd\u00fc.<\/p>\n<div>\n<figure><img decoding=\"async\" src=\"https:\/\/bihavadis.com\/wp-content\/uploads\/2026\/03\/istanbulun-gobeginde-sarki-soyledi-kim-oldugunu-fark-eden-sasti-kaldi-2-HCM3S8SQ.jpg\"\/><\/figure>\n<\/div>\n<p><b>&#8220;\u015e\u0130DDETTEN NEFES\u0130M KES\u0130L\u0130RD\u0130&#8221; \u0130T\u0130RAFI<\/b><\/p>\n<p>Ge\u00e7ti\u011fimiz ay bir YouTube program\u0131na konuk olan Rober Hatemo \u00e7ocuklu\u011funda babas\u0131yla ya\u015fad\u0131\u011f\u0131 sorunlu ili\u015fkiden ve maruz kald\u0131\u011f\u0131 fiziksel \u015fiddetten bahsetmi\u015fti. \u015eiddetten zaman zaman nefesinin kesildi\u011fini s\u00f6yleyen Hatemo, yapt\u0131\u011f\u0131 samimi itiraflarla izleyenleri derinden etkilemi\u015fti. <\/p>\n<div>\n<figure><img decoding=\"async\" src=\"https:\/\/bihavadis.com\/wp-content\/uploads\/2026\/03\/istanbulun-gobeginde-sarki-soyledi-kim-oldugunu-fark-eden-sasti-kaldi-3-JmODHh74.jpg\"\/><\/figure>\n<\/div>\n<p>Kariyerine ili\u015fkin de konu\u015fan Hatemo bug\u00fcne kadar hi\u00e7 \u00f6d\u00fcl almam\u0131\u015f olmas\u0131na dikkat \u00e7ekerek ancak k\u0131rg\u0131n olmad\u0131\u011f\u0131n\u0131 da belirterek, &#8220;Bana bir tane \u00f6d\u00fcl vermediler. Gidiyorsun, izliyorsun, geliyorsun. Art\u0131k aday da yapm\u0131yorlar. Zaten verseler de almam&#8221; s\u00f6zleriyle sekt\u00f6re sitem etmi\u015fti.<\/p>\n","protected":false},"excerpt":{"rendered":"<p>Emi\u00f6n\u00fc&#8217;nde tan\u0131d\u0131k bir ses duyunca duraksayan vatanda\u015flar \u015fark\u0131 s\u00f6yleyenin Rober Hatemo oldu\u011funu \u00f6\u011frenince k\u0131sa s\u00fcreli \u015fa\u015fk\u0131nl\u0131k ya\u015fad\u0131. Hatemo&#8217;nun adeta sokak sanat\u00e7\u0131s\u0131 gibi \u015fark\u0131 s\u00f6yledi\u011fi anlar\u0131n klip \u00e7ekimine ait oldu\u011fu anla\u015f\u0131ld\u0131. Ya\u015fananlar bir vatanda\u015f\u0131n cep telefonu kameras\u0131na yans\u0131d\u0131.<\/p>\n","protected":false},"author":1,"featured_media":70450,"comment_status":"open","ping_status":"open","sticky":false,"template":"","format":"standard","meta":{"footnotes":""},"categories":[1],"tags":[7819,2811],"class_list":["post-70449","post","type-post","status-publish","format-standard","has-post-thumbnail","hentry","category-uncategorized","tag-hatemo","tag-sarki"],"_links":{"self":[{"href":"https:\/\/bihavadis.com\/index.php\/wp-json\/wp\/v2\/posts\/70449","targetHints":{"allow":["GET"]}}],"collection":[{"href":"https:\/\/bihavadis.com\/index.php\/wp-json\/wp\/v2\/posts"}],"about":[{"href":"https:\/\/bihavadis.com\/index.php\/wp-json\/wp\/v2\/types\/post"}],"author":[{"embeddable":true,"href":"https:\/\/bihavadis.com\/index.php\/wp-json\/wp\/v2\/users\/1"}],"replies":[{"embeddable":true,"href":"https:\/\/bihavadis.com\/index.php\/wp-json\/wp\/v2\/comments?post=70449"}],"version-history":[{"count":1,"href":"https:\/\/bihavadis.com\/index.php\/wp-json\/wp\/v2\/posts\/70449\/revisions"}],"predecessor-version":[{"id":70455,"href":"https:\/\/bihavadis.com\/index.php\/wp-json\/wp\/v2\/posts\/70449\/revisions\/70455"}],"wp:featuredmedia":[{"embeddable":true,"href":"https:\/\/bihavadis.com\/index.php\/wp-json\/wp\/v2\/media\/70450"}],"wp:attachment":[{"href":"https:\/\/bihavadis.com\/index.php\/wp-json\/wp\/v2\/media?parent=70449"}],"wp:term":[{"taxonomy":"category","embeddable":true,"href":"https:\/\/bihavadis.com\/index.php\/wp-json\/wp\/v2\/categories?post=70449"},{"taxonomy":"post_tag","embeddable":true,"href":"https:\/\/bihavadis.com\/index.php\/wp-json\/wp\/v2\/tags?post=70449"}],"curies":[{"name":"wp","href":"https:\/\/api.w.org\/{rel}","templated":true}]}}