{"id":70467,"date":"2026-03-27T05:51:10","date_gmt":"2026-03-27T05:51:10","guid":{"rendered":"https:\/\/bihavadis.com\/?p=70467"},"modified":"2026-03-27T05:51:10","modified_gmt":"2026-03-27T05:51:10","slug":"ingilizlerin-gundeminde-fenerbahce-var-nottingham-forest-zar-zor-da-olsa-turu-gecti","status":"publish","type":"post","link":"https:\/\/bihavadis.com\/index.php\/2026\/03\/27\/ingilizlerin-gundeminde-fenerbahce-var-nottingham-forest-zar-zor-da-olsa-turu-gecti\/","title":{"rendered":"\u0130ngilizlerin g\u00fcndeminde Fenerbah\u00e7e var: Nottingham Forest zar zor da olsa turu ge\u00e7ti!"},"content":{"rendered":"<p>UEFA Avrupa Ligi play-off turunda temsilcimiz Fenerbah\u00e7e, 3-0 yenildi\u011fi ma\u00e7\u0131n r\u00f6van\u015f\u0131nda Nottingham Forest ile deplasmanda kar\u015f\u0131la\u015ft\u0131.<\/p>\n<p>Temsilcimiz ma\u00e7tan 2-1 galip ayr\u0131lmas\u0131na ra\u011fmen Avrupa Ligi&#8217;ne veda etti.<\/p>\n<p>\u0130ngiliz bas\u0131n\u0131 m\u00fccadeleyi man\u015fetine ta\u015f\u0131rken Nottingham Forest&#8217;\u0131n zorland\u0131\u011f\u0131n\u0131 vurgulad\u0131.<\/p>\n<p><strong>&#8216;NOTTINGHAM ZORLANDI&#8217;<\/strong><\/p>\n<p>Yine\u00a0\u0130ngiliz bas\u0131n\u0131, Forest&#8217;\u0131n \u00e7i\u00e7e\u011fi burnunda teknik direkt\u00f6r\u00fc Vitor Perreira&#8217;y\u0131 hedef ald\u0131.<\/p>\n<p>\u0130ngilizler, Fenerbah\u00e7e&#8217;nin performans\u0131 kar\u015f\u0131s\u0131nda, Nottingham&#8217;\u0131n korku dolu bir gece ge\u00e7irdi\u011fini yazd\u0131.<\/p>\n<p><img decoding=\"async\" src=\"https:\/\/bihavadis.com\/wp-content\/uploads\/2026\/03\/ingilizlerin-gundeminde-fenerbahce-var-nottingham-forest-zar-zor-da-olsa-turu-gecti-0-eS8RWlFK.jpg\"\/><\/p>\n<p>\u0130\u015fte at\u0131lan man\u015fetler&#8230;<\/p>\n<p><b>TELEGRAPH: FENERBAH\u00c7E KORKUSUNU ATLATTI!<\/b><\/p>\n<p>Forest, Fenerbah\u00e7e korkusunu atlatarak Avrupa Ligi son 16 turuna y\u00fckseldi. Bu rahats\u0131z edici deneyime ra\u011fmen, kul\u00fcb\u00fcn sahibi Yunan milyarder Marinakis&#8217;in kupay\u0131 kazanma hayali hala canl\u0131.<\/p>\n<p><img decoding=\"async\" src=\"https:\/\/bihavadis.com\/wp-content\/uploads\/2026\/03\/ingilizlerin-gundeminde-fenerbahce-var-nottingham-forest-zar-zor-da-olsa-turu-gecti-1-7DrR6ZHd.jpg\"\/><\/p>\n<p><b>THE GUARDIAN: ZORLU\u011eA RA\u011eMEN TUR ATLADI<\/b><\/p>\n<p>Hudson-Odoi, Fenerbah\u00e7e kar\u015f\u0131s\u0131nda ya\u015fanan zorlu\u011fa ra\u011fmen Nottingham Forest&#8217;\u0131 son 16&#8217;ya ta\u015f\u0131d\u0131. Kerem Akt\u00fcrko\u011flu, tak\u0131m\u0131n\u0131n umutlar\u0131n\u0131 ye\u015ferten iki gol atsa da, Fenerbah\u00e7e&#8217;nin Be\u015fikta\u015f&#8217;taki Avrupa Ligi finali umutlar\u0131 sona erdi.<\/p>\n<p><img decoding=\"async\" src=\"https:\/\/bihavadis.com\/wp-content\/uploads\/2026\/03\/ingilizlerin-gundeminde-fenerbahce-var-nottingham-forest-zar-zor-da-olsa-turu-gecti-2-3PQte9VR.jpg\"\/><\/p>\n<p><b>INDEPENDENT: GER\u0130L\u0130M DOLU ANLAR, ZAR ZOR DA OLSA TURU GE\u00c7T\u0130LER<\/b><\/p>\n<p>Nottingham Forest, Fenerbah\u00e7e&#8217;nin hem saha i\u00e7inde hem de saha d\u0131\u015f\u0131nda yaratt\u0131\u011f\u0131 gerilim dolu anlar\u0131 atlatarak Europa League&#8217;de bir \u00fcst tura y\u00fckseldi. Forest&#8217;\u0131n performans\u0131 s\u00f6n\u00fckt\u00fc; zar zor da olsa turu ge\u00e7tiler.<\/p>\n<p><img decoding=\"async\" src=\"https:\/\/bihavadis.com\/wp-content\/uploads\/2026\/03\/ingilizlerin-gundeminde-fenerbahce-var-nottingham-forest-zar-zor-da-olsa-turu-gecti-3-6ZZr3VM4.jpg\"\/><\/p>\n<p><b>TNT SPORTS: ZORLU B\u0130R MA\u00c7 ATLATTI<\/b><\/p>\n<p>Nottingham Forest, Fenerbah\u00e7e&#8217;ye 2-1 yenilmesine ra\u011fmen son 16 turuna y\u00fckselmeyi ba\u015fard\u0131 ve zorlu bir ma\u00e7\u0131 atlatt\u0131. Vitor Pereira, Pazar Brighton ile oynanacak Premier Lig kar\u015f\u0131la\u015fmas\u0131n\u0131 g\u00f6z \u00f6n\u00fcnde bulundurarak rotasyon yapt\u0131.<\/p>\n<p><img decoding=\"async\" src=\"https:\/\/bihavadis.com\/wp-content\/uploads\/2026\/03\/ingilizlerin-gundeminde-fenerbahce-var-nottingham-forest-zar-zor-da-olsa-turu-gecti-4-4bxTpMjk.jpg\"\/><\/p>\n<p><b>BBC: FENERBAH\u00c7E&#8217;Y\u0130 KIL PAYI GE\u00c7T\u0130LER<\/b><\/p>\n<p>Gergin ge\u00e7en ma\u00e7ta Nottingham Forest, Fenerbah\u00e7e&#8217;yi k\u0131l pay\u0131 ge\u00e7erek Avrupa Ligi son 16 turuna y\u00fckseldi. Vitor Pereira&#8217;n\u0131n tak\u0131m\u0131 da\u011f\u0131n\u0131k ve teredd\u00fctl\u00fc bir performans sergilemesine ra\u011fmen tur atlad\u0131.<\/p>\n<p><img decoding=\"async\" src=\"https:\/\/bihavadis.com\/wp-content\/uploads\/2026\/03\/ingilizlerin-gundeminde-fenerbahce-var-nottingham-forest-zar-zor-da-olsa-turu-gecti-5-m5wcCtIW.jpg\"\/><\/p>\n<p><b>DAILY MAIL: \u0130KNA ED\u0130C\u0130 B\u0130R PERFORMANS YOKTU<\/b><\/p>\n<p>Avrupa Ligi son 16 turuna zar zor y\u00fckselmi\u015f olabilirler ancak Pereira&#8217;n\u0131n teknik direkt\u00f6rl\u00fck g\u00f6revindeki \u00fc\u00e7\u00fcnc\u00fc ma\u00e7\u0131nda Forest, hi\u00e7 de ikna edici bir performans sergileyemedi. Devre aras\u0131nda taraftarlar taraf\u0131ndan yuhaland\u0131.<\/p>\n<p><img decoding=\"async\" src=\"https:\/\/bihavadis.com\/wp-content\/uploads\/2026\/03\/ingilizlerin-gundeminde-fenerbahce-var-nottingham-forest-zar-zor-da-olsa-turu-gecti-6-Ss2ZHgb6.jpg\"\/> <\/p>\n<div> <span><strong>Kaynak:<\/strong> Ensonhaber Haber Merkezi<\/span> <\/div>\n","protected":false},"excerpt":{"rendered":"<p>UEFA Avrupa Ligi play-off turunda temsilcimiz Fenerbah\u00e7e, 3-0 yenildi\u011fi ma\u00e7\u0131n r\u00f6van\u015f\u0131nda Nottingham Forest ile deplasmanda kar\u015f\u0131la\u015ft\u0131. Temsilcimiz ma\u00e7tan 2-1 galip ayr\u0131lmas\u0131na ra\u011fmen Avrupa Ligi&#8217;ne veda etti. \u0130ngiliz bas\u0131n\u0131 m\u00fccadeleyi man\u015fetine &#8230;<\/p>\n","protected":false},"author":1,"featured_media":70468,"comment_status":"open","ping_status":"open","sticky":false,"template":"","format":"standard","meta":{"footnotes":""},"categories":[14],"tags":[1858,2140,364,295,1556],"class_list":["post-70467","post","type-post","status-publish","format-standard","has-post-thumbnail","hentry","category-spor","tag-fenerbahce","tag-forest","tag-mac","tag-tur","tag-zor"],"_links":{"self":[{"href":"https:\/\/bihavadis.com\/index.php\/wp-json\/wp\/v2\/posts\/70467","targetHints":{"allow":["GET"]}}],"collection":[{"href":"https:\/\/bihavadis.com\/index.php\/wp-json\/wp\/v2\/posts"}],"about":[{"href":"https:\/\/bihavadis.com\/index.php\/wp-json\/wp\/v2\/types\/post"}],"author":[{"embeddable":true,"href":"https:\/\/bihavadis.com\/index.php\/wp-json\/wp\/v2\/users\/1"}],"replies":[{"embeddable":true,"href":"https:\/\/bihavadis.com\/index.php\/wp-json\/wp\/v2\/comments?post=70467"}],"version-history":[{"count":1,"href":"https:\/\/bihavadis.com\/index.php\/wp-json\/wp\/v2\/posts\/70467\/revisions"}],"predecessor-version":[{"id":70476,"href":"https:\/\/bihavadis.com\/index.php\/wp-json\/wp\/v2\/posts\/70467\/revisions\/70476"}],"wp:featuredmedia":[{"embeddable":true,"href":"https:\/\/bihavadis.com\/index.php\/wp-json\/wp\/v2\/media\/70468"}],"wp:attachment":[{"href":"https:\/\/bihavadis.com\/index.php\/wp-json\/wp\/v2\/media?parent=70467"}],"wp:term":[{"taxonomy":"category","embeddable":true,"href":"https:\/\/bihavadis.com\/index.php\/wp-json\/wp\/v2\/categories?post=70467"},{"taxonomy":"post_tag","embeddable":true,"href":"https:\/\/bihavadis.com\/index.php\/wp-json\/wp\/v2\/tags?post=70467"}],"curies":[{"name":"wp","href":"https:\/\/api.w.org\/{rel}","templated":true}]}}