{"id":70731,"date":"2026-03-27T09:24:09","date_gmt":"2026-03-27T09:24:09","guid":{"rendered":"https:\/\/bihavadis.com\/?p=70731"},"modified":"2026-03-27T09:24:09","modified_gmt":"2026-03-27T09:24:09","slug":"galatasarayi-bekleyen-yogun-fikstur-20-gunde-6-mac","status":"publish","type":"post","link":"https:\/\/bihavadis.com\/index.php\/2026\/03\/27\/galatasarayi-bekleyen-yogun-fikstur-20-gunde-6-mac\/","title":{"rendered":"Galatasaray&#8217;\u0131 bekleyen yo\u011fun fikst\u00fcr: 20 g\u00fcnde 6 ma\u00e7&#8230;"},"content":{"rendered":"<p>UEFA \u015eampiyonlar Ligi&#8217;nde \u0130talyan devi Juventus&#8217;u eleyen Galatasaray&#8217;\u0131 zorlu bir fikst\u00fcr bekliyor&#8230;<\/p>\n<p>2026 y\u0131l\u0131nda 14 resmi ma\u00e7a \u00e7\u0131kan sar\u0131-k\u0131rm\u0131z\u0131l\u0131 ekip, ortalama 3,5 g\u00fcnde bir kar\u015f\u0131la\u015fmada ter d\u00f6kt\u00fc.<\/p>\n<p>Yo\u011fun s\u00fcre\u00e7te S\u00fcper Lig ve Ziraat T\u00fcrkiye Kupas\u0131&#8217;nda liderli\u011fini koruyan Galatasaray, UEFA \u015eampiyonlar Ligi&#8217;nde de ad\u0131n\u0131 son 16 tak\u0131m aras\u0131na yazd\u0131rmay\u0131 ba\u015fard\u0131.<\/p>\n<p><strong>KADRO DER\u0130NL\u0130\u011e\u0130 GEN\u0130\u015eLED\u0130 <\/strong><\/p>\n<p>Sakatl\u0131klar\u0131 bulunan futbolcular\u0131n iyile\u015fmesi, yap\u0131lan transferler ve Afrika Uluslar Kupas\u0131&#8217;nda m\u00fccadele eden oyuncular\u0131n\u0131n d\u00f6nmesiyle geni\u015f ve derinlikli bir kadroya ula\u015fan &#8220;Cimbom&#8221;, zorlu periyottan mutlu \u00e7\u0131kmay\u0131 ba\u015fard\u0131.<\/p>\n<p>S\u0131k\u0131\u015f\u0131k fikst\u00fcr\u00fc devam eden Galatasaray, Alanyaspor m\u00fccadelesiyle sezonun en kritik d\u00f6nemecine girecek.<\/p>\n<p><img decoding=\"async\" src=\"https:\/\/bihavadis.com\/wp-content\/uploads\/2026\/03\/galatasarayi-bekleyen-yogun-fikstur-20-gunde-6-mac-0-SpGkhRUD.jpg\"\/><\/p>\n<p><strong>M\u0130LL\u0130 ARAYA KADAR 6 MA\u00c7LIK ZOR F\u0130KST\u00dcR<\/strong><\/p>\n<p>Galatasaray, mart ay\u0131n\u0131n sonlar\u0131nda verilecek milli tak\u0131m aras\u0131na kadar 6 resmi ma\u00e7a \u00e7\u0131kacak.<\/p>\n<p>S\u00fcper Lig&#8217;de yar\u0131n Alanyaspor&#8217;u konuk edecek Okan Buruk&#8217;un \u00f6\u011frencileri, 3 Mart Sal\u0131 g\u00fcn\u00fc ayn\u0131 tak\u0131mla deplasmanda T\u00fcrkiye Kupas\u0131 ma\u00e7\u0131nda kar\u015f\u0131la\u015facak.<\/p>\n<p>Ligin 25. haftas\u0131nda 7 Mart Cumartesi g\u00fcn\u00fc Be\u015fikta\u015f&#8217;a konuk olacak Galatasaray, 10 veya 11 Mart&#8217;ta UEFA \u015eampiyonlar Ligi son 16 turunda \u0130ngiltere&#8217;nin Liverpool ya da Tottenham tak\u0131mlar\u0131ndan birini a\u011f\u0131rlayacak.<\/p>\n<p><img decoding=\"async\" src=\"https:\/\/bihavadis.com\/wp-content\/uploads\/2026\/03\/galatasarayi-bekleyen-yogun-fikstur-20-gunde-6-mac-1-UP4tGv73.jpg\"\/><\/p>\n<p><strong>NEREDEYSE 3 G\u00dcNDE B\u0130R OYNAYACAK <\/strong><\/p>\n<p>Ard\u0131ndan ligin 26. haftas\u0131nda Avrupa kupalar\u0131na kat\u0131l\u0131m m\u00fccadelesi veren Ba\u015fak\u015fehir&#8217;i konuk edecek &#8220;Cimbom&#8221;, 17 veya 18 Mart&#8217;ta &#8220;Devler Ligi&#8221;nde \u00e7eyrek finalist olabilmek i\u00e7in r\u00f6van\u015f ma\u00e7\u0131nda boy g\u00f6sterecek.<\/p>\n<p>Galatasaray&#8217;\u0131n 2026 FIFA D\u00fcnya Kupas\u0131 Avrupa Elemeleri play-off&#8217;unda Romanya ile kar\u015f\u0131la\u015facak A Milli Tak\u0131m&#8217;a daha fazla \u00e7al\u0131\u015fma \u015fans\u0131 vermek i\u00e7in 17-18-19 Mart&#8217;a \u00e7ekilen 27. hafta ma\u00e7\u0131 (Deplasmanda G\u00f6ztepe ile) ise ertelenecek.<\/p>\n<p>Sar\u0131-k\u0131rm\u0131z\u0131l\u0131lar, 20 Mart&#8217;ta ba\u015flayacak Ramazan Bayram\u0131&#8217;na kadarki 20 g\u00fcnl\u00fck s\u00fcre\u00e7te 6 resmi m\u00fcsabakaya \u00e7\u0131k\u0131p, ortalama 3,3 g\u00fcnde bir ma\u00e7 yapacak.<\/p>\n<p><img decoding=\"async\" src=\"https:\/\/bihavadis.com\/wp-content\/uploads\/2026\/03\/galatasarayi-bekleyen-yogun-fikstur-20-gunde-6-mac-2-j7UY1Gtm.jpg\"\/> <\/p>\n<div> <span><strong>Kaynak:<\/strong> Ensonhaber Haber Merkezi<\/span> <\/div>\n","protected":false},"excerpt":{"rendered":"<p>UEFA \u015eampiyonlar Ligi&#8217;nde \u0130talyan devi Juventus&#8217;u eleyen Galatasaray&#8217;\u0131 zorlu bir fikst\u00fcr bekliyor&#8230; 2026 y\u0131l\u0131nda 14 resmi ma\u00e7a \u00e7\u0131kan sar\u0131-k\u0131rm\u0131z\u0131l\u0131 ekip, ortalama 3,5 g\u00fcnde bir kar\u015f\u0131la\u015fmada ter d\u00f6kt\u00fc. Yo\u011fun s\u00fcre\u00e7te S\u00fcper Lig ve Ziraat T\u00fcrkiye Kupas\u0131 &#8230;<\/p>\n","protected":false},"author":1,"featured_media":70732,"comment_status":"open","ping_status":"open","sticky":false,"template":"","format":"standard","meta":{"footnotes":""},"categories":[14],"tags":[597,364,3084,366],"class_list":["post-70731","post","type-post","status-publish","format-standard","has-post-thumbnail","hentry","category-spor","tag-lig","tag-mac","tag-mart","tag-takim"],"_links":{"self":[{"href":"https:\/\/bihavadis.com\/index.php\/wp-json\/wp\/v2\/posts\/70731","targetHints":{"allow":["GET"]}}],"collection":[{"href":"https:\/\/bihavadis.com\/index.php\/wp-json\/wp\/v2\/posts"}],"about":[{"href":"https:\/\/bihavadis.com\/index.php\/wp-json\/wp\/v2\/types\/post"}],"author":[{"embeddable":true,"href":"https:\/\/bihavadis.com\/index.php\/wp-json\/wp\/v2\/users\/1"}],"replies":[{"embeddable":true,"href":"https:\/\/bihavadis.com\/index.php\/wp-json\/wp\/v2\/comments?post=70731"}],"version-history":[{"count":1,"href":"https:\/\/bihavadis.com\/index.php\/wp-json\/wp\/v2\/posts\/70731\/revisions"}],"predecessor-version":[{"id":70736,"href":"https:\/\/bihavadis.com\/index.php\/wp-json\/wp\/v2\/posts\/70731\/revisions\/70736"}],"wp:featuredmedia":[{"embeddable":true,"href":"https:\/\/bihavadis.com\/index.php\/wp-json\/wp\/v2\/media\/70732"}],"wp:attachment":[{"href":"https:\/\/bihavadis.com\/index.php\/wp-json\/wp\/v2\/media?parent=70731"}],"wp:term":[{"taxonomy":"category","embeddable":true,"href":"https:\/\/bihavadis.com\/index.php\/wp-json\/wp\/v2\/categories?post=70731"},{"taxonomy":"post_tag","embeddable":true,"href":"https:\/\/bihavadis.com\/index.php\/wp-json\/wp\/v2\/tags?post=70731"}],"curies":[{"name":"wp","href":"https:\/\/api.w.org\/{rel}","templated":true}]}}