{"id":70750,"date":"2026-03-27T09:39:08","date_gmt":"2026-03-27T09:39:08","guid":{"rendered":"https:\/\/bihavadis.com\/?p=70750"},"modified":"2026-03-27T09:39:08","modified_gmt":"2026-03-27T09:39:08","slug":"iit-genclik-baskenti-konyada-2026-faaliyetleri-icin-isbirligi-protokolu-imzalandi","status":"publish","type":"post","link":"https:\/\/bihavadis.com\/index.php\/2026\/03\/27\/iit-genclik-baskenti-konyada-2026-faaliyetleri-icin-isbirligi-protokolu-imzalandi\/","title":{"rendered":"\u0130\u0130T Gen\u00e7lik Ba\u015fkenti Konya&#8217;da 2026 Faaliyetleri \u0130\u00e7in \u0130\u015fbirli\u011fi Protokol\u00fc \u0130mzaland\u0131"},"content":{"rendered":"<p><strong>Konya\u2019n\u0131n \u0130slam \u0130\u015fbirli\u011fi Te\u015fkilat\u0131 Gen\u00e7lik Forumu taraf\u0131ndan 2026 y\u0131l\u0131 \u0130slam \u0130\u015fbirli\u011fi Te\u015fkilat\u0131 Gen\u00e7lik Ba\u015fkenti se\u00e7ilmesinin ard\u0131ndan Konya B\u00fcy\u00fck\u015fehir Belediyesi ile \u0130slam \u0130\u015fbirli\u011fi Gen\u00e7lik Forumu aras\u0131nda y\u0131l boyunca d\u00fczenlenecek faaliyetlerle ilgili protokol imzaland\u0131. Konya B\u00fcy\u00fck\u015fehir Belediye Ba\u015fkan\u0131 U\u011fur \u0130brahim Altay, B\u00fcy\u00fck\u015fehir Belediyesi olarak gen\u00e7lik konusunda \u00e7ok \u00f6nemli \u00e7al\u0131\u015fmalar y\u00fcr\u00fctt\u00fcklerini belirterek, \u201cBu kapsamda \u015fehrimizde \u0130slam d\u00fcnyas\u0131ndan bir\u00e7ok gencimizi misafir edece\u011fiz. Hem onlar\u0131n Konya&#8217;y\u0131, kadim k\u00fclt\u00fcr\u00fcm\u00fcz\u00fc tan\u0131ma imkanlar\u0131 olacak hem de birlikte gen\u00e7lik ad\u0131na \u00e7ok \u00f6nemli i\u015fler yapm\u0131\u015f olaca\u011f\u0131z\u201d dedi. \u0130slam \u0130\u015fbirli\u011fi Gen\u00e7lik Forumu Ba\u015fkan\u0131 Taha Ayhan, \u201cKonya g\u00f6nl\u00fcm\u00fcz\u00fcn ba\u015fkenti, T\u00fcrkiye&#8217;mizin en sevdi\u011fimiz, en g\u00fczel, en tarihi kentlerinden birisi. \u0130nan\u0131yorum ki Konya&#8217;n\u0131n bu tarihi, k\u00fclt\u00fcrel ve \u00e7ok boyutlu derinli\u011fini, zenginli\u011fini t\u00fcm \u0130slam alemiyle ve t\u00fcm d\u00fcnyayla payla\u015fmak i\u00e7in ICYF olarak bize de g\u00fczel bir f\u0131rsat olacakt\u0131r\u201d diye konu\u015ftu.<\/strong><\/p>\n<hr\/>\n<p>\u0130slam \u0130\u015fbirli\u011fi Te\u015fkilat\u0131 Gen\u00e7lik Forumu (ICYF) taraf\u0131ndan 2026 \u0130slam \u0130\u015fbirli\u011fi Te\u015fkilat\u0131 (\u0130\u0130T) Gen\u00e7lik Ba\u015fkenti se\u00e7ilen Konya\u2019n\u0131n, y\u0131l i\u00e7inde ger\u00e7ekle\u015ftirece\u011fi faaliyetlerle ilgili Konya B\u00fcy\u00fck\u015fehir Belediyesi ile \u0130slam \u0130\u015fbirli\u011fi Gen\u00e7lik Forumu aras\u0131nda i\u015f birli\u011fi protokol\u00fc imzaland\u0131.<\/p>\n<p>B\u00fcy\u00fck\u015fehir Belediyesi Ta\u015f Bina\u2019da d\u00fczenlenen imza t\u00f6reninde konu\u015fan Konya B\u00fcy\u00fck\u015fehir Belediye Ba\u015fkan\u0131 U\u011fur \u0130brahim Altay, B\u00fcy\u00fck\u015fehir Belediyesi olarak gen\u00e7lik konusunda \u00e7ok \u00f6nemli \u00e7al\u0131\u015fmalar y\u00fcr\u00fctt\u00fcklerini s\u00f6yledi.<\/p>\n<p>ICYF taraf\u0131ndan 2026 Gen\u00e7lik Ba\u015fkenti se\u00e7ildiklerini aktaran Ba\u015fkan Altay, \u201c\u0130n\u015fallah y\u0131l boyunca \u00e7e\u015fitli etkinliklerle \u0130slam d\u00fcnyas\u0131yla ortak projeler y\u00fcr\u00fctmeye devam edece\u011fiz\u201d dedi.<\/p>\n<p>Ba\u015fkan Altay, son d\u00f6nemde d\u00fcnyada ya\u015fanan olaylara dikkati \u00e7ekerek, \u201cKonya\u2019n\u0131n, Hazreti Mevlana&#8217;n\u0131n t\u00fcm d\u00fcnyaya ifade etti\u011fi bar\u0131\u015f, huzur ve karde\u015fli\u011fin hakim k\u0131l\u0131nmas\u0131 ad\u0131na s\u00f6yleyece\u011fi \u00e7ok s\u00f6z var.\u00a0<br \/>\u0130slam \u0130\u015fbirli\u011fi Te\u015fkilat\u0131 taraf\u0131ndan gen\u00e7lik ba\u015fkenti olu\u015fumuz, \u00f6zellikle gen\u00e7lere bu manada mesaj vermek i\u00e7in \u00f6nemli bir f\u0131rsat oldu. Bu kapsamda \u015fehrimizde \u0130slam d\u00fcnyas\u0131ndan bir\u00e7ok gencimizi misafir edece\u011fiz. Hem onlar\u0131n Konya&#8217;y\u0131, kadim k\u00fclt\u00fcr\u00fcm\u00fcz\u00fc tan\u0131ma imkanlar\u0131 olacak hem de birlikte gen\u00e7lik ad\u0131na \u00e7ok \u00f6nemli i\u015fler yapm\u0131\u015f olaca\u011f\u0131z\u201d diye konu\u015ftu.<\/p>\n<p><strong>\u201c\u0130N\u015eALLAH B\u0130RL\u0130KTE G\u00dcZEL \u0130\u015eLER YAPARIZ\u201d<\/strong><\/p>\n<p>Konya\u2019n\u0131n daha \u00f6nce D\u00fcnya Spor Ba\u015fkenti unvan\u0131n\u0131 ta\u015f\u0131d\u0131\u011f\u0131n\u0131 an\u0131msatan Ba\u015fkan Altay, \u201cBu y\u0131l \u00a0Avrupa Bisiklet Ba\u015fkentiyiz. Bunun yan\u0131nda ayn\u0131 zamanda \u0130slam \u0130\u015fbirli\u011fi Te\u015fkilat\u0131 taraf\u0131ndan da Gen\u00e7lik Ba\u015fkenti ilan edilmemizin Konya&#8217;m\u0131z\u0131n marka de\u011feri a\u00e7\u0131s\u0131ndan \u00e7ok \u00f6nemli oldu\u011funu d\u00fc\u015f\u00fcn\u00fcyorum. Eme\u011fi ge\u00e7en arkada\u015flar\u0131m\u0131za te\u015fekk\u00fcr ediyorum. De\u011ferli Gen\u00e7lik Forumu\u2019muzun Ba\u015fkan\u0131 Taha Bey&#8217;e te\u015fekk\u00fcr ediyorum. \u0130n\u015fallah birlikte g\u00fczel i\u015fler yapar\u0131z. Bu vesileyle hay\u0131rl\u0131 Ramazanlar diyoruz ve Ramazan&#8217;\u0131n bir an \u00f6nce bar\u0131\u015fa karde\u015fli\u011fe a\u00e7\u0131lan bir s\u00fcrecin ba\u015flang\u0131c\u0131 olmas\u0131n\u0131 temenni ediyoruz. B\u00f6lgemizdeki sava\u015f\u0131n ve ate\u015fin bir an \u00f6nce dinmesini temenni ediyoruz. \u015eehrimize hay\u0131rl\u0131 u\u011furlu olsun in\u015fallah\u201d ifadelerini kulland\u0131.<\/p>\n<p><strong>\u201cKONYA G\u00d6NL\u00dcM\u00dcZ\u00dcN BA\u015eKENT\u0130\u201d\u00a0<\/strong><\/p>\n<p>\u0130slam \u0130\u015fbirli\u011fi Gen\u00e7lik Forumu Ba\u015fkan\u0131 Taha Ayhan da Konya\u2019n\u0131n birle\u015ftirici ve manevi g\u00fcc\u00fcne vurgu yaparak, \u201cKonya g\u00f6nl\u00fcm\u00fcz\u00fcn ba\u015fkenti, T\u00fcrkiye&#8217;mizin en sevdi\u011fimiz, en g\u00fczel, en tarihi kentlerinden birisi. \u0130nan\u0131yorum ki Konya&#8217;n\u0131n bu tarihi, k\u00fclt\u00fcrel ve \u00e7ok boyutlu derinli\u011fini, zenginli\u011fini t\u00fcm \u0130slam alemiyle ve t\u00fcm d\u00fcnyayla payla\u015fmak i\u00e7in ICYF olarak bize de g\u00fczel bir f\u0131rsat olacakt\u0131r. \u00d6zellikle i\u00e7inden ge\u00e7ti\u011fimiz \u015fu zor g\u00fcnlerde Konya&#8217;n\u0131n o bar\u0131\u015f mesaj\u0131n\u0131, o birlikte ya\u015fama mesaj\u0131n\u0131, t\u00fcm insanl\u0131\u011fa hitap eden kadim dostluk mesaj\u0131n\u0131 d\u00fcnyaya adeta bir re\u00e7ete, bir \u00e7are olarak anlatmak i\u00e7in bir f\u0131rsat olacak. Ben bunun da do\u011fru bir tevafuk oldu\u011funa inan\u0131yorum. Rabbim bu f\u0131rsat\u0131 g\u00fczelce de\u011ferlendirip Konya&#8217;m\u0131z\u0131n dostluk mesaj\u0131n\u0131 t\u00fcm insanl\u0131\u011fa payla\u015fmay\u0131 ve t\u00fcm insanl\u0131\u011f\u0131 da Konya&#8217;ya getirip buradan feyizlenmesini ve bereketlenmesini nasip etsin\u201d dedi.<\/p>\n<p>2015 y\u0131l\u0131ndan bu yana her y\u0131l bir \u0130slam \u0130\u015fbirli\u011fi Te\u015fkilat\u0131 (\u0130\u0130T) \u00fcyesi \u00fclkenin \u015fehrinin se\u00e7ildi\u011fi \u0130\u0130T Gen\u00e7lik Ba\u015fkenti program\u0131, gen\u00e7ler aras\u0131nda dayan\u0131\u015fmay\u0131, k\u00fclt\u00fcrel etkile\u015fimi ve ortak vizyonu g\u00fc\u00e7lendirmeyi hedefliyor. Program kapsam\u0131nda seminerler, konferanslar, k\u00fclt\u00fcrel ve sanatsal etkinlikler ile sosyal faaliyetler d\u00fczenleniyor.<\/p>\n<p>\u00a0<\/p>\n<p>\u00a0<\/p>\n<p>Kaynak: (BYZHA) Beyaz Haber Ajans\u0131<\/p>\n","protected":false},"excerpt":{"rendered":"<p>Konya\u2019n\u0131n \u0130slam \u0130\u015fbirli\u011fi Te\u015fkilat\u0131 Gen\u00e7lik Forumu taraf\u0131ndan 2026 y\u0131l\u0131 \u0130slam \u0130\u015fbirli\u011fi Te\u015fkilat\u0131 Gen\u00e7lik Ba\u015fkenti se\u00e7ilmesinin ard\u0131ndan Konya B\u00fcy\u00fck\u015fehir Belediyesi ile \u0130slam \u0130\u015fbirli\u011fi Gen\u00e7lik Forumu aras\u0131nda y\u0131l boyunca d\u00fczenlenecek faaliyetlerle ilgili protokol imzaland\u0131.<\/p>\n","protected":false},"author":1,"featured_media":70751,"comment_status":"open","ping_status":"open","sticky":false,"template":"","format":"standard","meta":{"footnotes":""},"categories":[4],"tags":[1448,437,395,2290,426],"class_list":["post-70750","post","type-post","status-publish","format-standard","has-post-thumbnail","hentry","category-gundem","tag-buyuksehir-belediye","tag-dunya","tag-is","tag-islam","tag-konya"],"_links":{"self":[{"href":"https:\/\/bihavadis.com\/index.php\/wp-json\/wp\/v2\/posts\/70750","targetHints":{"allow":["GET"]}}],"collection":[{"href":"https:\/\/bihavadis.com\/index.php\/wp-json\/wp\/v2\/posts"}],"about":[{"href":"https:\/\/bihavadis.com\/index.php\/wp-json\/wp\/v2\/types\/post"}],"author":[{"embeddable":true,"href":"https:\/\/bihavadis.com\/index.php\/wp-json\/wp\/v2\/users\/1"}],"replies":[{"embeddable":true,"href":"https:\/\/bihavadis.com\/index.php\/wp-json\/wp\/v2\/comments?post=70750"}],"version-history":[{"count":1,"href":"https:\/\/bihavadis.com\/index.php\/wp-json\/wp\/v2\/posts\/70750\/revisions"}],"predecessor-version":[{"id":70752,"href":"https:\/\/bihavadis.com\/index.php\/wp-json\/wp\/v2\/posts\/70750\/revisions\/70752"}],"wp:featuredmedia":[{"embeddable":true,"href":"https:\/\/bihavadis.com\/index.php\/wp-json\/wp\/v2\/media\/70751"}],"wp:attachment":[{"href":"https:\/\/bihavadis.com\/index.php\/wp-json\/wp\/v2\/media?parent=70750"}],"wp:term":[{"taxonomy":"category","embeddable":true,"href":"https:\/\/bihavadis.com\/index.php\/wp-json\/wp\/v2\/categories?post=70750"},{"taxonomy":"post_tag","embeddable":true,"href":"https:\/\/bihavadis.com\/index.php\/wp-json\/wp\/v2\/tags?post=70750"}],"curies":[{"name":"wp","href":"https:\/\/api.w.org\/{rel}","templated":true}]}}