{"id":70780,"date":"2026-03-27T10:03:14","date_gmt":"2026-03-27T10:03:14","guid":{"rendered":"https:\/\/bihavadis.com\/?p=70780"},"modified":"2026-03-27T10:03:14","modified_gmt":"2026-03-27T10:03:14","slug":"dr-inan-mutlu-14-martin-anlami-tibbiyeden-bugune","status":"publish","type":"post","link":"https:\/\/bihavadis.com\/index.php\/2026\/03\/27\/dr-inan-mutlu-14-martin-anlami-tibbiyeden-bugune\/","title":{"rendered":"Dr. \u0130nan Mutlu, 14 Mart\u2019\u0131n Anlam\u0131: T\u0131bbiyeden Bug\u00fcne"},"content":{"rendered":"<p>\u0130\u015fte o yaz\u0131\u2026<\/p>\n<p>\u201c14 Mart, T\u00fcrkiye\u2019de yaln\u0131zca bir meslek g\u00fcn\u00fc de\u011fildir. K\u00f6keni, t\u0131p \u00f6\u011frencilerinin ve hekimlerin tarih sahnesinde \u00fcstlendikleri toplumsal sorumlulu\u011fu hat\u0131rlatan g\u00fc\u00e7l\u00fc bir simgeye dayan\u0131r. 1827\u2019de kurulan Mekteb-i T\u0131bbiye\u2019nin miras\u0131 ve \u00f6zellikle i\u015fgal y\u0131llar\u0131nda t\u0131bbiyelilerin g\u00f6sterdi\u011fi duru\u015f, bu g\u00fcn\u00fcn tarihsel arka plan\u0131n\u0131 olu\u015fturur. O d\u00f6nem gen\u00e7 t\u0131p \u00f6\u011frencileri yaln\u0131zca hekim olma yolunda ilerleyen bireyler de\u011fil, ayn\u0131 zamanda \u00fclkenin gelece\u011fi i\u00e7in sorumluluk alan ayd\u0131nlar olarak g\u00f6r\u00fclm\u00fc\u015ft\u00fcr.<br \/> T\u0131bbiyelilerin Cumhuriyet\u2019in kurulu\u015f s\u00fcreciyle kurdu\u011fu ili\u015fki de bu a\u00e7\u0131dan son derece anlaml\u0131d\u0131r. Cumhuriyet\u2019in bilimsel akla, e\u011fitime ve toplumsal ilerlemeye dayanan karakteri ile t\u0131p e\u011fitiminin rasyonel ve bilimsel temelleri aras\u0131nda g\u00fc\u00e7l\u00fc bir ba\u011f vard\u0131r. Bu nedenle hekimlik mesle\u011fi yaln\u0131zca bir sa\u011fl\u0131k hizmeti \u00fcretme alan\u0131 de\u011fil, ayn\u0131 zamanda kamusal sorumlulu\u011fun ve toplumsal ilerleme idealinin de bir par\u00e7as\u0131 olarak g\u00f6r\u00fclm\u00fc\u015ft\u00fcr\u201d<\/p>\n<figure><img decoding=\"async\" src=\"https:\/\/bihavadis.com\/wp-content\/uploads\/2026\/03\/dr-inan-mutlu-14-martin-anlami-tibbiyeden-bugune-0-VeYWyPSe.jpeg\"\/>Birinci Basamak<\/figure>\n<p><b><strong>Sa\u011fl\u0131k sistemine daha ger\u00e7ek\u00e7i bir g\u00f6zle bakmak gerekiyor<\/strong><\/b><\/p>\n<p>\u201cBug\u00fcn ise 14 Mart\u2019\u0131 kutlarken sa\u011fl\u0131k sistemine daha ger\u00e7ek\u00e7i bir g\u00f6zle bakmak gerekiyor. Sa\u011fl\u0131k hizmetine eri\u015fimin artmas\u0131 ku\u015fkusuz toplum a\u00e7\u0131s\u0131ndan \u00f6nemli bir kazan\u0131md\u0131r. Ancak sa\u011fl\u0131k sisteminin ba\u015far\u0131s\u0131 yaln\u0131zca hekime ula\u015fabilme kolayl\u0131\u011f\u0131yla \u00f6l\u00e7\u00fclemez. Nitelikli, g\u00fcvenli ve s\u00fcrd\u00fcr\u00fclebilir bir sa\u011fl\u0131k hizmeti sunulup sunulamad\u0131\u011f\u0131 da en az eri\u015fim kadar \u00f6nemli bir \u00f6l\u00e7\u00fctt\u00fcr. Toplumda sa\u011fl\u0131k hizmetinin kalitesine ili\u015fkin de\u011ferlendirmelerin \u00e7o\u011fu zaman yaln\u0131zca \u201crandevu alabilmek\u201d veya \u201chekime ula\u015fabilmek\u201d \u00fczerinden yap\u0131lmas\u0131, sistemin b\u00fct\u00fcnc\u00fcl bi\u00e7imde tart\u0131\u015f\u0131lmas\u0131n\u0131 zorla\u015ft\u0131rmaktad\u0131r.<br \/> Ger\u00e7ekte sa\u011fl\u0131k hizmetinin \u00f6nemli bir b\u00f6l\u00fcm\u00fc, hekimlerin ve sa\u011fl\u0131k \u00e7al\u0131\u015fanlar\u0131n\u0131n ki\u015fisel \u00f6zverileri sayesinde y\u00fcr\u00fcmektedir. Yo\u011fun \u00e7al\u0131\u015fma temposu, artan hasta y\u00fck\u00fc ve s\u0131n\u0131rl\u0131 kaynaklar i\u00e7inde sa\u011fl\u0131k \u00e7al\u0131\u015fanlar\u0131 mesleklerine duyduklar\u0131 sorumlulukla sistemi ayakta tutmaya \u00e7al\u0131\u015fmaktad\u0131r. Sa\u011fl\u0131k sisteminde aksayan pek \u00e7ok nokta, \u00e7o\u011fu zaman bu bireysel \u00e7abalar sayesinde telafi edilmektedir\u201d<\/p>\n<figure><img decoding=\"async\" src=\"https:\/\/bihavadis.com\/wp-content\/uploads\/2026\/03\/dr-inan-mutlu-14-martin-anlami-tibbiyeden-bugune-1-Ki4kgCk5.jpg\"\/>Hekimler ne kadar vergi \u00f6deyecek<\/figure>\n<p><b>Hekimlere y\u00f6nelik \u015fiddet g\u00f6rmezden gelinemeyecek boyutlara ula\u015fm\u0131\u015ft\u0131r<\/b><\/p>\n<p>\u201cBununla birlikte hekimlere y\u00f6nelik \u015fiddet sorunu da art\u0131k g\u00f6rmezden gelinemeyecek boyutlara ula\u015fm\u0131\u015ft\u0131r. Sa\u011fl\u0131k kurumlar\u0131n\u0131n g\u00fcvenli \u00e7al\u0131\u015fma alanlar\u0131 olmas\u0131 gerekirken, hekimlerin ve sa\u011fl\u0131k \u00e7al\u0131\u015fanlar\u0131n\u0131n zaman zaman fiziksel ya da s\u00f6zl\u00fc \u015fiddetle kar\u015f\u0131 kar\u015f\u0131ya kalmas\u0131 hem mesleki motivasyonu hem de sa\u011fl\u0131k hizmetinin niteli\u011fini olumsuz etkilemektedir. \u015eiddetin hi\u00e7bir ko\u015fulda kabul edilemez oldu\u011fu ve sa\u011fl\u0131k \u00e7al\u0131\u015fanlar\u0131n\u0131n g\u00fcvenli bir ortamda \u00e7al\u0131\u015fmas\u0131n\u0131n toplum sa\u011fl\u0131\u011f\u0131 i\u00e7in de vazge\u00e7ilmez oldu\u011fu a\u00e7\u0131kt\u0131r. Hekimlerin \u00e7al\u0131\u015fma ko\u015fullar\u0131 ve \u00f6zl\u00fck haklar\u0131 da bu tablonun \u00f6nemli bir par\u00e7as\u0131d\u0131r. \u00dclkenin genel ekonomik ko\u015fullar\u0131 sa\u011fl\u0131k \u00e7al\u0131\u015fanlar\u0131n\u0131 da do\u011frudan etkilemektedir. Artan i\u015f y\u00fck\u00fc, uzun \u00e7al\u0131\u015fma saatleri ve ekonomik zorluklar, gen\u00e7 hekimlerin mesle\u011fe bak\u0131\u015f\u0131n\u0131 ve gelece\u011fe dair beklentilerini \u015fekillendirmektedir. Sa\u011fl\u0131k sisteminin s\u00fcrd\u00fcr\u00fclebilirli\u011fi i\u00e7in yaln\u0131zca fiziksel altyap\u0131n\u0131n de\u011fil, sa\u011fl\u0131k \u00e7al\u0131\u015fanlar\u0131n\u0131n mesleki ve ekonomik ko\u015fullar\u0131n\u0131n da g\u00fc\u00e7lendirilmesi gerekmektedir.<br \/> 14 Mart, bu nedenle yaln\u0131zca bir kutlama g\u00fcn\u00fc de\u011fil; sa\u011fl\u0131k hizmetinin niteli\u011fini, hekimlerin \u00e7al\u0131\u015fma ko\u015fullar\u0131n\u0131 ve toplumun sa\u011fl\u0131k hakk\u0131n\u0131 birlikte d\u00fc\u015f\u00fcnme f\u0131rsat\u0131d\u0131r. Nitelikli, eri\u015filebilir ve kamusal sorumluluk bilinciyle y\u00fcr\u00fct\u00fclen bir sa\u011fl\u0131k sistemi, hem sa\u011fl\u0131k \u00e7al\u0131\u015fanlar\u0131n\u0131n eme\u011fine sayg\u0131n\u0131n hem de toplumun sa\u011fl\u0131kl\u0131 bir gelece\u011fe olan hakk\u0131n\u0131n en \u00f6nemli g\u00fcvencesidir.<br \/> T\u0131bbiyeden bug\u00fcne uzanan bu birikim, hekimli\u011fin yaln\u0131zca bir meslek de\u011fil ayn\u0131 zamanda toplumsal bir sorumluluk oldu\u011funu hat\u0131rlatmaya devam etmektedir\u201d (BSHA \u2013 Bilim ve Sa\u011fl\u0131k Haber Ajans\u0131)<\/p>\n","protected":false},"excerpt":{"rendered":"<p>\u0130zmir Tabip Odas\u0131 Y\u00f6netim Kurulu \u00dcyesi Uzm.Dr. \u0130nan Mutlu, 14 Mart T\u0131p Bayram\u0131 nedeniyle bir a\u00e7\u0131klama yapt\u0131.<\/p>\n","protected":false},"author":1,"featured_media":70781,"comment_status":"open","ping_status":"open","sticky":false,"template":"","format":"standard","meta":{"footnotes":""},"categories":[11],"tags":[378,157,1030,1796,367],"class_list":["post-70780","post","type-post","status-publish","format-standard","has-post-thumbnail","hentry","category-saglik","tag-calisma","tag-saglik","tag-toplum","tag-yalnizca","tag-zaman"],"_links":{"self":[{"href":"https:\/\/bihavadis.com\/index.php\/wp-json\/wp\/v2\/posts\/70780","targetHints":{"allow":["GET"]}}],"collection":[{"href":"https:\/\/bihavadis.com\/index.php\/wp-json\/wp\/v2\/posts"}],"about":[{"href":"https:\/\/bihavadis.com\/index.php\/wp-json\/wp\/v2\/types\/post"}],"author":[{"embeddable":true,"href":"https:\/\/bihavadis.com\/index.php\/wp-json\/wp\/v2\/users\/1"}],"replies":[{"embeddable":true,"href":"https:\/\/bihavadis.com\/index.php\/wp-json\/wp\/v2\/comments?post=70780"}],"version-history":[{"count":1,"href":"https:\/\/bihavadis.com\/index.php\/wp-json\/wp\/v2\/posts\/70780\/revisions"}],"predecessor-version":[{"id":70784,"href":"https:\/\/bihavadis.com\/index.php\/wp-json\/wp\/v2\/posts\/70780\/revisions\/70784"}],"wp:featuredmedia":[{"embeddable":true,"href":"https:\/\/bihavadis.com\/index.php\/wp-json\/wp\/v2\/media\/70781"}],"wp:attachment":[{"href":"https:\/\/bihavadis.com\/index.php\/wp-json\/wp\/v2\/media?parent=70780"}],"wp:term":[{"taxonomy":"category","embeddable":true,"href":"https:\/\/bihavadis.com\/index.php\/wp-json\/wp\/v2\/categories?post=70780"},{"taxonomy":"post_tag","embeddable":true,"href":"https:\/\/bihavadis.com\/index.php\/wp-json\/wp\/v2\/tags?post=70780"}],"curies":[{"name":"wp","href":"https:\/\/api.w.org\/{rel}","templated":true}]}}