{"id":70788,"date":"2026-03-27T10:09:10","date_gmt":"2026-03-27T10:09:10","guid":{"rendered":"https:\/\/bihavadis.com\/?p=70788"},"modified":"2026-03-27T10:09:10","modified_gmt":"2026-03-27T10:09:10","slug":"14-mart-hekimlerin-gunudur-sorunlar-gormezden-gelinemez","status":"publish","type":"post","link":"https:\/\/bihavadis.com\/index.php\/2026\/03\/27\/14-mart-hekimlerin-gunudur-sorunlar-gormezden-gelinemez\/","title":{"rendered":"\u201c14 Mart Hekimlerin G\u00fcn\u00fcd\u00fcr; Sorunlar G\u00f6rmezden Gelinemez\u201d"},"content":{"rendered":"<p>Hekim Birli\u011fi Sendikas\u0131 Genel Ba\u015fkan\u0131 Dr. Hatice \u00c7er\u00e7i Balc\u0131 ve sendika y\u00f6netimi 14 Mart T\u0131p Bayram\u0131 nedeniyle Ankara\u2019da bir bas\u0131n a\u00e7\u0131klamas\u0131 yapt\u0131.<\/p>\n<p><b>\u201cHekimlerin ya\u015fad\u0131\u011f\u0131 sorunlar\u0131n konu\u015fulmas\u0131 gerekir\u201d<\/b><\/p>\n<p>Genel Ba\u015fkan Dr. Hatice \u00c7er\u00e7i Balc\u0131 taraf\u0131ndan okunan a\u00e7\u0131klamadan ba\u015fl\u0131klar \u015f\u00f6yle, \u201c<span>14 Mart 1827\u2019de, II. Mahmud d<\/span><span>\u00f6<\/span><span>neminde modern t<\/span><span>\u0131<\/span><span>p e<\/span><span>\u011f<\/span><span>itiminin ba<\/span><span>\u015f<\/span><span>lad<\/span><span>\u0131\u011f\u0131 <\/span><span>g<\/span><span>\u00fc<\/span><span>n<\/span><span>\u00fc<\/span><span>n y<\/span><span>\u0131<\/span><span>l d<\/span><span>\u00f6<\/span><span>n<\/span><span>\u00fc<\/span><span>m<\/span><span>\u00fc <\/span><span>olan bu tarih, ayn<\/span><span>\u0131 <\/span><span>zamanda hekimlerin meslek onurunun ve m<\/span><span>\u00fc<\/span><span>cadelesinin simgesidir. Bu nedenle 14 Mart tarihsel olarak hekimlerin bayram<\/span><span>\u0131<\/span><span>d<\/span><span>\u0131<\/span><span>r. <\/span><span>D<\/span><span>\u00fc<\/span><span>n Sa<\/span><span>\u011f<\/span><span>l<\/span><span>\u0131<\/span><span>k Bakan<\/span><span>\u0131 <\/span><span>Kemal Memi<\/span><span>\u015f<\/span><span>o<\/span><span>\u011f<\/span><span>lu taraf<\/span><span>\u0131<\/span><span>ndan yap<\/span><span>\u0131<\/span><span>lan a<\/span><span>\u00e7\u0131<\/span><span>klamada <\/span><span>\u201c<\/span><span>sa<\/span><span>\u011f<\/span><span>l<\/span><span>\u0131<\/span><span>k <\/span><span>\u00e7<\/span><span>al<\/span><span>\u0131\u015f<\/span><span>anlar<\/span><span>\u0131<\/span><span>n<\/span><span>\u0131<\/span><span>n T<\/span><span>\u0131<\/span><span>p Bayram<\/span><span>\u0131\u201d <\/span><span>tebrik edilmi<\/span><span>\u015f<\/span><span>tir. Elbette sa<\/span><span>\u011f<\/span><span>l<\/span><span>\u0131<\/span><span>k hizmeti bir ekip i<\/span><span>\u015f<\/span><span>idir ve sa<\/span><span>\u011f<\/span><span>l<\/span><span>\u0131<\/span><span>k sisteminde g<\/span><span>\u00f6<\/span><span>rev yapan herkes de<\/span><span>\u011f<\/span><span>erlidir. Ancak 14 Mart<\/span><span>\u2019\u0131<\/span><span>n tarihsel anlam<\/span><span>\u0131 <\/span><span>a<\/span><span>\u00e7\u0131<\/span><span>kt<\/span><span>\u0131<\/span><span>r: 14 Mart hekimlerin g<\/span><span>\u00fc<\/span><span>n<\/span><span>\u00fc<\/span><span>d<\/span><span>\u00fc<\/span><span>r. Bu ger<\/span><span>\u00e7<\/span><span>e<\/span><span>\u011f<\/span><span>in g<\/span><span>\u00f6<\/span><span>z ard<\/span><span>\u0131 <\/span><span>edilmesi yerine bug<\/span><span>\u00fc<\/span><span>n hekimlerin ya<\/span><span>\u015f<\/span><span>ad<\/span><span>\u0131\u011f\u0131 <\/span><span>sorunlar<\/span><span>\u0131<\/span><span>n konu<\/span><span>\u015f<\/span><span>ulmas<\/span><span>\u0131 <\/span><span>gerekir. <\/span><span>Ne yaz<\/span><span>\u0131<\/span><span>k ki bug<\/span><span>\u00fc<\/span><span>n hekimler a<\/span><span>\u00e7\u0131<\/span><span>s<\/span><span>\u0131<\/span><span>ndan kutlama yapmaktan <\/span><span>\u00e7<\/span><span>ok, mesle<\/span><span>\u011f<\/span><span>imizi giderek zorla<\/span><span>\u015f<\/span><span>t<\/span><span>\u0131<\/span><span>ran sorunlar<\/span><span>\u0131 <\/span><span>dile getirdi<\/span><span>\u011f<\/span><span>imiz bir d<\/span><span>\u00f6<\/span><span>nemden ge<\/span><span>\u00e7<\/span><span>iyoruz.<\/span><\/p>\n<p><b>\u201cSon y\u0131llarda hekimlerin kar\u015f\u0131 kar\u015f\u0131ya kald\u0131klar\u0131 bask\u0131lar giderek art\u0131yor\u201d<\/b><\/p>\n<p><span>Hekim Birli<\/span><span>\u011f<\/span><span>i olarak; <\/span><span>\u00d6\u011f<\/span><span>retim <\/span><span>\u00fc<\/span><span>yelerinin, uzman hekimlerin, asistan hekimlerin, di<\/span><span>\u015f <\/span><span>hekimlerinin ve aile hekimlerinin sahada ya<\/span><span>\u015f<\/span><span>ad<\/span><span>\u0131\u011f\u0131 <\/span><span>sorunlar<\/span><span>\u0131 <\/span><span>ve <\/span><span>\u00e7\u00f6<\/span><span>z<\/span><span>\u00fc<\/span><span>m taleplerimizi kamuoyuyla payla<\/span><span>\u015f<\/span><span>mak istiyoruz. <\/span><span>Son y<\/span><span>\u0131<\/span><span>llarda hekimlerin mesleklerini icra ederken kar<\/span><span>\u015f\u0131 <\/span><span>kar<\/span><span>\u015f\u0131<\/span><span>ya kald<\/span><span>\u0131<\/span><span>klar<\/span><span>\u0131 <\/span><span>bask<\/span><span>\u0131<\/span><span>lar giderek artmaktad<\/span><span>\u0131<\/span><span>r. <\/span><span>Her <\/span><span>\u015f<\/span><span>eyden <\/span><span>\u00f6<\/span><span>nce sa<\/span><span>\u011f<\/span><span>l<\/span><span>\u0131<\/span><span>kta <\/span><span>\u015f<\/span><span>iddet art<\/span><span>\u0131<\/span><span>k m<\/span><span>\u00fc<\/span><span>nferit olaylar olmaktan <\/span><span>\u00e7\u0131<\/span><span>km<\/span><span>\u0131\u015f<\/span><span>, ciddi bir g<\/span><span>\u00fc<\/span><span>venlik sorununa d<\/span><span>\u00f6<\/span><span>n<\/span><span>\u00fc\u015f<\/span><span>m<\/span><span>\u00fc\u015f<\/span><span>t<\/span><span>\u00fc<\/span><span>r. Hastanelerde ve aile sa<\/span><span>\u011f<\/span><span>l<\/span><span>\u0131\u011f\u0131 <\/span><span>merkezlerinde g<\/span><span>\u00f6<\/span><span>rev yapan hekimler her g<\/span><span>\u00fc<\/span><span>n s<\/span><span>\u00f6<\/span><span>zl<\/span><span>\u00fc <\/span><span>veya fiziksel <\/span><span>\u015f<\/span><span>iddet riski alt<\/span><span>\u0131<\/span><span>nda <\/span><span>\u00e7<\/span><span>al<\/span><span>\u0131\u015f<\/span><span>maktad<\/span><span>\u0131<\/span><span>r. Hekimlerin g<\/span><span>\u00fc<\/span><span>venli bir ortamda g<\/span><span>\u00f6<\/span><span>rev yapamad<\/span><span>\u0131\u011f\u0131 <\/span><span>bir sa<\/span><span>\u011f<\/span><span>l<\/span><span>\u0131<\/span><span>k sisteminin s<\/span><span>\u00fc<\/span><span>rd<\/span><span>\u00fc<\/span><span>r<\/span><span>\u00fc<\/span><span>lebilir olmas<\/span><span>\u0131 <\/span><span>m<\/span><span>\u00fc<\/span><span>mk<\/span><span>\u00fc<\/span><span>n de<\/span><span>\u011f<\/span><span>ildir. <\/span><span>Bunun yan<\/span><span>\u0131<\/span><span>nda hekimler <\/span><span>\u00e7<\/span><span>o<\/span><span>\u011f<\/span><span>u zaman belirsiz ve uzun s<\/span><span>\u00fc<\/span><span>ren soru<\/span><span>\u015f<\/span><span>turma s<\/span><span>\u00fc<\/span><span>re<\/span><span>\u00e7<\/span><span>leri ile kar<\/span><span>\u015f\u0131 <\/span><span>kar<\/span><span>\u015f\u0131<\/span><span>ya kalmaktad<\/span><span>\u0131<\/span><span>r. <\/span><span>\u0130<\/span><span>dari soru<\/span><span>\u015f<\/span><span>turmalar bir<\/span><span>\u00e7<\/span><span>ok durumda <\/span><span>\u015f<\/span><span>effafl<\/span><span>\u0131<\/span><span>ktan uzak <\/span><span>\u015f<\/span><span>ekilde y<\/span><span>\u00fc<\/span><span>r<\/span><span>\u00fc<\/span><span>t<\/span><span>\u00fc<\/span><span>lmekte ve hekimler <\/span><span>\u00fc<\/span><span>zerinde ciddi bir bask<\/span><span>\u0131 <\/span><span>olu<\/span><span>\u015f<\/span><span>turmaktad<\/span><span>\u0131<\/span><span>r. <\/span><span>Hekimler ayr<\/span><span>\u0131<\/span><span>ca malpraktis bask<\/span><span>\u0131<\/span><span>s<\/span><span>\u0131 <\/span><span>alt<\/span><span>\u0131<\/span><span>nda <\/span><span>\u00e7<\/span><span>al<\/span><span>\u0131\u015f<\/span><span>maktad<\/span><span>\u0131<\/span><span>r. T<\/span><span>\u0131<\/span><span>bbi uygulamalar<\/span><span>\u0131<\/span><span>n do<\/span><span>\u011f<\/span><span>as<\/span><span>\u0131<\/span><span>nda bulunan riskler <\/span><span>\u00e7<\/span><span>o<\/span><span>\u011f<\/span><span>u zaman g<\/span><span>\u00f6<\/span><span>z ard<\/span><span>\u0131 <\/span><span>edilmekte, her olumsuz sonu<\/span><span>\u00e7 <\/span><span>hekimin kusuru gibi de<\/span><span>\u011f<\/span><span>erlendirilmekte ve bu durum savunmac<\/span><span>\u0131 <\/span><span>t<\/span><span>\u0131<\/span><span>p uygulamalar<\/span><span>\u0131<\/span><span>n<\/span><span>\u0131<\/span><span>n artmas<\/span><span>\u0131<\/span><span>na neden olmaktad<\/span><span>\u0131<\/span><span>r. <\/span><span>Bunun yan<\/span><span>\u0131<\/span><span>nda r<\/span><span>\u00fc<\/span><span>cu uygulamalar<\/span><span>\u0131<\/span><span>, hekimlerin mesleki faaliyetleri s<\/span><span>\u0131<\/span><span>ras<\/span><span>\u0131<\/span><span>nda s<\/span><span>\u00fc<\/span><span>rekli bir mali riskle kar<\/span><span>\u015f\u0131 <\/span><span>kar<\/span><span>\u015f\u0131<\/span><span>ya kalmas<\/span><span>\u0131<\/span><span>na neden olmaktad<\/span><span>\u0131<\/span><span>r. Hekimlerin mesleklerini bu kadar a<\/span><span>\u011f\u0131<\/span><span>r hukuki ve ekonomik bask<\/span><span>\u0131 <\/span><span>alt<\/span><span>\u0131<\/span><span>nda icra etmeleri kabul edilebilir de<\/span><span>\u011f<\/span><span>ildir. <\/span><span>T<\/span><span>\u00fc<\/span><span>m bu sorunlar<\/span><span>\u0131<\/span><span>n yan<\/span><span>\u0131<\/span><span>nda sa<\/span><span>\u011f<\/span><span>l<\/span><span>\u0131<\/span><span>k sisteminin farkl<\/span><span>\u0131 <\/span><span>alanlar<\/span><span>\u0131<\/span><span>nda g<\/span><span>\u00f6<\/span><span>rev yapan hekimlerin kendilerine <\/span><span>\u00f6<\/span><span>zg<\/span><span>\u00fc <\/span><span>ciddi sorunlar<\/span><span>\u0131 <\/span><span>bulunmaktad<\/span><span>\u0131<\/span><span>r.<\/span><\/p>\n<p><img decoding=\"async\" src=\"https:\/\/bihavadis.com\/wp-content\/uploads\/2026\/03\/14-mart-hekimlerin-gunudur-sorunlar-gormezden-gelinemez-0-MPpjKrzz.jpeg\"\/><\/p>\n<p><span>Hastanelerde g<\/span><span>\u00f6<\/span><span>rev yapan uzman hekimler, giderek artan hasta y<\/span><span>\u00fc<\/span><span>k<\/span><span>\u00fc <\/span><span>alt<\/span><span>\u0131<\/span><span>nda <\/span><span>\u00e7<\/span><span>al<\/span><span>\u0131\u015f<\/span><span>maktad<\/span><span>\u0131<\/span><span>r. Bir<\/span><span>\u00e7<\/span><span>ok bran<\/span><span>\u015f<\/span><span>ta poliklinik s<\/span><span>\u00fc<\/span><span>releri ger<\/span><span>\u00e7<\/span><span>ek<\/span><span>\u00e7<\/span><span>i olmaktan uzak <\/span><span>\u015f<\/span><span>ekilde planlanmakta, hekimlerden <\/span><span>\u00e7<\/span><span>ok k<\/span><span>\u0131<\/span><span>sa s<\/span><span>\u00fc<\/span><span>relerde <\/span><span>\u00e7<\/span><span>ok say<\/span><span>\u0131<\/span><span>da hastaya bakmalar<\/span><span>\u0131 <\/span><span>beklenmektedir. Bu durum hem hekimlerin t<\/span><span>\u00fc<\/span><span>kenmi<\/span><span>\u015f<\/span><span>li<\/span><span>\u011f<\/span><span>ini art<\/span><span>\u0131<\/span><span>rmakta hem de sa<\/span><span>\u011f<\/span><span>l<\/span><span>\u0131<\/span><span>k hizmetinin niteli<\/span><span>\u011f<\/span><span>ini olumsuz etkilemektedir. <\/span><span>Di<\/span><span>\u015f <\/span><span>hekimleri ise kamu a<\/span><span>\u011f\u0131<\/span><span>z ve di<\/span><span>\u015f <\/span><span>sa<\/span><span>\u011f<\/span><span>l<\/span><span>\u0131\u011f\u0131 <\/span><span>merkezlerinde yo<\/span><span>\u011f<\/span><span>un hasta y<\/span><span>\u00fc<\/span><span>k<\/span><span>\u00fc <\/span><span>ve performans bask<\/span><span>\u0131<\/span><span>s<\/span><span>\u0131 <\/span><span>alt<\/span><span>\u0131<\/span><span>nda g<\/span><span>\u00f6<\/span><span>rev yapmaktad<\/span><span>\u0131<\/span><span>r. <\/span><span>\u00c7<\/span><span>ok k<\/span><span>\u0131<\/span><span>sa randevu s<\/span><span>\u00fc<\/span><span>releri i<\/span><span>\u00e7<\/span><span>erisinde nitelikli tedavi sunmak zorunda b<\/span><span>\u0131<\/span><span>rak<\/span><span>\u0131<\/span><span>lan di<\/span><span>\u015f <\/span><span>hekimleri hem mesleki hem de fiziksel olarak ciddi bir bask<\/span><span>\u0131 <\/span><span>alt<\/span><span>\u0131<\/span><span>ndad<\/span><span>\u0131<\/span><span>r. A<\/span><span>ile hekimleri ise birinci basamak sa<\/span><span>\u011f<\/span><span>l<\/span><span>\u0131<\/span><span>k hizmetlerinin temelini olu<\/span><span>\u015f<\/span><span>turmas<\/span><span>\u0131<\/span><span>na ra<\/span><span>\u011f<\/span><span>men son d<\/span><span>\u00f6<\/span><span>nemde giderek artan idari ve mali bask<\/span><span>\u0131<\/span><span>larla kar<\/span><span>\u015f\u0131 <\/span><span>kar<\/span><span>\u015f\u0131<\/span><span>ya kalmaktad<\/span><span>\u0131<\/span><span>r. Ba<\/span><span>\u015f<\/span><span>vuru say<\/span><span>\u0131<\/span><span>s<\/span><span>\u0131<\/span><span>, re<\/span><span>\u00e7<\/span><span>ete yaz<\/span><span>\u0131<\/span><span>m<\/span><span>\u0131 <\/span><span>ve farkl<\/span><span>\u0131 <\/span><span>idari kriterler <\/span><span>\u00fc<\/span><span>zerinden yap<\/span><span>\u0131<\/span><span>lan kesintiler aile hekimli<\/span><span>\u011f<\/span><span>i sisteminin s<\/span><span>\u00fc<\/span><span>rd<\/span><span>\u00fc<\/span><span>r<\/span><span>\u00fc<\/span><span>lebilirli<\/span><span>\u011f<\/span><span>ini zedelemektedir. <\/span><span>Birinci basamak sa<\/span><span>\u011f<\/span><span>l<\/span><span>\u0131<\/span><span>k hizmetleri g<\/span><span>\u00fc\u00e7<\/span><span>lendirilmeden sa<\/span><span>\u011f<\/span><span>l<\/span><span>\u0131<\/span><span>k sisteminin s<\/span><span>\u00fc<\/span><span>rd<\/span><span>\u00fc<\/span><span>r<\/span><span>\u00fc<\/span><span>lebilir olmas<\/span><span>\u0131 <\/span><span>m<\/span><span>\u00fc<\/span><span>mk<\/span><span>\u00fc<\/span><span>n de<\/span><span>\u011f<\/span><span>ildir\u201d<\/span><\/p>\n<p><b>2026 D\u00f6nemi taleplerimiz<\/b><\/p>\n<p><span>Ge<\/span><span>\u00e7<\/span><span>ici g<\/span><span>\u00f6<\/span><span>revlendirmeler, kamu yarar<\/span><span>\u0131<\/span><span>ndan ziyade bir cezaland<\/span><span>\u0131<\/span><span>rma ve mobbing arac<\/span><span>\u0131 <\/span><span>haline gelmi<\/span><span>\u015f<\/span><span>, hekimler i<\/span><span>\u00e7<\/span><span>in <\/span><span>\u0131<\/span><span>zd<\/span><span>\u0131<\/span><span>rap verici olmu<\/span><span>\u015f<\/span><span>tur. <\/span><span>Hekim Birli<\/span><span>\u011f<\/span><span>i olarak 2026 d<\/span><span>\u00f6<\/span><span>nemi i<\/span><span>\u00e7<\/span><span>in taleplerimizi kamuoyuyla payla<\/span><span>\u015f\u0131<\/span><span>yoruz:<\/span><\/p>\n<p><span>1) Emeklili<\/span><span>\u011f<\/span><span>e Yans<\/span><span>\u0131<\/span><span>yan K<\/span><span>\u00f6<\/span><span>k Maa<\/span><span>\u015f <\/span><span>ve Sabit Ek <\/span><span>\u00d6<\/span><span>deme D<\/span><span>\u00fc<\/span><span>zenlemesi<\/span><\/p>\n<p><span>Emeklili<\/span><span>\u011f<\/span><span>e yans<\/span><span>\u0131<\/span><span>yan k<\/span><span>\u00f6<\/span><span>k maa<\/span><span>\u015f\u0131<\/span><span>n en az 40.000 TL art<\/span><span>\u0131<\/span><span>r<\/span><span>\u0131<\/span><span>lmas<\/span><span>\u0131<\/span><span>,<\/span><\/p>\n<p><span>Bu art<\/span><span>\u0131\u015f<\/span><span>a paralel olarak sabit ek <\/span><span>\u00f6<\/span><span>demenin de ayn<\/span><span>\u0131 <\/span><span>oranda art<\/span><span>\u0131<\/span><span>r<\/span><span>\u0131<\/span><span>lmas<\/span><span>\u0131<\/span><span>,<\/span><\/p>\n<p><span>Taban ek <\/span><span>\u00f6<\/span><span>demenin ise en az %50 oran<\/span><span>\u0131<\/span><span>nda art<\/span><span>\u0131<\/span><span>r<\/span><span>\u0131<\/span><span>lmas<\/span><span>\u0131 <\/span><span>talep edilmektedir.<\/span><\/p>\n<p><span>2) N<\/span><span>\u00f6<\/span><span>bet <\/span><span>\u00dc<\/span><span>cretlerinin Art<\/span><span>\u0131<\/span><span>r<\/span><span>\u0131<\/span><span>lmas<\/span><span>\u0131<\/span><\/p>\n<p><span>\u0130<\/span><span>cap n<\/span><span>\u00f6<\/span><span>beti dahil olmak <\/span><span>\u00fc<\/span><span>zere t<\/span><span>\u00fc<\/span><span>m n<\/span><span>\u00f6<\/span><span>bet t<\/span><span>\u00fc<\/span><span>rlerine %100 oran<\/span><span>\u0131<\/span><span>nda zam yap<\/span><span>\u0131<\/span><span>lmas<\/span><span>\u0131<\/span><span>,<\/span><\/p>\n<p><span>Bu d<\/span><span>\u00fc<\/span><span>zenlemenin 14 Mart T<\/span><span>\u0131<\/span><span>p Bayram<\/span><span>\u0131 <\/span><span>tarihine kadar y<\/span><span>\u00fc<\/span><span>r<\/span><span>\u00fc<\/span><span>rl<\/span><span>\u00fc\u011f<\/span><span>e konulmas<\/span><span>\u0131 <\/span><span>talep edilmektedir.<\/span><\/p>\n<p><span>3) Y<\/span><span>\u0131<\/span><span>ll<\/span><span>\u0131<\/span><span>k <\/span><span>\u0130<\/span><span>zinlerde Ek <\/span><span>\u00d6<\/span><span>deme D<\/span><span>\u00fc<\/span><span>zenlemesi<\/span><\/p>\n<p><span>H<\/span><span>\u00e2<\/span><span>lihaz<\/span><span>\u0131<\/span><span>rda 12 g<\/span><span>\u00fc<\/span><span>n y<\/span><span>\u0131<\/span><span>ll<\/span><span>\u0131<\/span><span>k izin i<\/span><span>\u00e7<\/span><span>in verilen ortalama ek <\/span><span>\u00f6<\/span><span>demenin,<\/span><\/p>\n<p><span>30 g<\/span><span>\u00fc<\/span><span>n y<\/span><span>\u0131<\/span><span>ll<\/span><span>\u0131<\/span><span>k izin s<\/span><span>\u00fc<\/span><span>resinin tamam<\/span><span>\u0131<\/span><span>n<\/span><span>\u0131 <\/span><span>kapsayacak <\/span><span>\u015f<\/span><span>ekilde yeniden d<\/span><span>\u00fc<\/span><span>zenlenmesi talep edilmektedir.<\/span><\/p>\n<p><span>4) Di<\/span><span>\u015f <\/span><span>Hekimlerinde Ek <\/span><span>\u00d6<\/span><span>deme Adaleti<\/span><\/p>\n<p><span>Di<\/span><span>\u015f <\/span><span>hekimlerine yap<\/span><span>\u0131<\/span><span>lan ek <\/span><span>\u00f6<\/span><span>deme da<\/span><span>\u011f\u0131<\/span><span>t<\/span><span>\u0131<\/span><span>m oran<\/span><span>\u0131<\/span><span>n<\/span><span>\u0131<\/span><span>n %36<\/span><span>\u2019<\/span><span>n<\/span><span>\u0131<\/span><span>n <\/span><span>\u00fc<\/span><span>zerine <\/span><span>\u00e7\u0131<\/span><span>kar<\/span><span>\u0131<\/span><span>lmas<\/span><span>\u0131<\/span><\/p>\n<p><span>veya 6 ayl<\/span><span>\u0131<\/span><span>k memur maa<\/span><span>\u015f <\/span><span>zamm<\/span><span>\u0131 <\/span><span>oran<\/span><span>\u0131<\/span><span>nda art<\/span><span>\u0131<\/span><span>r<\/span><span>\u0131<\/span><span>lacak sabit bir ek <\/span><span>\u00f6<\/span><span>deme katsay<\/span><span>\u0131<\/span><span>s<\/span><span>\u0131<\/span><span>n<\/span><span>\u0131<\/span><span>n belirlenerek ba<\/span><span>\u015f<\/span><span>lang<\/span><span>\u0131\u00e7<\/span><span>ta 2,4 olarak uygulanmas<\/span><span>\u0131 <\/span><span>talep edilmektedir.<\/span><\/p>\n<p><span>5) Aile Hekimli<\/span><span>\u011f<\/span><span>inde <\/span><span>\u0130<\/span><span>zin ve G<\/span><span>\u00f6<\/span><span>revlendirme D<\/span><span>\u00fc<\/span><span>zenlemesi<\/span><\/p>\n<p><span>Mevcut uygulamada y<\/span><span>\u0131<\/span><span>ll<\/span><span>\u0131<\/span><span>k izin kullanan aile hekiminin bir ba<\/span><span>\u015f<\/span><span>ka birime vek<\/span><span>\u00e2<\/span><span>let b<\/span><span>\u0131<\/span><span>rakmak zorunda olmas<\/span><span>\u0131<\/span><span>, vek<\/span><span>\u00e2<\/span><span>let alan hekimin ise herhangi bir ek mali hak elde etmeden ikinci birimin t<\/span><span>\u00fc<\/span><span>m i<\/span><span>\u015f <\/span><span>ve i<\/span><span>\u015f<\/span><span>lemlerini y<\/span><span>\u00fc<\/span><span>r<\/span><span>\u00fc<\/span><span>tmek zorunda kalmas<\/span><span>\u0131 <\/span><span>hakkaniyetli de<\/span><span>\u011f<\/span><span>ildir.<\/span><\/p>\n<p><span>Bu nedenle vek<\/span><span>\u00e2<\/span><span>let uygulamas<\/span><span>\u0131 <\/span><span>yerine g<\/span><span>\u00f6<\/span><span>revlendirme esas<\/span><span>\u0131<\/span><span>n<\/span><span>\u0131<\/span><span>n benimsenmesini, g<\/span><span>\u00f6<\/span><span>revlendirilen hekime emek ve sorumlulu<\/span><span>\u011f<\/span><span>u oran<\/span><span>\u0131<\/span><span>nda mali hak tan<\/span><span>\u0131<\/span><span>nmas<\/span><span>\u0131<\/span><span>n<\/span><span>\u0131 <\/span><span>ve aile hekiminin vek<\/span><span>\u00e2<\/span><span>let b<\/span><span>\u0131<\/span><span>rakamad<\/span><span>\u0131\u011f\u0131 <\/span><span>durumlarda y<\/span><span>\u0131<\/span><span>ll<\/span><span>\u0131<\/span><span>k izin nedeniyle herhangi bir <\/span><span>\u00fc<\/span><span>cret kesintisine u<\/span><span>\u011f<\/span><span>ramamas<\/span><span>\u0131<\/span><span>n<\/span><span>\u0131 <\/span><span>talep ediyoruz. <\/span><span>Sonu<\/span><span>\u00e7 <\/span><span>olarak; 14 Mart ger<\/span><span>\u00e7<\/span><span>ekten bir bayram olacaksa bunun yolu hekimlerin eme<\/span><span>\u011f<\/span><span>ine sayg<\/span><span>\u0131 <\/span><span>g<\/span><span>\u00f6<\/span><span>sterilmesinden ve sorunlar<\/span><span>\u0131<\/span><span>n<\/span><span>\u0131<\/span><span>n <\/span><span>\u00e7\u00f6<\/span><span>z<\/span><span>\u00fc<\/span><span>lmesinden ge<\/span><span>\u00e7<\/span><span>mektedir. <\/span><span>Hekim Birli<\/span><span>\u011f<\/span><span>i olarak hem hekimlerin haklar<\/span><span>\u0131<\/span><span>n<\/span><span>\u0131 <\/span><span>hem de toplumun nitelikli sa<\/span><span>\u011f<\/span><span>l<\/span><span>\u0131<\/span><span>k hizmetine eri<\/span><span>\u015f<\/span><span>im hakk<\/span><span>\u0131<\/span><span>n<\/span><span>\u0131 <\/span><span>savunmaya devam edece<\/span><span>\u011f<\/span><span>iz. (BSHA \u2013 Bilim ve Sa\u011fl\u0131k Haber Ajans\u0131)\u00a0<\/span><\/p>\n<p>\n","protected":false},"excerpt":{"rendered":"<p>Hekim Birli\u011fi Sendikas\u0131 Genel Ba\u015fkan\u0131 Dr. Hatice \u00c7er\u00e7i Balc\u0131 ve sendika y\u00f6netimi 14 Mart T\u0131p Bayram\u0131 nedeniyle Ankara&#8217;da bir bas\u0131n a\u00e7\u0131klamas\u0131 yapt\u0131.\u00a0<\/p>\n","protected":false},"author":1,"featured_media":70789,"comment_status":"open","ping_status":"open","sticky":false,"template":"","format":"standard","meta":{"footnotes":""},"categories":[11],"tags":[7840,927,1381,769,1358],"class_list":["post-70788","post","type-post","status-publish","format-standard","has-post-thumbnail","hentry","category-saglik","tag-14-mart","tag-art","tag-hekim","tag-talep","tag-yap"],"_links":{"self":[{"href":"https:\/\/bihavadis.com\/index.php\/wp-json\/wp\/v2\/posts\/70788","targetHints":{"allow":["GET"]}}],"collection":[{"href":"https:\/\/bihavadis.com\/index.php\/wp-json\/wp\/v2\/posts"}],"about":[{"href":"https:\/\/bihavadis.com\/index.php\/wp-json\/wp\/v2\/types\/post"}],"author":[{"embeddable":true,"href":"https:\/\/bihavadis.com\/index.php\/wp-json\/wp\/v2\/users\/1"}],"replies":[{"embeddable":true,"href":"https:\/\/bihavadis.com\/index.php\/wp-json\/wp\/v2\/comments?post=70788"}],"version-history":[{"count":1,"href":"https:\/\/bihavadis.com\/index.php\/wp-json\/wp\/v2\/posts\/70788\/revisions"}],"predecessor-version":[{"id":70791,"href":"https:\/\/bihavadis.com\/index.php\/wp-json\/wp\/v2\/posts\/70788\/revisions\/70791"}],"wp:featuredmedia":[{"embeddable":true,"href":"https:\/\/bihavadis.com\/index.php\/wp-json\/wp\/v2\/media\/70789"}],"wp:attachment":[{"href":"https:\/\/bihavadis.com\/index.php\/wp-json\/wp\/v2\/media?parent=70788"}],"wp:term":[{"taxonomy":"category","embeddable":true,"href":"https:\/\/bihavadis.com\/index.php\/wp-json\/wp\/v2\/categories?post=70788"},{"taxonomy":"post_tag","embeddable":true,"href":"https:\/\/bihavadis.com\/index.php\/wp-json\/wp\/v2\/tags?post=70788"}],"curies":[{"name":"wp","href":"https:\/\/api.w.org\/{rel}","templated":true}]}}