{"id":70967,"date":"2026-03-27T12:45:11","date_gmt":"2026-03-27T12:45:11","guid":{"rendered":"https:\/\/bihavadis.com\/?p=70967"},"modified":"2026-03-27T12:45:11","modified_gmt":"2026-03-27T12:45:11","slug":"karakoprude-mahalle-bulusmasi","status":"publish","type":"post","link":"https:\/\/bihavadis.com\/index.php\/2026\/03\/27\/karakoprude-mahalle-bulusmasi\/","title":{"rendered":"Karak\u00f6pr\u00fc&#8217;de Mahalle Bulu\u015fmas\u0131"},"content":{"rendered":"<p>Ye\u015filay \u015eanl\u0131urfa \u015eubesi taraf\u0131ndan ba\u011f\u0131ms\u0131zl\u0131k seferberli\u011fi kapsam\u0131nda Karak\u00f6pr\u00fc il\u00e7esinde &#8220;Mahalle Bulu\u015fmas\u0131&#8221; etkinli\u011fi ger\u00e7ekle\u015ftirildi.<\/p>\n<p>\u015eubeden yap\u0131lan a\u00e7\u0131klamaya g\u00f6re, ba\u011f\u0131ms\u0131zl\u0131k seferberli\u011fi kapsam\u0131nda Ye\u015filay \u015eanl\u0131urfa \u015eubesi ve Akbay\u0131r Mahalle Muhtar\u0131 Ahmet Kaya \u00f6nc\u00fcl\u00fc\u011f\u00fcnde &#8220;Mahalle Bulu\u015fmas\u0131&#8221; etkinli\u011fi yap\u0131ld\u0131.<\/p>\n<p>Uzman ekiplerce d\u00fczenlenen programda, E\u011fitim Komisyonu Ba\u015fkan\u0131 Osman Da\u011ftekin mahalle sakinlerine ba\u011f\u0131ml\u0131l\u0131k e\u011fitimi verdi.<\/p>\n<p>Ye\u015filay Dan\u0131\u015fmanl\u0131k Merkezinin ba\u011f\u0131ml\u0131l\u0131kla m\u00fccadele kapsam\u0131nda y\u00fcr\u00fctt\u00fc\u011f\u00fc \u00e7al\u0131\u015fmalarla ilgili bilgiler verilen programda, Mavi K\u0131rlang\u0131\u00e7 Dergisi etkinli\u011fiyle \u00e7ocuklar keyifli vakit ge\u00e7irdi.<\/p>\n","protected":false},"excerpt":{"rendered":"<p>Ye\u015filay \u015eanl\u0131urfa \u015eubesi, ba\u011f\u0131ms\u0131zl\u0131k seferberli\u011fi kapsam\u0131nda Karak\u00f6pr\u00fc&#8217;de etkinlik d\u00fczenledi.<\/p>\n","protected":false},"author":1,"featured_media":70968,"comment_status":"open","ping_status":"open","sticky":false,"template":"","format":"standard","meta":{"footnotes":""},"categories":[9,4,13],"tags":[],"class_list":["post-70967","post","type-post","status-publish","format-standard","has-post-thumbnail","hentry","category-genel","category-gundem","category-son-dakika"],"_links":{"self":[{"href":"https:\/\/bihavadis.com\/index.php\/wp-json\/wp\/v2\/posts\/70967","targetHints":{"allow":["GET"]}}],"collection":[{"href":"https:\/\/bihavadis.com\/index.php\/wp-json\/wp\/v2\/posts"}],"about":[{"href":"https:\/\/bihavadis.com\/index.php\/wp-json\/wp\/v2\/types\/post"}],"author":[{"embeddable":true,"href":"https:\/\/bihavadis.com\/index.php\/wp-json\/wp\/v2\/users\/1"}],"replies":[{"embeddable":true,"href":"https:\/\/bihavadis.com\/index.php\/wp-json\/wp\/v2\/comments?post=70967"}],"version-history":[{"count":1,"href":"https:\/\/bihavadis.com\/index.php\/wp-json\/wp\/v2\/posts\/70967\/revisions"}],"predecessor-version":[{"id":70969,"href":"https:\/\/bihavadis.com\/index.php\/wp-json\/wp\/v2\/posts\/70967\/revisions\/70969"}],"wp:featuredmedia":[{"embeddable":true,"href":"https:\/\/bihavadis.com\/index.php\/wp-json\/wp\/v2\/media\/70968"}],"wp:attachment":[{"href":"https:\/\/bihavadis.com\/index.php\/wp-json\/wp\/v2\/media?parent=70967"}],"wp:term":[{"taxonomy":"category","embeddable":true,"href":"https:\/\/bihavadis.com\/index.php\/wp-json\/wp\/v2\/categories?post=70967"},{"taxonomy":"post_tag","embeddable":true,"href":"https:\/\/bihavadis.com\/index.php\/wp-json\/wp\/v2\/tags?post=70967"}],"curies":[{"name":"wp","href":"https:\/\/api.w.org\/{rel}","templated":true}]}}