{"id":71019,"date":"2026-03-27T13:21:07","date_gmt":"2026-03-27T13:21:07","guid":{"rendered":"https:\/\/bihavadis.com\/?p=71019"},"modified":"2026-03-27T13:21:07","modified_gmt":"2026-03-27T13:21:07","slug":"girisimde-kadin-zirvesinin-ikincisi-duzenlendi","status":"publish","type":"post","link":"https:\/\/bihavadis.com\/index.php\/2026\/03\/27\/girisimde-kadin-zirvesinin-ikincisi-duzenlendi\/","title":{"rendered":"Giri\u015fimde Kad\u0131n Zirvesi&#8217;nin ikincisi d\u00fczenlendi"},"content":{"rendered":"<p>\u00a0<\/p>\n<p><span><span><span>Antalya B\u00fcy\u00fck\u015fehir Belediyesi ve Akdeniz Giri\u015fimci \u0130\u015f Kad\u0131nlar\u0131 Derne\u011fi i\u015fbirli\u011fiyle &#8216;Giri\u015fimde Kad\u0131n Zirvesi\u2019nin ikincisi d\u00fczenlendi. Zirvede konu\u015fan Antalya B\u00fcy\u00fck\u015fehir Belediyesi Ba\u015fkan Vekili B\u00fc\u015fra \u00d6zdemir, \u201cBir kad\u0131n \u00fcretmeye ba\u015flad\u0131\u011f\u0131nda yaln\u0131zca bir i\u015fletme b\u00fcy\u00fcmez. Bir aile g\u00fc\u00e7lenir, bir \u015fehir geli\u015fir, bir \u00fclkenin gelece\u011fi de\u011fi\u015fir\u201d diye konu\u015ftu. <\/span><\/span><\/span><\/p>\n<p><span><span><span>Antalya B\u00fcy\u00fck\u015fehir Belediyesi ve AG\u0130DER i\u015fbirli\u011finde ge\u00e7ti\u011fimiz y\u0131l ilki ger\u00e7ekle\u015ftirilen \u2018Giri\u015fimde Kad\u0131n Zirvesi&#8217;nin ikincisi Atat\u00fcrk K\u00fclt\u00fcr Merkezi (AKM) Perge Salonu&#8217;nda ger\u00e7ekle\u015ftirildi. Zirvede, Antalyal\u0131 kad\u0131nlar ve \u00f6\u011frenciler ilham veren hikayelerini ba\u015f akt\u00f6rlerinden dinledi. <\/span><\/span><\/span><\/p>\n<p><span><span><span>KADIN \u00dcRET\u0130NCE A\u0130LES\u0130, \u015eEHR\u0130 VE \u00dcLKES\u0130 GEL\u0130\u015e\u0130R <\/span><\/span><\/span><\/p>\n<p><span><span><span>Zirvenin a\u00e7\u0131l\u0131\u015f konu\u015fmas\u0131n\u0131 yapan Antalya B\u00fcy\u00fck\u015fehir Belediye Ba\u015fkan Vekili B\u00fc\u015fra \u00d6zdemir, bir toplumun kalk\u0131nmas\u0131n\u0131n kad\u0131nlar\u0131n \u00fcretimde, ekonomi, sanatta ve karar mekanizmalarda g\u00fc\u00e7l\u00fc \u015fekilde yer almas\u0131ndan ge\u00e7ti\u011fine vurgu yapt\u0131. Ba\u015fkan Vekili \u00d6zdemir, \u201cKad\u0131n giri\u015fimcili\u011fi sadece i\u015f kurmak de\u011fildir. Bir fikri bir cesareti ger\u00e7e\u011fe d\u00f6n\u00fc\u015ft\u00fcrmektir. Bir kad\u0131n \u00fcretmeye ba\u015flad\u0131\u011f\u0131nda yaln\u0131zca bir i\u015fletme b\u00fcy\u00fcmez. Bir aile g\u00fc\u00e7lenir, bir \u015fehir geli\u015fir, bir \u00fclkenin gelece\u011fi de\u011fi\u015fir\u201d diye konu\u015ftu. <\/span><\/span><\/span><\/p>\n<p><span><span><span>CESUR F\u0130K\u0130RLER YARININ G\u00dc\u00c7L\u00dc EKONOM\u0130S\u0130N\u0130 KURACAK<\/span><\/span><\/span><\/p>\n<p><span><span><span>B\u00fc\u015fra \u00d6zdemir, Antalya\u2019n\u0131n do\u011fas\u0131yla k\u00fclt\u00fcr\u00fcyle \u00fcretim g\u00fcc\u00fc ve giri\u015fimcilik ruhuyla T\u00fcrkiye\u2019nin en g\u00fc\u00e7l\u00fc \u015fehirlerinden biri oldu\u011funu, bu \u015fehrin en b\u00fcy\u00fck g\u00fcc\u00fcn\u00fcn hayallerinden vazge\u00e7meyen, \u00fcreten, risk alan ve gelece\u011fe inanan kad\u0131nlar oldu\u011funu kaydetti. Ba\u015fkan Vekili \u00d6zdemir, konu\u015fmas\u0131nda \u015funlara de\u011findi: \u201cKad\u0131nlar\u0131n ekonomik hayatta daha fazla yer almas\u0131 i\u00e7in sizlerle beraber projeler \u00fcretmeye, giri\u015fimcili\u011fi g\u00fc\u00e7lendirmeye ve kad\u0131nlar\u0131n fikirlerini b\u00fcy\u00fctebilece\u011fi f\u0131rsatlar yaratmaya devam ediyoruz. Bug\u00fcn\u00fcn k\u00fc\u00e7\u00fck fikirleri yar\u0131n\u0131n b\u00fcy\u00fck markalar\u0131d\u0131r. Bug\u00fcn\u00fcn cesur ad\u0131mlar\u0131 yar\u0131n\u0131n g\u00fc\u00e7l\u00fc ekonomisini kurar. Zirvenin yeni ba\u015far\u0131 hikayelerinin ba\u015flad\u0131\u011f\u0131 bir yolculuk oldu\u011funu d\u00fc\u015f\u00fcn\u00fcyorum. Zirvenin ilham dolu verimli ve g\u00fc\u00e7l\u00fc i\u015fbirliklerine vesile olmas\u0131n\u0131 diliyorum. Kad\u0131n varsa \u00fcretim vard\u0131r, umut vard\u0131r. Kad\u0131n varsa gelecek vard\u0131r.\u201d <\/span><\/span><\/span><\/p>\n<p><span><span><span>D\u00dcNYA D\u00d6N\u00dc\u015e\u00dcMDE G\u0130R\u0130\u015e\u0130MC\u0130L\u0130K \u00d6NEM TA\u015eIYOR <\/span><\/span><\/span><\/p>\n<p><span><span><span>AG\u0130DER Ba\u015fkan\u0131 G\u00f6k\u00e7en Atmaca da Antalya B\u00fcy\u00fck\u015fehir Belediyesi i\u015fbirli\u011fiyle zirvenin ikincisini d\u00fczenlemekten dolay\u0131 \u00e7ok mutlu olduklar\u0131n\u0131 s\u00f6yleyerek, \u201c\u0130lk zirveyi d\u00fczenlerken iken amac\u0131m\u0131z giri\u015fimcilik eko sistemine katk\u0131 sa\u011flayacak bir bulu\u015fma noktas\u0131 olu\u015fturmak, \u00a0deneyim payla\u015f\u0131m\u0131n\u0131 te\u015fvik etmek ve yeni i\u015fbirliklerine zemin haz\u0131rlamakt\u0131. Bug\u00fcn bu bulu\u015fman\u0131n b\u00fcy\u00fcyerek devam etti\u011fini g\u00f6rmek bizler i\u00e7in k\u0131ymetli. D\u00fcnya h\u0131zl\u0131 bir d\u00f6n\u00fc\u015f\u00fcm s\u00fcreci i\u00e7inde. Teknolojide ya\u015fanan geli\u015fmeler yeni i\u015f modelleri ve de\u011fi\u015fen ekonomik dinamikler giri\u015fimcili\u011fi her zamankinden \u00f6nemli yere ta\u015f\u0131yor. Kurumlar\u0131n sivil toplumun ve giri\u015fimcilik ekosisteminin birlikte hareket etmesi s\u00fcrd\u00fcr\u00fclebilir ve g\u00fc\u00e7l\u00fc ekonomik yap\u0131 i\u00e7in \u00f6nemli bir gerekliliktir\u201d diye konu\u015ftu. <\/span><\/span><\/span><\/p>\n<p><span><span><span>DENEY\u0130MLER\u0130N\u0130 GEN\u00c7LERLE PAYLA\u015eTILAR <\/span><\/span><\/span><\/p>\n<p><span><span><span>G\u00f6k\u00e7en Atmaca moderat\u00f6rl\u00fc\u011f\u00fcnde ger\u00e7ekle\u015fen panelde; kad\u0131n giri\u015fimciler Ba\u015fak Topba\u015ftekin, Gaye G\u00fcl Ersan ve Zeynep \u00d6zcan deneyimlerini, yola nas\u0131l \u00e7\u0131kt\u0131klar\u0131n\u0131, ba\u015far\u0131 hikayelerini, finansal ve sosyal konularda kar\u015f\u0131la\u015ft\u0131klar\u0131 zorluklar\u0131 kat\u0131l\u0131mc\u0131larla payla\u015ft\u0131. Zirvenin sonunda S2B (\u00d6\u011frenci-Giri\u015fimci E\u015fle\u015fmesi) etkinli\u011fi de ger\u00e7ekle\u015ftirildi. <\/span><\/span><\/span><\/p>\n<p>\u00a0<\/p>\n<p>Kaynak: (BYZHA) Beyaz Haber Ajans\u0131<\/p>\n","protected":false},"excerpt":{"rendered":"<p>Antalya B\u00fcy\u00fck\u015fehir Belediyesi ve Akdeniz Giri\u015fimci \u0130\u015f Kad\u0131nlar\u0131 Derne\u011fi i\u015fbirli\u011fiyle &#8216;Giri\u015fimde Kad\u0131n Zirvesi\u2019nin ikincisi d\u00fczenlendi.<\/p>\n","protected":false},"author":1,"featured_media":71020,"comment_status":"open","ping_status":"open","sticky":false,"template":"","format":"standard","meta":{"footnotes":""},"categories":[4],"tags":[469,5399,2428,395,380],"class_list":["post-71019","post","type-post","status-publish","format-standard","has-post-thumbnail","hentry","category-gundem","tag-bas","tag-eko","tag-girisimci","tag-is","tag-kadin"],"_links":{"self":[{"href":"https:\/\/bihavadis.com\/index.php\/wp-json\/wp\/v2\/posts\/71019","targetHints":{"allow":["GET"]}}],"collection":[{"href":"https:\/\/bihavadis.com\/index.php\/wp-json\/wp\/v2\/posts"}],"about":[{"href":"https:\/\/bihavadis.com\/index.php\/wp-json\/wp\/v2\/types\/post"}],"author":[{"embeddable":true,"href":"https:\/\/bihavadis.com\/index.php\/wp-json\/wp\/v2\/users\/1"}],"replies":[{"embeddable":true,"href":"https:\/\/bihavadis.com\/index.php\/wp-json\/wp\/v2\/comments?post=71019"}],"version-history":[{"count":1,"href":"https:\/\/bihavadis.com\/index.php\/wp-json\/wp\/v2\/posts\/71019\/revisions"}],"predecessor-version":[{"id":71021,"href":"https:\/\/bihavadis.com\/index.php\/wp-json\/wp\/v2\/posts\/71019\/revisions\/71021"}],"wp:featuredmedia":[{"embeddable":true,"href":"https:\/\/bihavadis.com\/index.php\/wp-json\/wp\/v2\/media\/71020"}],"wp:attachment":[{"href":"https:\/\/bihavadis.com\/index.php\/wp-json\/wp\/v2\/media?parent=71019"}],"wp:term":[{"taxonomy":"category","embeddable":true,"href":"https:\/\/bihavadis.com\/index.php\/wp-json\/wp\/v2\/categories?post=71019"},{"taxonomy":"post_tag","embeddable":true,"href":"https:\/\/bihavadis.com\/index.php\/wp-json\/wp\/v2\/tags?post=71019"}],"curies":[{"name":"wp","href":"https:\/\/api.w.org\/{rel}","templated":true}]}}