{"id":71141,"date":"2026-03-27T14:48:07","date_gmt":"2026-03-27T14:48:07","guid":{"rendered":"https:\/\/bihavadis.com\/?p=71141"},"modified":"2026-03-27T14:48:07","modified_gmt":"2026-03-27T14:48:07","slug":"baskan-buyukakin-misirda","status":"publish","type":"post","link":"https:\/\/bihavadis.com\/index.php\/2026\/03\/27\/baskan-buyukakin-misirda\/","title":{"rendered":"Ba\u015fkan B\u00fcy\u00fckak\u0131n, M\u0131s\u0131r&#8217;da"},"content":{"rendered":"<p>Kocaeli B\u00fcy\u00fck\u015fehir Belediye Ba\u015fkan\u0131 Tahir B\u00fcy\u00fckak\u0131n, Gazzelilerle iftarda bir araya gelmek \u00fczere M\u0131s\u0131r\u2019a gitti. Bu \u00fclkede resmi temaslarda bulunan B\u00fcy\u00fckak\u0131n, Kahire B\u00fcy\u00fckel\u00e7isi Salih Mutlu \u015een\u2019i ziyaret etti.<\/p>\n<p><b>BALKANLAR\u2019IN ARDINDAN MISIR<\/b><\/p>\n<p>Kocaeli B\u00fcy\u00fck\u015fehir Belediyesi, Ramazan Ay\u0131\u2019n\u0131n maneviyat\u0131n\u0131 ve dayan\u0131\u015fma ruhunu g\u00f6n\u00fcl co\u011frafyam\u0131zla payla\u015fmaya devam ediyor. Bu kapsamda Balkanlar\u2019da Karde\u015flik Sofralar\u0131 kuran ve binlerce soyda\u015f\u0131m\u0131z\u0131 ayn\u0131 sofrada bulu\u015fturan Kocaeli B\u00fcy\u00fck\u015fehir Belediyesi, bu kez Gazzeliler i\u00e7in iftar organizasyonu d\u00fczenledi. Balkanlar\u2019daki 4 iftara kat\u0131lan Ba\u015fkan Tahir B\u00fcy\u00fckak\u0131n, \u0130srail zulm\u00fcnden kurtularak M\u0131s\u0131r\u2019a s\u0131\u011f\u0131nan Gazzeli ailelileri de yaln\u0131z b\u0131rakmad\u0131.<\/p>\n<p><b>B\u00dcY\u00dcKEL\u00c7\u0130Y\u0130 Z\u0130YARET ETT\u0130<\/b><\/p>\n<p>\u0130ftar program\u0131 i\u00e7in M\u0131s\u0131r\u2019a giden Ba\u015fkan B\u00fcy\u00fckak\u0131n bu \u00fclkede resmi temaslar ger\u00e7ekle\u015ftirdi. \u0130lk olarak da T\u00fcrkiye Cumhuriyeti Kahire B\u00fcy\u00fckel\u00e7isi Salih Mutlu \u015een\u2019i ziyaret etti. B\u00fcy\u00fckel\u00e7i \u015een taraf\u0131ndan son derece s\u0131cak bir \u015fekilde kar\u015f\u0131lanan Ba\u015fkan B\u00fcy\u00fckak\u0131n, \u201cMisafirperverli\u011finiz ve Gazzeli karde\u015flerimize y\u00f6nelik y\u00fcr\u00fctt\u00fc\u011f\u00fcm\u00fcz yard\u0131m faaliyetlerine verdi\u011finiz destekler i\u00e7in te\u015fekk\u00fcr ederiz\u201d dedi. B\u00fcy\u00fckel\u00e7i \u015een de ziyaretinden dolay\u0131 Ba\u015fkan B\u00fcy\u00fckak\u0131n\u2019a te\u015fekk\u00fcrlerini sundu.<\/p>\n<p>\u00a0<\/p>\n<p>Kaynak: (BYZHA) Beyaz Haber Ajans\u0131<\/p>\n","protected":false},"excerpt":{"rendered":"<p>Kocaeli B\u00fcy\u00fck\u015fehir Belediye Ba\u015fkan\u0131 Tahir B\u00fcy\u00fckak\u0131n, Gazzelilerle iftarda bir araya gelmek \u00fczere M\u0131s\u0131r\u2019a gitti. Bu \u00fclkede resmi temaslarda bulunan B\u00fcy\u00fckak\u0131n, Kahire B\u00fcy\u00fckel\u00e7isi Salih Mutlu \u015een\u2019i ziyaret etti.<\/p>\n","protected":false},"author":1,"featured_media":71142,"comment_status":"open","ping_status":"open","sticky":false,"template":"","format":"standard","meta":{"footnotes":""},"categories":[4],"tags":[516,586],"class_list":["post-71141","post","type-post","status-publish","format-standard","has-post-thumbnail","hentry","category-gundem","tag-baskan","tag-buyukakin"],"_links":{"self":[{"href":"https:\/\/bihavadis.com\/index.php\/wp-json\/wp\/v2\/posts\/71141","targetHints":{"allow":["GET"]}}],"collection":[{"href":"https:\/\/bihavadis.com\/index.php\/wp-json\/wp\/v2\/posts"}],"about":[{"href":"https:\/\/bihavadis.com\/index.php\/wp-json\/wp\/v2\/types\/post"}],"author":[{"embeddable":true,"href":"https:\/\/bihavadis.com\/index.php\/wp-json\/wp\/v2\/users\/1"}],"replies":[{"embeddable":true,"href":"https:\/\/bihavadis.com\/index.php\/wp-json\/wp\/v2\/comments?post=71141"}],"version-history":[{"count":1,"href":"https:\/\/bihavadis.com\/index.php\/wp-json\/wp\/v2\/posts\/71141\/revisions"}],"predecessor-version":[{"id":71143,"href":"https:\/\/bihavadis.com\/index.php\/wp-json\/wp\/v2\/posts\/71141\/revisions\/71143"}],"wp:featuredmedia":[{"embeddable":true,"href":"https:\/\/bihavadis.com\/index.php\/wp-json\/wp\/v2\/media\/71142"}],"wp:attachment":[{"href":"https:\/\/bihavadis.com\/index.php\/wp-json\/wp\/v2\/media?parent=71141"}],"wp:term":[{"taxonomy":"category","embeddable":true,"href":"https:\/\/bihavadis.com\/index.php\/wp-json\/wp\/v2\/categories?post=71141"},{"taxonomy":"post_tag","embeddable":true,"href":"https:\/\/bihavadis.com\/index.php\/wp-json\/wp\/v2\/tags?post=71141"}],"curies":[{"name":"wp","href":"https:\/\/api.w.org\/{rel}","templated":true}]}}