{"id":71163,"date":"2026-03-27T15:09:05","date_gmt":"2026-03-27T15:09:05","guid":{"rendered":"https:\/\/bihavadis.com\/?p=71163"},"modified":"2026-03-27T15:09:05","modified_gmt":"2026-03-27T15:09:05","slug":"saglik-hizmetine-mudahale-edilemez-omer-yildiz-olayi","status":"publish","type":"post","link":"https:\/\/bihavadis.com\/index.php\/2026\/03\/27\/saglik-hizmetine-mudahale-edilemez-omer-yildiz-olayi\/","title":{"rendered":"Sa\u011fl\u0131k Hizmetine M\u00fcdahale Edilemez (\u00d6mer Y\u0131ld\u0131z Olay\u0131)"},"content":{"rendered":"<p><b>\u00d6mer Y\u0131ld\u0131z olay\u0131\u2026<\/b>T\u00fcrk Tabipleri Birli\u011fi Merkez Konseyi ve \u0130nsan Haklar\u0131 Kolu, \u00a0hastanede tedavi alt\u0131nda iken polisler taraf\u0131ndan g\u00f6t\u00fcr\u00fcld\u00fc\u011f\u00fc iddia edilen \u00d6mer Y\u0131ld\u0131z olay\u0131 hakk\u0131nda bir a\u00e7\u0131klama yapt\u0131.<\/p>\n<p><strong>\u00a0<\/strong>22 Mart itibar\u0131yla ulusal bas\u0131nda ve sosyal medyada yer alan haberlere g\u00f6re; Kocaeli\u2019deki Nevruz kutlamalar\u0131 s\u0131ras\u0131nda \u00e7\u0131kan arbede sonras\u0131 ba\u015f\u0131na ve y\u00fcz\u00fcne darbe ald\u0131\u011f\u0131 belirtilen \u00d6mer Y\u0131ld\u0131z\u2019\u0131n, Dar\u0131ca Farabi E\u011fitim ve Ara\u015ft\u0131rma Hastanesi acil servisinde tedavi alt\u0131ndayken kolluk kuvvetleri taraf\u0131ndan hekim onay\u0131 olmaks\u0131z\u0131n hastaneden zorla \u00e7\u0131kar\u0131ld\u0131\u011f\u0131 iddia edilmektedir.<\/p>\n<p>Hekimlik mesle\u011finin temel ilkeleri gere\u011fi, bir hastan\u0131n tan\u0131 ve tedavi s\u00fcreci tamamlanmadan bulundu\u011fu sa\u011fl\u0131k kurumundan \u00e7\u0131kar\u0131lmas\u0131 kabul edilemez. Bu t\u00fcr m\u00fcdahaleler, sa\u011fl\u0131k hizmetinin g\u00fcvenli ve ba\u011f\u0131ms\u0131z bir ortamda sunulmas\u0131n\u0131 engelledi\u011fi gibi hasta haklar\u0131n\u0131n a\u00e7\u0131k ihlali anlam\u0131na gelmektedir.<\/p>\n<p>S\u00f6z konusu iddialar, Avrupa \u0130nsan Haklar\u0131 S\u00f6zle\u015fmesi ile g\u00fcvence alt\u0131na al\u0131nan ya\u015fam hakk\u0131 ve k\u00f6t\u00fc muamele yasa\u011f\u0131 ile ba\u011fda\u015fmamaktad\u0131r. Ayn\u0131 zamanda bu durum, hekimlerin mesleki ba\u011f\u0131ms\u0131zl\u0131\u011f\u0131na y\u00f6nelik ciddi bir m\u00fcdahale niteli\u011fi ta\u015f\u0131maktad\u0131r.<\/p>\n<p>T\u00fcrk Tabipleri Birli\u011fi etik ilkelerine g\u00f6re hekimler, t\u0131bbi de\u011ferlendirmelerini ba\u011f\u0131ms\u0131z bi\u00e7imde yapmak ve hastan\u0131n sa\u011fl\u0131k hakk\u0131n\u0131 korumakla y\u00fck\u00fcml\u00fcd\u00fcr. Hekim onay\u0131 olmaks\u0131z\u0131n bir hastan\u0131n sa\u011fl\u0131k kurumundan \u00e7\u0131kar\u0131lmas\u0131, hem hasta haklar\u0131n\u0131n ihlali hem de k\u00f6t\u00fc muamele kapsam\u0131nda de\u011ferlendirilmelidir. \u00dclkemizde i\u015fkence ve k\u00f6t\u00fc muamele mutlak olarak yasakt\u0131r.<\/p>\n<p>Yetkilileri, s\u00f6z konusu iddialar hakk\u0131nda etkili ve ba\u011f\u0131ms\u0131z bir soru\u015fturma y\u00fcr\u00fctmeye; olay\u0131 ivedilikle ayd\u0131nlatmaya ve sa\u011fl\u0131k \u00e7al\u0131\u015fanlar\u0131n\u0131n mesleki ba\u011f\u0131ms\u0131zl\u0131\u011f\u0131n\u0131 g\u00fcvence alt\u0131na almaya \u00e7a\u011f\u0131r\u0131yoruz. (BSHA \u2013 Bilim ve Sa\u011fl\u0131k Haber Ajans\u0131)<\/p>\n","protected":false},"excerpt":{"rendered":"<p>\u00d6mer Y\u0131ld\u0131z olay\u0131&#8230;T\u00fcrk Tabipleri Birli\u011fi Merkez Konseyi ve \u0130nsan Haklar\u0131 Kolu, \u00a0hastanede tedavi alt\u0131nda iken polisler taraf\u0131ndan g\u00f6t\u00fcr\u00fcld\u00fc\u011f\u00fc iddia edilen \u00d6mer Y\u0131ld\u0131z olay\u0131 hakk\u0131nda bir a\u00e7\u0131klama yapt\u0131.\u00a0<\/p>\n","protected":false},"author":1,"featured_media":71164,"comment_status":"open","ping_status":"open","sticky":false,"template":"","format":"standard","meta":{"footnotes":""},"categories":[11],"tags":[2460,467,1381,157],"class_list":["post-71163","post","type-post","status-publish","format-standard","has-post-thumbnail","hentry","category-saglik","tag-bagimsiz","tag-hasta","tag-hekim","tag-saglik"],"_links":{"self":[{"href":"https:\/\/bihavadis.com\/index.php\/wp-json\/wp\/v2\/posts\/71163","targetHints":{"allow":["GET"]}}],"collection":[{"href":"https:\/\/bihavadis.com\/index.php\/wp-json\/wp\/v2\/posts"}],"about":[{"href":"https:\/\/bihavadis.com\/index.php\/wp-json\/wp\/v2\/types\/post"}],"author":[{"embeddable":true,"href":"https:\/\/bihavadis.com\/index.php\/wp-json\/wp\/v2\/users\/1"}],"replies":[{"embeddable":true,"href":"https:\/\/bihavadis.com\/index.php\/wp-json\/wp\/v2\/comments?post=71163"}],"version-history":[{"count":1,"href":"https:\/\/bihavadis.com\/index.php\/wp-json\/wp\/v2\/posts\/71163\/revisions"}],"predecessor-version":[{"id":71165,"href":"https:\/\/bihavadis.com\/index.php\/wp-json\/wp\/v2\/posts\/71163\/revisions\/71165"}],"wp:featuredmedia":[{"embeddable":true,"href":"https:\/\/bihavadis.com\/index.php\/wp-json\/wp\/v2\/media\/71164"}],"wp:attachment":[{"href":"https:\/\/bihavadis.com\/index.php\/wp-json\/wp\/v2\/media?parent=71163"}],"wp:term":[{"taxonomy":"category","embeddable":true,"href":"https:\/\/bihavadis.com\/index.php\/wp-json\/wp\/v2\/categories?post=71163"},{"taxonomy":"post_tag","embeddable":true,"href":"https:\/\/bihavadis.com\/index.php\/wp-json\/wp\/v2\/tags?post=71163"}],"curies":[{"name":"wp","href":"https:\/\/api.w.org\/{rel}","templated":true}]}}