{"id":71173,"date":"2026-03-27T15:18:07","date_gmt":"2026-03-27T15:18:07","guid":{"rendered":"https:\/\/bihavadis.com\/?p=71173"},"modified":"2026-03-27T15:18:07","modified_gmt":"2026-03-27T15:18:07","slug":"baskan-cercioglu-kocarlida-iftar-sofrasinda-vatandaslar-ile-bir-araya-geldi","status":"publish","type":"post","link":"https:\/\/bihavadis.com\/index.php\/2026\/03\/27\/baskan-cercioglu-kocarlida-iftar-sofrasinda-vatandaslar-ile-bir-araya-geldi\/","title":{"rendered":"Ba\u015fkan \u00c7er\u00e7io\u011flu Ko\u00e7arl\u0131&#8217;da \u0130ftar Sofras\u0131nda Vatanda\u015flar ile Bir Araya Geldi"},"content":{"rendered":"<p>Ayd\u0131n B\u00fcy\u00fck\u015fehir Belediyesi taraf\u0131ndan d\u00fczenlenen iftar programlar\u0131, Ramazan ay\u0131n\u0131n bereketini ve dayan\u0131\u015fma ruhunu Ayd\u0131n\u2019\u0131n d\u00f6rt bir yan\u0131na ta\u015f\u0131maya devam ediyor. Her g\u00fcn farkl\u0131 il\u00e7elerde d\u00fczenlenen programlar, binlerce vatanda\u015f\u0131 ayn\u0131 sofrada bulu\u015fturuyor.<\/p>\n<p>Bug\u00fcn de Efeler il\u00e7esi Atat\u00fcrk Kent Meydan\u0131\u2019nda ve K\u0131z\u0131lcak\u00f6y Mahallesi\u2019nde, S\u00f6ke il\u00e7esi Yenicami Mahallesi\u2019nde, Nazilli il\u00e7esi 23 Nisan Park\u0131\u2019nda, Sultanhisar il\u00e7esi Eskihisar Mahallesi\u2019nde, K\u00f6\u015fk il\u00e7esi Ba\u015f\u00e7ay\u0131r Mahallesi\u2019nde, \u0130ncirliova il\u00e7esi Derea\u011fz\u0131 Mahallesi\u2019nde, Karpuzlu il\u00e7esi \u00c7obanisa Mahallesi\u2019nde ve Ko\u00e7arl\u0131 il\u00e7esi \u00c7ak\u0131rbeyli Mahallesi\u2019nde iftar sofralar\u0131 kuruldu. Vatanda\u015flar, Ramazan\u2019\u0131n manevi atmosferinde bir araya gelerek oru\u00e7lar\u0131n\u0131 hep birlikte a\u00e7t\u0131. \u00c7ocuklar ve aileler ayn\u0131 sofrada bulu\u015fman\u0131n mutlulu\u011funu ya\u015fad\u0131.<\/p>\n<p>Ayd\u0131n B\u00fcy\u00fck\u015fehir Belediye Ba\u015fkan\u0131 \u00d6zlem \u00c7er\u00e7io\u011flu; AK Parti Ko\u00e7arl\u0131 \u0130l\u00e7e Ba\u015fkan\u0131 Fatih Demir, meclis \u00fcyeleri ve muhtarlar ile birlikte Ko\u00e7arl\u0131 il\u00e7esi \u00c7ak\u0131rbeyli Mahallesi\u2019nde d\u00fczenlenen iftar program\u0131nda vatanda\u015flarla bir araya geldi. T\u00fcm vatanda\u015flar\u0131n Ramazan ay\u0131n\u0131 kutlayan Ba\u015fkan \u00c7er\u00e7io\u011flu, iftar sofralar\u0131n\u0131n ay boyunca her g\u00fcn farkl\u0131 il\u00e7elerde kurulmaya devam edece\u011fini ifade etti.<\/p>\n<p>Vatanda\u015flar, B\u00fcy\u00fck\u015fehir Belediyesi\u2019nin sofralar\u0131nda Ramazan ay\u0131n\u0131n bereketini payla\u015fmaktan duyduklar\u0131 memnuniyeti dile getirerek Ba\u015fkan \u00c7er\u00e7io\u011flu\u2019na te\u015fekk\u00fcr etti.<\/p>\n<p>\u00a0<\/p>\n<p>Kaynak: (BYZHA) Beyaz Haber Ajans\u0131<\/p>\n","protected":false},"excerpt":{"rendered":"<p>Ayd\u0131n B\u00fcy\u00fck\u015fehir Belediyesi taraf\u0131ndan d\u00fczenlenen iftar programlar\u0131, Ramazan ay\u0131n\u0131n bereketini ve dayan\u0131\u015fma ruhunu Ayd\u0131n\u2019\u0131n d\u00f6rt bir yan\u0131na ta\u015f\u0131maya devam ediyor.<\/p>\n","protected":false},"author":1,"featured_media":71174,"comment_status":"open","ping_status":"open","sticky":false,"template":"","format":"standard","meta":{"footnotes":""},"categories":[4],"tags":[4196],"class_list":["post-71173","post","type-post","status-publish","format-standard","has-post-thumbnail","hentry","category-gundem","tag-ilcesi"],"_links":{"self":[{"href":"https:\/\/bihavadis.com\/index.php\/wp-json\/wp\/v2\/posts\/71173","targetHints":{"allow":["GET"]}}],"collection":[{"href":"https:\/\/bihavadis.com\/index.php\/wp-json\/wp\/v2\/posts"}],"about":[{"href":"https:\/\/bihavadis.com\/index.php\/wp-json\/wp\/v2\/types\/post"}],"author":[{"embeddable":true,"href":"https:\/\/bihavadis.com\/index.php\/wp-json\/wp\/v2\/users\/1"}],"replies":[{"embeddable":true,"href":"https:\/\/bihavadis.com\/index.php\/wp-json\/wp\/v2\/comments?post=71173"}],"version-history":[{"count":1,"href":"https:\/\/bihavadis.com\/index.php\/wp-json\/wp\/v2\/posts\/71173\/revisions"}],"predecessor-version":[{"id":71175,"href":"https:\/\/bihavadis.com\/index.php\/wp-json\/wp\/v2\/posts\/71173\/revisions\/71175"}],"wp:featuredmedia":[{"embeddable":true,"href":"https:\/\/bihavadis.com\/index.php\/wp-json\/wp\/v2\/media\/71174"}],"wp:attachment":[{"href":"https:\/\/bihavadis.com\/index.php\/wp-json\/wp\/v2\/media?parent=71173"}],"wp:term":[{"taxonomy":"category","embeddable":true,"href":"https:\/\/bihavadis.com\/index.php\/wp-json\/wp\/v2\/categories?post=71173"},{"taxonomy":"post_tag","embeddable":true,"href":"https:\/\/bihavadis.com\/index.php\/wp-json\/wp\/v2\/tags?post=71173"}],"curies":[{"name":"wp","href":"https:\/\/api.w.org\/{rel}","templated":true}]}}