{"id":71183,"date":"2026-03-27T15:27:12","date_gmt":"2026-03-27T15:27:12","guid":{"rendered":"https:\/\/bihavadis.com\/?p=71183"},"modified":"2026-03-27T15:27:12","modified_gmt":"2026-03-27T15:27:12","slug":"haliscelikten-vali-soyturke-ziyaret","status":"publish","type":"post","link":"https:\/\/bihavadis.com\/index.php\/2026\/03\/27\/haliscelikten-vali-soyturke-ziyaret\/","title":{"rendered":"Halis\u00e7elik&#8217;ten Vali Soyt\u00fcrk&#8217;e Ziyaret"},"content":{"rendered":"<p> Tekirda\u011f B\u00fcy\u00fck\u015fehir Belediyesi Genel Sekreterli\u011fi g\u00f6revine atanan Erg\u00fcl Halis\u00e7elik, Tekirda\u011f Valisi Recep Soyt\u00fcrk&#8217;\u00fc ziyaret etti.<\/p>\n<p>Valilik makam\u0131nda ger\u00e7ekle\u015fen ziyarette Vali Soyt\u00fcrk, Halis\u00e7elik ile bir s\u00fcre sohbet etti.<\/p>\n<p>Halis\u00e7elik, bug\u00fcne kadar yap\u0131lan ve planlanan \u00e7al\u0131\u015fmalar hakk\u0131nda Soyt\u00fcrk&#8217;e bilgi verdi.<\/p>\n<p>Vali Soyt\u00fcrk, ziyaretten duydu\u011fu memnuniyeti dile getirerek Halis\u00e7elik&#8217;e te\u015fekk\u00fcr etti.<\/p>\n<p>Tekirda\u011f B\u00fcy\u00fck\u015fehir Belediyesi&#8217;nde 56 personel i\u00e7in yemin t\u00f6reni<\/p>\n<p>Tekirda\u011f B\u00fcy\u00fck\u015fehir Belediyesi&#8217;nde adayl\u0131k s\u00fcrecini ba\u015far\u0131yla tamamlayarak Asli Devlet Memurlu\u011fu&#8217;na atanan 56 personel i\u00e7in yemin t\u00f6reni d\u00fczenlendi.<\/p>\n<p>B\u00fcy\u00fck\u015fehir Belediyesi Ana Hizmet Binas\u0131 Sergi Salonu&#8217;nda d\u00fczenlenen t\u00f6rene, Tekirda\u011f B\u00fcy\u00fck\u015fehir Belediye Ba\u015fkan\u0131 Candan Y\u00fcceer ve personel kat\u0131ld\u0131.<\/p>\n<p>T\u00f6rende konu\u015fan Y\u00fcceer, adayl\u0131k s\u00fcrecini tamamlayan personele g\u00f6revlerinde ba\u015far\u0131lar dileyerek, belediyede insan odakl\u0131 bir y\u00f6netim anlay\u0131\u015f\u0131 benimsediklerini s\u00f6yledi.<\/p>\n<p>Dayan\u0131\u015fma ve ortak ak\u0131l vurgusu yapan Y\u00fcceer, Tekirda\u011f&#8217;a y\u00f6nelik hizmetlerin birlikte \u00fcretilece\u011fini ifade etti.<\/p>\n<p>T\u00fcrk bayra\u011f\u0131 \u00fczerine yemin eden 56 personel g\u00f6revlerine ba\u015flad\u0131.<\/p>\n","protected":false},"excerpt":{"rendered":"<p>Tekirda\u011f B\u00fcy\u00fck\u015fehir Belediyesi Genel Sekreteri Halis\u00e7elik, Vali Soyt\u00fcrk&#8217;\u00fc ziyaret etti.<\/p>\n","protected":false},"author":1,"featured_media":71184,"comment_status":"open","ping_status":"open","sticky":false,"template":"","format":"standard","meta":{"footnotes":""},"categories":[9,4,13],"tags":[1448,674,2926],"class_list":["post-71183","post","type-post","status-publish","format-standard","has-post-thumbnail","hentry","category-genel","category-gundem","category-son-dakika","tag-buyuksehir-belediye","tag-personel","tag-tekirdag"],"_links":{"self":[{"href":"https:\/\/bihavadis.com\/index.php\/wp-json\/wp\/v2\/posts\/71183","targetHints":{"allow":["GET"]}}],"collection":[{"href":"https:\/\/bihavadis.com\/index.php\/wp-json\/wp\/v2\/posts"}],"about":[{"href":"https:\/\/bihavadis.com\/index.php\/wp-json\/wp\/v2\/types\/post"}],"author":[{"embeddable":true,"href":"https:\/\/bihavadis.com\/index.php\/wp-json\/wp\/v2\/users\/1"}],"replies":[{"embeddable":true,"href":"https:\/\/bihavadis.com\/index.php\/wp-json\/wp\/v2\/comments?post=71183"}],"version-history":[{"count":1,"href":"https:\/\/bihavadis.com\/index.php\/wp-json\/wp\/v2\/posts\/71183\/revisions"}],"predecessor-version":[{"id":71185,"href":"https:\/\/bihavadis.com\/index.php\/wp-json\/wp\/v2\/posts\/71183\/revisions\/71185"}],"wp:featuredmedia":[{"embeddable":true,"href":"https:\/\/bihavadis.com\/index.php\/wp-json\/wp\/v2\/media\/71184"}],"wp:attachment":[{"href":"https:\/\/bihavadis.com\/index.php\/wp-json\/wp\/v2\/media?parent=71183"}],"wp:term":[{"taxonomy":"category","embeddable":true,"href":"https:\/\/bihavadis.com\/index.php\/wp-json\/wp\/v2\/categories?post=71183"},{"taxonomy":"post_tag","embeddable":true,"href":"https:\/\/bihavadis.com\/index.php\/wp-json\/wp\/v2\/tags?post=71183"}],"curies":[{"name":"wp","href":"https:\/\/api.w.org\/{rel}","templated":true}]}}