{"id":71193,"date":"2026-03-27T15:39:08","date_gmt":"2026-03-27T15:39:08","guid":{"rendered":"https:\/\/bihavadis.com\/?p=71193"},"modified":"2026-03-27T15:39:08","modified_gmt":"2026-03-27T15:39:08","slug":"turk-telekom-milli-ekosistemi-guclendiren-5g-ve-otesi-cozumleriyle-mobil-dunya-kongresinde","status":"publish","type":"post","link":"https:\/\/bihavadis.com\/index.php\/2026\/03\/27\/turk-telekom-milli-ekosistemi-guclendiren-5g-ve-otesi-cozumleriyle-mobil-dunya-kongresinde\/","title":{"rendered":"T\u00fcrk Telekom milli ekosistemi g\u00fc\u00e7lendiren 5G ve \u00f6tesi \u00e7\u00f6z\u00fcmleriyle Mobil D\u00fcnya Kongresi\u2019nde"},"content":{"rendered":"<p>Teknoloji birikimi ve g\u00fc\u00e7l\u00fc altyap\u0131s\u0131yla milli ekosistemi g\u00fc\u00e7lendirmek i\u00e7in stratejik i\u015f birliklerine imza atan T\u00fcrk Telekom, GSMA Mobil D\u00fcnya Kongresi\u2019nde milli i\u015f ortaklar\u0131yla geli\u015ftirdi\u011fi \u00e7\u00f6z\u00fcmleri d\u00fcnya sahnesine ta\u015f\u0131yacak. T\u00fcrk Telekom, 2-5 Mart tarihlerinde Barselona\u2019da ger\u00e7ekle\u015ftirilecek fuar kapsam\u0131nda grup \u015firketi Argela ve milli teknoloji \u015firketleri i2i Systems, P.I. Works, Plan-S, Qubitrium ile birlikte hayata ge\u00e7irdi\u011fi yenilik\u00e7i \u00e7\u00f6z\u00fcmleri tan\u0131tacak.\u00a0<\/p>\n<p>T\u00fcrk Telekom CEO\u2019su Ebubekir \u015eahin, <b><em>\u201cT\u00fcrkiye\u2019nin dijital gelece\u011fini in\u015fa eden bir kurum olarak teknoloji birikimimizle milli ekosisteme g\u00fc\u00e7 katacak i\u015f birliklerine imza at\u0131yor, teknoloji rekabetinde \u00fclkemizi ileriye ta\u015f\u0131yacak stratejik ad\u0131mlar at\u0131yoruz. Yeni nesil teknolojilerde milli \u00e7\u00f6z\u00fcmlere odaklan\u0131yor, T\u00fcrkiye\u2019nin 5G\u2019ye en haz\u0131r operat\u00f6r\u00fc olarak, milli ekosistemin geni\u015fletilmesi i\u00e7in \u00f6nc\u00fc \u00e7al\u0131\u015fmalar ger\u00e7ekle\u015ftiriyoruz. Milli i\u015f ortaklar\u0131m\u0131zla geli\u015ftirdi\u011fimiz \u00e7\u00f6z\u00fcmleri d\u00fcnyayla bulu\u015fturarak, \u00fclkemizin teknoloji \u00fcreten ve ihra\u00e7 eden bir g\u00fc\u00e7 olma vizyonuna \u00f6nemli katk\u0131lar sunuyoruz. 5G\u2019nin getirdi\u011fi avantajlarla dijital d\u00f6n\u00fc\u015f\u00fcmde bayrak ta\u015f\u0131y\u0131c\u0131 rol\u00fcm\u00fcz\u00fc peki\u015ftirece\u011fiz.\u201d<\/em><\/b> dedi.\u00a0<\/p>\n<p>T\u00fcrkiye\u2019nin dijital d\u00f6n\u00fc\u015f\u00fcm\u00fcn\u00fcn lideri T\u00fcrk Telekom, teknoloji birikimi ve g\u00fc\u00e7l\u00fc altyap\u0131s\u0131yla dijital gelece\u011fin in\u015fas\u0131na \u00f6nc\u00fcl\u00fck etmeyi s\u00fcrd\u00fcr\u00fcyor. 5G ve yeni nesil teknolojiler alan\u0131nda yapt\u0131\u011f\u0131 stratejik i\u015f birlikleriyle T\u00fcrkiye\u2019nin teknoloji \u00fcretme ve ihra\u00e7 etme kapasitesini art\u0131rmay\u0131 hedefleyen T\u00fcrk Telekom, i\u015ftirakleri ve i\u015f ortaklar\u0131yla geli\u015ftirdi\u011fi yenilik\u00e7i \u00e7\u00f6z\u00fcmleri d\u00fcnya sahnesine ta\u015f\u0131maya haz\u0131rlan\u0131yor. T\u00fcrk Telekom, i\u015ftiraki Argela ve milli teknoloji \u015firketleri i2i Systems, P.I. Works, Plan-S, Qubitrium ile birlikte hayata ge\u00e7irdi\u011fi \u00f6nc\u00fc uygulamalar\u0131 2-5 Mart tarihlerinde \u0130spanya\u2019n\u0131n Barselona kentinde d\u00fczenlenecek GSMA Mobil D\u00fcnya Kongresi\u2019nde tan\u0131tacak.<\/p>\n<p><img decoding=\"async\" src=\"https:\/\/bihavadis.com\/wp-content\/uploads\/2026\/03\/turk-telekom-milli-ekosistemi-guclendiren-5g-ve-otesi-cozumleriyle-mobil-dunya-kongresinde-0-q5NTd8af.jpg\"\/><\/p>\n<p>T\u00fcrk Telekom CEO\u2019su Ebubekir \u015eahin,\u00a0<b><em>\u201cT\u00fcrkiye\u2019nin dijital gelece\u011fini in\u015fa eden T\u00fcrk Telekom olarak teknoloji birikimimizle milli ekosisteme g\u00fc\u00e7 katacak i\u015f birliklerine imza at\u0131yor, teknoloji rekabetinde \u00fclkemizi ileriye ta\u015f\u0131yacak stratejik ad\u0131mlar at\u0131yoruz. Yeni nesil teknolojilerde milli \u00e7\u00f6z\u00fcmlere odaklan\u0131yor, T\u00fcrkiye\u2019nin 5G\u2019ye en haz\u0131r operat\u00f6r\u00fc olarak, milli ekosistemin geni\u015fletilmesi i\u00e7in \u00f6nc\u00fc \u00e7al\u0131\u015fmalar ger\u00e7ekle\u015ftiriyoruz. Milli i\u015f ortaklar\u0131m\u0131zla geli\u015ftirdi\u011fimiz \u00e7\u00f6z\u00fcmleri d\u00fcnyayla bulu\u015fturarak, \u00fclkemizin teknoloji \u00fcreten ve ihra\u00e7 eden bir g\u00fc\u00e7 olma vizyonuna \u00f6nemli katk\u0131lar sunuyoruz. 5G\u2019nin getirdi\u011fi avantajlarla dijital d\u00f6n\u00fc\u015f\u00fcmde bayrak ta\u015f\u0131y\u0131c\u0131 rol\u00fcm\u00fcz\u00fc peki\u015ftirece\u011fiz.\u201d<\/em><\/b> dedi.\u00a0<\/p>\n<p>Argela CEO\u2019su \u0130smail Emanet,\u00a0<b><em>\u201cArgela olarak 5G ve \u00f6tesi teknolojileri yaln\u0131zca ba\u011flant\u0131 altyap\u0131s\u0131 olarak de\u011fil, yeni nesil dijital ekosistemlerin temel platformu olarak ele al\u0131yoruz. Barselona\u2019da sergiledi\u011fimiz \u00e7\u00f6z\u00fcmler, T\u00fcrkiye\u2019de geli\u015ftirilen ileri seviye telekom yaz\u0131l\u0131m\u0131n\u0131n k\u00fcresel \u00f6l\u00e7ekte nas\u0131l de\u011fer \u00fcretebildi\u011finin g\u00fc\u00e7l\u00fc bir g\u00f6stergesi. Argela UTM Projesi ile hava sahas\u0131 y\u00f6netimi, ger\u00e7ek zamanl\u0131 veri i\u015fleme ve g\u00fcvenli ba\u011flant\u0131 kabiliyetlerini 5G altyap\u0131s\u0131yla entegre ederek yeni nesil mobilite senaryolar\u0131na zemin haz\u0131rl\u0131yoruz.\u201d<\/em><\/b> dedi.\u00a0<\/p>\n<p>i2i Systems CEO\u2019su Ayhan Kapusuz,\u00a0<b><em>\u201cT\u00fcrk Telekom ile ger\u00e7ekle\u015ftirdi\u011fimiz i\u015f birli\u011fi kapsam\u0131nda, tamamen yerli ve mill\u00ee m\u00fchendislik kabiliyetlerimizle geli\u015ftirdi\u011fimiz i2i Systems 5G \u00e7ekirdek \u015febeke (5G Core) \u00e7\u00f6z\u00fcmlerimizi kullan\u0131ma sunarak k\u00fcresel teknoloji sahnesine ta\u015f\u0131maktan b\u00fcy\u00fck gurur duyuyoruz.\u00a0U\u00e7tan uca mill\u00ee 5G Core mimarimiz; bulut tabanl\u0131, \u00f6l\u00e7eklenebilir ve a\u00e7\u0131k standartlara uyumlu yap\u0131s\u0131yla operat\u00f6rlere esnek, g\u00fcvenli ve y\u00fcksek performansl\u0131 bir altyap\u0131 sunuyor.\u201d <\/em><\/b>dedi.\u00a0<\/p>\n<p>P.I. Works CEO\u2019su Ba\u015far Akp\u0131nar,\u00a0<b><em>\u201c5G ile birlikte mobil \u015febekeler, yaln\u0131zca daha y\u00fcksek h\u0131z sunan altyap\u0131lar olmaktan \u00e7\u0131karak, farkl\u0131 sekt\u00f6rlerin kritik ihtiya\u00e7lar\u0131na g\u00f6re \u00f6zelle\u015ftirilebilen servis platformlar\u0131na d\u00f6n\u00fc\u015f\u00fcyor. Bu d\u00f6n\u00fc\u015f\u00fcm\u00fcn s\u00fcrd\u00fcr\u00fclebilir olmas\u0131 i\u00e7in \u015febeke dilimlerinin performans\u0131n\u0131n u\u00e7tan uca izlenmesi ve servis seviyelerinin g\u00fcvence alt\u0131na al\u0131nmas\u0131 kritik \u00f6nem ta\u015f\u0131yor. T\u00fcrk Telekom ile ger\u00e7ekle\u015ftirdi\u011fimiz bu \u00e7al\u0131\u015fma kapsam\u0131nda, &#8216;5G RAN Slice Assurance&#8217; \u00e7\u00f6z\u00fcm\u00fcm\u00fczle dilim bazl\u0131 performans g\u00f6r\u00fcn\u00fcrl\u00fc\u011f\u00fcn\u00fc art\u0131rarak servis s\u00fcreklili\u011fine ve kalite istikrar\u0131na katk\u0131 sa\u011flad\u0131k. \u00a0K\u00fcresel \u00f6l\u00e7ekte edindi\u011fimiz RAN otomasyonu ve yapay zeka temelli optimizasyon deneyimini T\u00fcrk Telekom\u2019un 5G vizyonu ile bir araya getirmekten memnuniyet duyuyoruz.\u201d<\/em><\/b> diye\u00a0konu\u015ftu.\u00a0<\/p>\n<p>Plan-S Genel M\u00fcd\u00fcr\u00fc \u00d6zdemir G\u00fcm\u00fc\u015fay,\u00a0\u201c<b><em>T\u00fcrk Telekom ile y\u00fcr\u00fctt\u00fc\u011f\u00fcm\u00fcz i\u015f birli\u011fini, yaln\u0131zca mevcut ihtiya\u00e7lara yan\u0131t veren bir \u00e7al\u0131\u015fma olarak de\u011fil, gelece\u011fin ba\u011flant\u0131 mimarisine y\u00f6nelik stratejik bir ad\u0131m olarak g\u00f6r\u00fcyoruz. Uydu tabanl\u0131 haberle\u015fme alan\u0131nda olu\u015fan ortak \u00e7al\u0131\u015fma zemininin, bug\u00fcn NTN \u00e7\u00f6z\u00fcmlerinin 5G-NTN ve 6G mobil \u015febekelere entegrasyonuna y\u00f6nelik \u00e7al\u0131\u015fmalarla daha ileri bir a\u015famaya ta\u015f\u0131nmas\u0131ndan memnuniyet duyuyoruz. Plan-S olarak uzay ve yer segmentindeki yetkinliklerimizi, T\u00fcrk Telekom\u2019un g\u00fc\u00e7l\u00fc altyap\u0131s\u0131 ve deneyimiyle bir araya getirerek T\u00fcrkiye\u2019nin yeni nesil haberle\u015fme teknolojilerine somut katk\u0131 sunmay\u0131 hedefliyoruz.\u201d<\/em><\/b> ifadelerini kulland\u0131.<\/p>\n<p>Qubitrium CEO\u2019su Kadir Durak, <b><em>\u201cQubitrium olarak geli\u015ftirdi\u011fimiz kuantum a\u011f \u00e7\u00f6z\u00fcmlerini, T\u00fcrk Telekom ile ger\u00e7ekle\u015ftirdi\u011fimiz demo \u00e7al\u0131\u015fmas\u0131nda ger\u00e7ek kullan\u0131m senaryolar\u0131nda test etme imk\u00e2n\u0131 bulduk.\u00a0Bu teknik \u00e7al\u0131\u015fma, kuantum g\u00fcvenli ileti\u015fim teknolojilerinin bug\u00fcnden itibaren uygulanabilirli\u011fini g\u00f6stermesi a\u00e7\u0131s\u0131ndan \u00f6nemli bir ad\u0131m oldu.\u201d<\/em><\/b> dedi.\u00a0<\/p>\n<p><img decoding=\"async\" src=\"https:\/\/bihavadis.com\/wp-content\/uploads\/2026\/03\/turk-telekom-milli-ekosistemi-guclendiren-5g-ve-otesi-cozumleriyle-mobil-dunya-kongresinde-1-uPFkzM6x.jpg\"\/><\/p>\n<p><strong>M\u0130LL\u0130 EKOS\u0130STEM 5G \u00c7\u00d6Z\u00dcMLER\u0130 \u0130LE K\u00dcRESEL ARENADA <\/strong><\/p>\n<p>T\u00fcrk Telekom, i\u015ftirakleri ve milli i\u015f ortaklar\u0131yla geli\u015ftirdi\u011fi 5G ve yeni nesil teknolojilere y\u00f6nelik \u00e7\u00f6z\u00fcmlerini MWC 2026 kapsam\u0131nda k\u00fcresel teknoloji d\u00fcnyas\u0131yla bulu\u015fturacak:<\/p>\n<p><b>\u2022 Argela:<\/b>\u00a0T\u00fcrk Telekom i\u015ftiraki Argela taraf\u0131ndan geli\u015ftirilen ve GSMA taraf\u0131ndan desteklenen 5G alan\u0131nda t\u00fcketicilere ve i\u015fletmelere yenilik\u00e7i \u00e7\u00f6z\u00fcmler sunan\u00a0CAMARA\u00a0Uygulama Programlama Aray\u00fczleri (API)\u00a0tabanl\u0131 5G FPV \u0130HA (insans\u0131z hava arac\u0131) kullan\u0131m senaryosu GSMA stand\u0131nda sergilenecek.<\/p>\n<p><b>\u2022\u00a0Plan-S: <\/b>Uydu ve uzay teknolojileri \u015firketi Plan-S ile\u00a0NTN (Karasal Olmayan \u015eebekeler) \u00e7\u00f6z\u00fcmlerinin, 5G-Advanced ve 6G mobil \u015febekelere entegre edilmesine y\u00f6nelik \u00e7al\u0131\u015fmalar duyurulacak.\u00a0<\/p>\n<p><b>\u2022 i2i Systems:\u00a0<\/b>T\u00fcrk Telekom ve i2i Systems i\u015f birli\u011fi ile tamamen milli m\u00fchendislik \u00fcr\u00fcn\u00fc olarak geli\u015ftirilen 5G \u00e7ekirdek \u015febeke \u00fcr\u00fcnleri duyurulacak.<\/p>\n<p><b>\u2022 P.I. Works:\u00a0<\/b>T\u00fcrk Telekom ve P.I. Works i\u015f birli\u011fi ile hayata ge\u00e7irilen ve 5G\u2019nin \u00f6ne \u00e7\u0131kan kabiliyetlerinden \u015febeke dilimlemede ger\u00e7ek zamanl\u0131 performans g\u00fcvencesi sa\u011flayan yapay zeka destekli otomasyon \u00e7\u00f6z\u00fcmleri ve mobil \u015febeke uygulamalar\u0131 tan\u0131t\u0131lacak.<\/p>\n<p><b>\u2022 Qubitrium:\u00a0<\/b>T\u00fcrk Telekom ve Qubitrium i\u015f birli\u011fi ile hayata ge\u00e7irilen, 5G ve 6G \u015febekelerinde ileti\u015fimi u\u00e7tan uca ultra g\u00fcvenlikli hale getiren Kuantum Anahtar Da\u011f\u0131t\u0131m\u0131 (QKD) tabanl\u0131 \u00e7al\u0131\u015fmalar video\u00a0g\u00f6sterimleriyle tan\u0131t\u0131lacak.<\/p>\n<div> <span><strong>Kaynak:<\/strong> Ensonhaber Haber Merkezi<\/span> <\/div>\n","protected":false},"excerpt":{"rendered":"<p>Teknoloji birikimi ve g\u00fc\u00e7l\u00fc altyap\u0131s\u0131yla milli ekosistemi g\u00fc\u00e7lendirmek i\u00e7in stratejik i\u015f birliklerine imza atan T\u00fcrk Telekom, GSMA Mobil D\u00fcnya Kongresi\u2019nde milli i\u015f ortaklar\u0131yla geli\u015ftirdi\u011fi \u00e7\u00f6z\u00fcmleri d\u00fcnya sahnesine ta\u015f\u0131yacak. T\u00fcrk Telekom, 2-5 Mart &#8230;<\/p>\n","protected":false},"author":1,"featured_media":71194,"comment_status":"open","ping_status":"open","sticky":false,"template":"","format":"standard","meta":{"footnotes":""},"categories":[8],"tags":[7078,395,1419,191,2092],"class_list":["post-71193","post","type-post","status-publish","format-standard","has-post-thumbnail","hentry","category-ekonomi","tag-cozumleri","tag-is","tag-sebeke","tag-teknoloji","tag-turk-telekom"],"_links":{"self":[{"href":"https:\/\/bihavadis.com\/index.php\/wp-json\/wp\/v2\/posts\/71193","targetHints":{"allow":["GET"]}}],"collection":[{"href":"https:\/\/bihavadis.com\/index.php\/wp-json\/wp\/v2\/posts"}],"about":[{"href":"https:\/\/bihavadis.com\/index.php\/wp-json\/wp\/v2\/types\/post"}],"author":[{"embeddable":true,"href":"https:\/\/bihavadis.com\/index.php\/wp-json\/wp\/v2\/users\/1"}],"replies":[{"embeddable":true,"href":"https:\/\/bihavadis.com\/index.php\/wp-json\/wp\/v2\/comments?post=71193"}],"version-history":[{"count":1,"href":"https:\/\/bihavadis.com\/index.php\/wp-json\/wp\/v2\/posts\/71193\/revisions"}],"predecessor-version":[{"id":71197,"href":"https:\/\/bihavadis.com\/index.php\/wp-json\/wp\/v2\/posts\/71193\/revisions\/71197"}],"wp:featuredmedia":[{"embeddable":true,"href":"https:\/\/bihavadis.com\/index.php\/wp-json\/wp\/v2\/media\/71194"}],"wp:attachment":[{"href":"https:\/\/bihavadis.com\/index.php\/wp-json\/wp\/v2\/media?parent=71193"}],"wp:term":[{"taxonomy":"category","embeddable":true,"href":"https:\/\/bihavadis.com\/index.php\/wp-json\/wp\/v2\/categories?post=71193"},{"taxonomy":"post_tag","embeddable":true,"href":"https:\/\/bihavadis.com\/index.php\/wp-json\/wp\/v2\/tags?post=71193"}],"curies":[{"name":"wp","href":"https:\/\/api.w.org\/{rel}","templated":true}]}}