{"id":7124,"date":"2026-01-31T00:30:08","date_gmt":"2026-01-31T00:30:08","guid":{"rendered":"https:\/\/bihavadis.com\/?p=7124"},"modified":"2026-01-31T00:30:08","modified_gmt":"2026-01-31T00:30:08","slug":"manavgat-belediye-baskaninin-baklava-kutularinda-rusvet-savunmasi","status":"publish","type":"post","link":"https:\/\/bihavadis.com\/index.php\/2026\/01\/31\/manavgat-belediye-baskaninin-baklava-kutularinda-rusvet-savunmasi\/","title":{"rendered":"Manavgat Belediye Ba\u015fkan\u0131&#8217;n\u0131n baklava kutular\u0131nda r\u00fc\u015fvet savunmas\u0131"},"content":{"rendered":"<p>CHP&#8217;li belediyelerin yolsuzluk ve r\u00fc\u015fvet soru\u015fturmalar\u0131 devam ediyor.<\/p>\n<p>Antalya&#8217;da Manavgat Belediyesi&#8217;ne y\u00f6nelik &#8216;yolsuzluk&#8217; ve &#8216;r\u00fc\u015fvet&#8217; tahkikat\u0131 ba\u015flat\u0131lm\u0131\u015ft\u0131.<\/p>\n<p><strong>BAKLAVA KUTUSUNDA R\u00dc\u015eVET ALDI\u011eI \u00d6NE S\u00dcR\u00dcLM\u00dc\u015eT\u00dc<\/strong><\/p>\n<p>B\u00fcy\u00fck\u015fehir Belediye Ba\u015fkan Yard\u0131mc\u0131s\u0131 Mehmet Engin T\u00fcter,\u00a0baklava kutusunda 110 bin euro r\u00fc\u015fvet al\u0131rken g\u00f6r\u00fcnt\u00fcleri ortaya \u00e7\u0131km\u0131\u015ft\u0131.<\/p>\n<p>Soru\u015fturma \u00e7er\u00e7evesinde B\u00fcy\u00fck\u015fehir Belediye Ba\u015fkan\u0131 Niyazi Nefi Kara&#8217;n\u0131n da aralar\u0131nda bulundu\u011fu 41 ki\u015fi g\u00f6zalt\u0131na al\u0131nm\u0131\u015f, \u015f\u00fcphelilerden Kara dahil 6&#8217;s\u0131 tutuklanm\u0131\u015ft\u0131.<\/p>\n<p>32 su\u00e7un bulundu\u011fu iddianame kabul edilmi\u015f, iddianamede Niyazi Nefi Kara hakk\u0131nda su\u00e7 \u00f6rg\u00fct\u00fc kurma, r\u00fc\u015fvet, irtikap, zimmet gibi su\u00e7lamalar yer alm\u0131\u015ft\u0131.<\/p>\n<p><strong>41 SANI\u011eIN YARGILANDI\u011eI \u0130K\u0130NC\u0130 DURU\u015eMA SONLANDI<\/strong><\/p>\n<p>Mahkeme s\u00fcreci devam ederken, 41 san\u0131\u011f\u0131n yarg\u0131lamas\u0131nda ikinci duru\u015fma da tamamland\u0131.<\/p>\n<p>Manavgat 3. A\u011f\u0131r Ceza Mahkemesi&#8217;nde g\u00f6r\u00fclen davan\u0131n ikinci duru\u015fmas\u0131nda; Niyazi Nefi Kara ve baklava kutusunda r\u00fc\u015fvet ald\u0131\u011f\u0131 g\u00f6r\u00fcnt\u00fclenen T\u00fcter&#8217;in de aralar\u0131nda oldu\u011fu 41 san\u0131k, m\u00fc\u015ftekiler ve taraf avukatlar\u0131 salonda haz\u0131r bulundu.<\/p>\n<p><strong>SU\u00c7LAMALARI REDDETT\u0130<\/strong><\/p>\n<p>Duru\u015fmada savunma yapan Niyazi Nefi Kara, hakk\u0131ndaki su\u00e7lamalar\u0131 kabul etmedi.<\/p>\n<p>Kara, tan\u0131klardan K.B.&#8217;nin H\u00fcseyin Cem G\u00fcl&#8217;e para verdi\u011fi s\u00f6yleminin ger\u00e7ek olmad\u0131\u011f\u0131n\u0131 savundu.<\/p>\n<p><strong>&#8220;MANAVGAT BELED\u0130YES\u0130&#8217;NE KUMPAS KURULDU&#8221;<\/strong><\/p>\n<p>Cezaevinde aylard\u0131r ses kay\u0131tlar\u0131n\u0131 okudu\u011funu belirten Niyazi Nefi Kara, \u015f\u00f6yle konu\u015ftu:<\/p>\n<p>Beyin cerrah\u0131 olarak beyin kalmad\u0131. O baklava g\u00f6r\u00fcnt\u00fclerinde as\u0131l ma\u011fdur Engin T\u00fcter de\u011fil, benim. T\u00fcrkiye&#8217;de t\u00fcm hastalar\u0131m buna inanmad\u0131.<\/p>\n<p>&#8216;Nefi Bey bunu yapmaz&#8217; dedi. 200 oda yap\u0131lmas\u0131 gereken yere 400 oda yapanlar, kara para akl\u0131yor. Manavgat Belediyesi&#8217;ne kumpas kuruldu.<\/p>\n<p><img decoding=\"async\" src=\"https:\/\/bihavadis.com\/wp-content\/uploads\/2026\/01\/manavgat-belediye-baskaninin-baklava-kutularinda-rusvet-savunmasi-0-B17R1hzY.jpg\"\/><\/p>\n<p><strong>&#8220;TV KANALINA \u00d6DENEN PARADAN HABER\u0130M YOK&#8221;<\/strong><\/p>\n<p>13 ya\u015f\u0131nda Manavgat&#8217;tan ayr\u0131lm\u0131\u015f, il\u00e7eyi iyi bilen biri de\u011filim.<\/p>\n<p>Ben istesem, otellere, &#8216;100&#8217;er bin euro getirin&#8217; desem s\u0131raya girerlerdi.<\/p>\n<p>B\u00fct\u00fcn korkular\u0131, ka\u00e7aklar\u0131n\u0131n olmas\u0131.<\/p>\n<p>Zafer S.&#8217;nin televizyon kanal\u0131na \u00f6dedi\u011fi 6,6 milyon liradan haberim yok.<\/p>\n<p><strong>&#8220;RUHSAT BA\u015eVURUMU BEKLETT\u0130LER&#8217; \u0130DD\u0130ASI YALANDIR&#8221;<\/strong><\/p>\n<p>Zafer S.&#8217;nin &#8216;Ruhsat ba\u015fvurumu beklettiler&#8217; iddias\u0131 yaland\u0131r.<\/p>\n<p>Ayr\u0131ca bahse konu evi 4,5 milyona sat\u0131n ald\u0131m.<\/p>\n<p>Aleyhime y\u00f6nelik t\u00fcm \u015fah\u0131slar\u0131n iddialar\u0131n\u0131 kabul etmiyorum.<\/p>\n<p>Tahliyemi ve beraat\u0131m\u0131 talep ediyorum.<\/p>\n<p><strong>&#8220;TEM\u0130ZL\u0130K \u0130HALES\u0130N\u0130N VER\u0130LMES\u0130NE YETK\u0130M YOK&#8221;<\/strong><\/p>\n<p>Tutuklu san\u0131klardan S\u0131la Ceyhan Berkaya da temizlik ihalesinin verilmesine ili\u015fkin yetkisi bulunmad\u0131\u011f\u0131n\u0131 ifade etti.<\/p>\n<p>Tan\u0131k ve san\u0131klarla yak\u0131nl\u0131\u011f\u0131 bulunmad\u0131\u011f\u0131n\u0131 belirten Berkaya, kimseden para almad\u0131\u011f\u0131n\u0131 s\u00f6yledi.<\/p>\n<p>Berkaya, tahliyesini talep etti.<\/p>\n<p><strong>M\u00dc\u015eTEK\u0130: HARACA D\u00d6NEN \u0130STEKLERDEN \u015e\u0130KAYET\u00c7\u0130Y\u0130M<\/strong><\/p>\n<p>Tutuklu san\u0131k Mesut Kara ise hakk\u0131ndaki doland\u0131r\u0131c\u0131l\u0131k beyanlar\u0131n\u0131 kabul etmedi\u011fini, Niyazi Nefi Kara d\u00f6neminde zenginle\u015fti\u011fine ili\u015fkin tan\u0131k beyanlar\u0131n\u0131n ger\u00e7e\u011fi yans\u0131tmad\u0131\u011f\u0131n\u0131 savundu.<\/p>\n<p>M\u00fc\u015fteki Zafer S. de san\u0131klar\u0131n kendisine 150 milyon liradan fazla ceza yazd\u0131\u011f\u0131n\u0131, haraca d\u00f6nen isteklerden dolay\u0131 \u015fikayet\u00e7i oldu\u011funu belirtti.<\/p>\n<p><strong>&#8220;BU V\u0130DEODA YA\u015eANAN KURGU DOLU KUMPASTIR&#8221;<\/strong><\/p>\n<p>Tutuklu san\u0131k Mehmet Engin T\u00fcter de kendisine baklava kutusunda getirilen paran\u0131n Zafer S.&#8217;den al\u0131nd\u0131\u011f\u0131n\u0131, paray\u0131 getiren C.C.&#8217;nin a\u00e7\u0131klad\u0131\u011f\u0131n\u0131 s\u00f6yledi.<\/p>\n<p>T\u00fcter, ayr\u0131ca \u015fu savunmay\u0131 yapt\u0131:<\/p>\n<p>Kamuoyuna yans\u0131yan videoda C.C., &#8216;Sana verecek oldu\u011fum komisyon&#8217; ifadesini kullan\u0131yor.<\/p>\n<p>Ben kendisiyle hi\u00e7bir zaman komisyon anla\u015fmas\u0131 yapmad\u0131m.<\/p>\n<p>Alkol istemedim. Bu videoda ya\u015fanan kurgu dolu kumpast\u0131r.<\/p>\n<p><img decoding=\"async\" src=\"https:\/\/bihavadis.com\/wp-content\/uploads\/2026\/01\/manavgat-belediye-baskaninin-baklava-kutularinda-rusvet-savunmasi-1-e3YHECbM.jpg\"\/><\/p>\n<p><strong>&#8220;A\u011eLAMA KR\u0130ZLER\u0130M BA\u015eLADI&#8221;<\/strong><\/p>\n<p><em><b>&#8220;Tutuksuz yarg\u0131lanmay\u0131 istiyorum. 5 metrekare bir odada, 7 ayd\u0131r kimseyle g\u00f6r\u00fc\u015fmeden ya\u015f\u0131yorum. Bir avlumuz dahi yok. Ciddi sa\u011fl\u0131k sorunlar\u0131 ya\u015f\u0131yorum. Depresyon ilac\u0131 kullan\u0131yorum.<\/b><\/em><\/p>\n<p><em><b>A\u011flama krizlerim ba\u015flad\u0131. \u0130lkokula yeni ba\u015flayan k\u0131z\u0131m var. Tahliyemi istiyorum, en k\u00f6t\u00fc ihtimalle ev hapsini talep ediyorum.&#8221;<\/b><\/em><\/p>\n<p>Savunmas\u0131n\u0131n ard\u0131ndan rahats\u0131zlanan san\u0131k T\u00fcter, sa\u011fl\u0131k ekiplerince hastaneye g\u00f6t\u00fcr\u00fcld\u00fc.<\/p>\n<p><strong>DURU\u015eMA \u0130LER\u0130 B\u0130R TAR\u0130HE ERTELEND\u0130<\/strong><\/p>\n<p>Tutuklu san\u0131k Mehmet Okan Kaya da beraatini talep etti.<\/p>\n<p>Tutuklu san\u0131k H\u00fcseyin Cem G\u00fcl ise savunmas\u0131n\u0131 yaz\u0131l\u0131 sunaca\u011f\u0131n\u0131 belirterek, tahliyesini istedi.<\/p>\n<p>Di\u011fer san\u0131klar\u0131n ve avukatlar\u0131n savunmalar\u0131n ard\u0131ndan mahkeme heyeti, tutuklu san\u0131klar\u0131n tutukluluk halinin devam\u0131na, eksiklerin giderilmesi, yeni tan\u0131klar\u0131n dinlenmesine karar verip, duru\u015fmay\u0131 erteledi.<\/p>\n<p><img decoding=\"async\" src=\"https:\/\/bihavadis.com\/wp-content\/uploads\/2026\/01\/manavgat-belediye-baskaninin-baklava-kutularinda-rusvet-savunmasi-2-cydBbIC7.jpg\"\/><\/p>\n","protected":false},"excerpt":{"rendered":"<p>Antalya&#8217;da Manavgat Belediye Ba\u015fkan\u0131 Niyazi Nefi Kara, &#8216;r\u00fc\u015fvet&#8217; iddialar\u0131na baklava kutular\u0131yla cevap verdi. Kara, kendisini &#8216;as\u0131l ma\u011fdur&#8217; olarak g\u00f6sterirken, belediyeye y\u00f6nelik su\u00e7lamalar\u0131 redderek, &#8220;Manavgat Belediyesi&#8217;ne kumpas kuruldu&#8221; ifadelerini kulland\u0131.<\/p>\n","protected":false},"author":1,"featured_media":7125,"comment_status":"open","ping_status":"open","sticky":false,"template":"","format":"standard","meta":{"footnotes":""},"categories":[9,13],"tags":[372,1676,260,1408,1677],"class_list":["post-7124","post","type-post","status-publish","format-standard","has-post-thumbnail","hentry","category-genel","category-son-dakika","tag-belediye","tag-durusma","tag-para","tag-rusvet","tag-tutuklu-sanik"],"_links":{"self":[{"href":"https:\/\/bihavadis.com\/index.php\/wp-json\/wp\/v2\/posts\/7124","targetHints":{"allow":["GET"]}}],"collection":[{"href":"https:\/\/bihavadis.com\/index.php\/wp-json\/wp\/v2\/posts"}],"about":[{"href":"https:\/\/bihavadis.com\/index.php\/wp-json\/wp\/v2\/types\/post"}],"author":[{"embeddable":true,"href":"https:\/\/bihavadis.com\/index.php\/wp-json\/wp\/v2\/users\/1"}],"replies":[{"embeddable":true,"href":"https:\/\/bihavadis.com\/index.php\/wp-json\/wp\/v2\/comments?post=7124"}],"version-history":[{"count":1,"href":"https:\/\/bihavadis.com\/index.php\/wp-json\/wp\/v2\/posts\/7124\/revisions"}],"predecessor-version":[{"id":7129,"href":"https:\/\/bihavadis.com\/index.php\/wp-json\/wp\/v2\/posts\/7124\/revisions\/7129"}],"wp:featuredmedia":[{"embeddable":true,"href":"https:\/\/bihavadis.com\/index.php\/wp-json\/wp\/v2\/media\/7125"}],"wp:attachment":[{"href":"https:\/\/bihavadis.com\/index.php\/wp-json\/wp\/v2\/media?parent=7124"}],"wp:term":[{"taxonomy":"category","embeddable":true,"href":"https:\/\/bihavadis.com\/index.php\/wp-json\/wp\/v2\/categories?post=7124"},{"taxonomy":"post_tag","embeddable":true,"href":"https:\/\/bihavadis.com\/index.php\/wp-json\/wp\/v2\/tags?post=7124"}],"curies":[{"name":"wp","href":"https:\/\/api.w.org\/{rel}","templated":true}]}}