{"id":71253,"date":"2026-03-27T16:24:06","date_gmt":"2026-03-27T16:24:06","guid":{"rendered":"https:\/\/bihavadis.com\/?p=71253"},"modified":"2026-03-27T16:24:06","modified_gmt":"2026-03-27T16:24:06","slug":"dunya-tuberkuloz-gunu","status":"publish","type":"post","link":"https:\/\/bihavadis.com\/index.php\/2026\/03\/27\/dunya-tuberkuloz-gunu\/","title":{"rendered":"D\u00fcnya T\u00fcberk\u00fcloz G\u00fcn\u00fc"},"content":{"rendered":"<p><span>Robert Koch\u2019un 24 Mart 1882\u2019de t\u00fcberk\u00fcloz basilini ke\u015ffetti\u011fini ilan etmesi, t\u0131p tarihinde d\u00f6n\u00fcm noktalar\u0131ndan biri olmu\u015ftur. Bu \u00f6nemli ke\u015ffin 100. y\u0131l d\u00f6n\u00fcm\u00fcnde, 1982 y\u0131l\u0131nda 24 Mart tarihi D\u00fcnya T\u00fcberk\u00fcloz G\u00fcn\u00fc olarak kabul edilmi\u015ftir. Bu tarihten itibaren, d\u00fcnya genelinde t\u00fcberk\u00fcloz hastal\u0131\u011f\u0131na dikkat \u00e7ekmek ve kontrol\u00fcne y\u00f6nelik fark\u0131ndal\u0131\u011f\u0131 art\u0131rmak amac\u0131yla her y\u0131l 24 Mart\u2019ta \u00e7e\u015fitli etkinlikler d\u00fczenlenmektedir. \u00dclkemizde ise veremle m\u00fccadele, Cumhuriyet\u2019in ilk y\u0131llar\u0131ndan itibaren bir devlet politikas\u0131 olarak ele al\u0131nm\u0131\u015f; bu do\u011frultuda yakla\u015f\u0131k 79 y\u0131ld\u0131r s\u00fcrd\u00fcr\u00fclen sa\u011fl\u0131k politikas\u0131 \u201cT\u00fcberk\u00fcloz Fark\u0131ndal\u0131k ve E\u011fitim Haftas\u0131\u201d ile \u00e7al\u0131\u015fmalar kararl\u0131l\u0131kla devam etmektedir.<\/span><\/p>\n<p><b><strong>K\u00fcresel Tehdit S\u00fcrerken T\u00fcrkiye\u2019de Veremle M\u00fccadelede Ba\u015far\u0131n\u0131n Mimar\u0131 Sa\u011fl\u0131k \u00c7al\u0131\u015fanlar\u0131<\/strong><\/b><\/p>\n<p><span>T\u00fcrk Toraks Derne\u011fi T\u00fcberk\u00fcloz \u00c7al\u0131\u015fma Grubu a\u00e7\u0131klamas\u0131nda: \u201cD\u00fcnyada t\u00fcberk\u00fcloz hala ciddi bir halk sa\u011fl\u0131\u011f\u0131 sorunudur. \u00d6zellikle Sahra G\u00fcneyi Afrika\u2019da ve G\u00fcney Do\u011fu Asya\u2019da b\u00fcy\u00fck bir salg\u0131n h\u00fck\u00fcm s\u00fcrmektedir. Her y\u0131l 10 milyondan fazla hasta ortaya \u00e7\u0131kmakta ve 1,2 milyon insan \u00f6lmektedir. Tan\u0131s\u0131, korunmas\u0131 ve tedavisi m\u00fcmk\u00fcn olan bir hastal\u0131\u011f\u0131n bu denli b\u00fcy\u00fck bir y\u0131k\u0131m yapmas\u0131 kabul edilemez. Bu durum, s\u00f6z\u00fc edilen 2 k\u0131tadaki yoksulluk, yetersiz beslenme ve sa\u011fl\u0131k hizmetlerinin yetersizliklerinin bir sonucudur. <\/span><span>T\u00fcrkiye\u2019de verem hastal\u0131\u011f\u0131 y\u00fcz y\u0131l \u00f6nceki salg\u0131n halinden bug\u00fcn az g\u00f6r\u00fclen bir hastal\u0131k haline gelmi\u015ftir. T\u00fcrkiye\u2019de verem hastal\u0131\u011f\u0131n\u0131n g\u00f6r\u00fclme s\u0131kl\u0131\u011f\u0131 \u00f6nemli \u00f6l\u00e7\u00fcde azalm\u0131\u015f olup, g\u00fcn\u00fcm\u00fczde y\u00fcz bin ki\u015fide yakla\u015f\u0131k 10 vaka d\u00fczeyine gerilemi\u015ftir. Tan\u0131s\u0131nda, koruyucu tedavisinde ve tedavisinde ba\u015far\u0131l\u0131y\u0131z. Bu ba\u015far\u0131 sa\u011fl\u0131k sistemimizin bir ba\u015far\u0131s\u0131d\u0131r. Bu ba\u015far\u0131da, \u00f6zellikle verem sava\u015f\u0131 dispanserlerinin \u00e7al\u0131\u015fanlar\u0131n\u0131n pay\u0131 en fazlad\u0131r\u201d\u00a0<\/span><\/p>\n<p><b><strong>T\u00fcrkiye\u2019de Verem Sava\u015f\u0131 Hekimlerinin E\u011fitimi ve S\u00fcreklili\u011fi: Ba\u015far\u0131n\u0131n Anahtar\u0131<\/strong><\/b><\/p>\n<p><span>T\u00fcrk Toraks Derne\u011fi T\u00fcberk\u00fcloz \u00c7al\u0131\u015fma Grubu a\u00e7\u0131klamas\u0131na \u015f\u00f6yle sonland\u0131rd\u0131: \u201cVerem sava\u015f\u0131 dispanseri hekimlerinin e\u011fitimli ve deneyimli olmas\u0131 \u00f6nemlidir. Ne yaz\u0131k ki, e\u011fitimli ve deneyimli hekimler bu kurumlardan ayr\u0131lmaktad\u0131rlar. \u00c7\u00fcnk\u00fc, verem sava\u015f\u0131 birimlerinde \u00e7al\u0131\u015fanlar\u0131n ekonomik olarak ayn\u0131 konumdaki doktorlara g\u00f6re ciddi maddi kay\u0131plar\u0131 s\u00f6z konusudur. D\u00fczenli ve s\u00fcrekli \u00e7al\u0131\u015fmalar\u0131 g\u00f6revlendirmeler nedeniyle m\u00fcmk\u00fcn olmamaktad\u0131r. S\u00fcrekli e\u011fitim ve sertifika verilen hekimlerin ayr\u0131lmas\u0131 nedeniyle \u00e7o\u011funlukla e\u011fitimsiz hekimler bu faaliyeti y\u00fcr\u00fctmek zorunda kalmaktad\u0131r. Verem sava\u015f\u0131 birimlerindeki hekimlerin e\u011fitimli ve sertifikal\u0131 olmas\u0131, \u00e7al\u0131\u015fmalar\u0131nda s\u00fcreklilik sa\u011flanmas\u0131 gereklidir. Bunun i\u00e7in bu hekimlerin s\u00f6zle\u015fmeli yap\u0131lmas\u0131n\u0131 \u00f6neriyoruz. T\u00fcrkiye\u2019de t\u00fcberk\u00fcloz kontrol\u00fcn\u00fcn en \u00f6nemli sorunu budur. <\/span><span>T\u00fcrkiye\u2019de son 19 y\u0131lda t\u00fcberk\u00fcloz hastal\u0131\u011f\u0131n\u0131n s\u0131kl\u0131\u011f\u0131 %65 azalm\u0131\u015ft\u0131r. Bu ba\u015far\u0131l\u0131 \u00e7al\u0131\u015fman\u0131n s\u00fcrd\u00fcr\u00fclmesi ve daha ba\u015far\u0131l\u0131 hale getirilmesini istiyoruz. E\u011fitimli ve bilimi rehber alan sa\u011fl\u0131k \u00e7al\u0131\u015fanlar\u0131n\u0131n daha ba\u015far\u0131l\u0131 olaca\u011f\u0131 kanaatindeyiz. D\u00fcnya Sa\u011fl\u0131k \u00d6rg\u00fct\u00fcn\u00fcn belirledi\u011fi 2026 D\u00fcnya T\u00fcberk\u00fcloz temas\u0131n\u0131 \u00f6nemsiyoruz ve payla\u015f\u0131yoruz. Evet! T\u00fcberk\u00fclozu Sonland\u0131rabiliriz! \u00dclkelerin \u00f6nderli\u011finde. \u0130nsanlar\u0131n g\u00fcc\u00fcyle\u201d (BSHA \u2013 Bilim ve Sa\u011fl\u0131k Haber Ajans\u0131)\u00a0<\/span><\/p>\n<p><span>\u00a0<\/span><\/p><\/p>\n","protected":false},"excerpt":{"rendered":"<p>T\u00fcrk Toraks Derne\u011fi, D\u00fcnya T\u00fcberk\u00fcloz G\u00fcn\u00fc nedeniyle bir a\u00e7\u0131klama yay\u0131nlad\u0131<\/p>\n","protected":false},"author":1,"featured_media":71254,"comment_status":"open","ping_status":"open","sticky":false,"template":"","format":"standard","meta":{"footnotes":""},"categories":[11],"tags":[688,233,467,7875,7874],"class_list":["post-71253","post","type-post","status-publish","format-standard","has-post-thumbnail","hentry","category-saglik","tag-basari","tag-egitim","tag-hasta","tag-hekimler","tag-tuberkuloz"],"_links":{"self":[{"href":"https:\/\/bihavadis.com\/index.php\/wp-json\/wp\/v2\/posts\/71253","targetHints":{"allow":["GET"]}}],"collection":[{"href":"https:\/\/bihavadis.com\/index.php\/wp-json\/wp\/v2\/posts"}],"about":[{"href":"https:\/\/bihavadis.com\/index.php\/wp-json\/wp\/v2\/types\/post"}],"author":[{"embeddable":true,"href":"https:\/\/bihavadis.com\/index.php\/wp-json\/wp\/v2\/users\/1"}],"replies":[{"embeddable":true,"href":"https:\/\/bihavadis.com\/index.php\/wp-json\/wp\/v2\/comments?post=71253"}],"version-history":[{"count":1,"href":"https:\/\/bihavadis.com\/index.php\/wp-json\/wp\/v2\/posts\/71253\/revisions"}],"predecessor-version":[{"id":71255,"href":"https:\/\/bihavadis.com\/index.php\/wp-json\/wp\/v2\/posts\/71253\/revisions\/71255"}],"wp:featuredmedia":[{"embeddable":true,"href":"https:\/\/bihavadis.com\/index.php\/wp-json\/wp\/v2\/media\/71254"}],"wp:attachment":[{"href":"https:\/\/bihavadis.com\/index.php\/wp-json\/wp\/v2\/media?parent=71253"}],"wp:term":[{"taxonomy":"category","embeddable":true,"href":"https:\/\/bihavadis.com\/index.php\/wp-json\/wp\/v2\/categories?post=71253"},{"taxonomy":"post_tag","embeddable":true,"href":"https:\/\/bihavadis.com\/index.php\/wp-json\/wp\/v2\/tags?post=71253"}],"curies":[{"name":"wp","href":"https:\/\/api.w.org\/{rel}","templated":true}]}}