{"id":71287,"date":"2026-03-27T16:57:06","date_gmt":"2026-03-27T16:57:06","guid":{"rendered":"https:\/\/bihavadis.com\/?p=71287"},"modified":"2026-03-27T16:57:06","modified_gmt":"2026-03-27T16:57:06","slug":"sektorun-lider-sirketleri-yeni-donemde-teknolojide-kadin-derneginin-yonetim-koltuklarina-oturdu","status":"publish","type":"post","link":"https:\/\/bihavadis.com\/index.php\/2026\/03\/27\/sektorun-lider-sirketleri-yeni-donemde-teknolojide-kadin-derneginin-yonetim-koltuklarina-oturdu\/","title":{"rendered":"Sekt\u00f6r\u00fcn Lider \u015eirketleri Yeni D\u00f6nemde Teknolojide Kad\u0131n Derne\u011fi&#8217;nin Y\u00f6netim Koltuklar\u0131na Oturdu"},"content":{"rendered":"<p>T\u00fcrkiye\u2019nin farkl\u0131 sekt\u00f6rlerinden lider kurumlar\u0131 temsil eden y\u00f6neticilerden olu\u015fan yeni y\u00f6netim kurulu, sahip oldu\u011fu geni\u015f sekt\u00f6r temsiliyetiyle derne\u011fin etki alan\u0131n\u0131 daha da b\u00fcy\u00fctmeyi hedefliyor. Farkl\u0131 alanlardan gelen liderlerin bir araya gelmesi, Teknolojide Kad\u0131n Derne\u011fi\u2019nin teknoloji ekosisteminde kurdu\u011fu g\u00fc\u00e7l\u00fc i\u015f birli\u011fi a\u011f\u0131n\u0131 ve \u00e7ok payda\u015fl\u0131 yap\u0131s\u0131n\u0131 da ortaya koyuyor.<\/p>\n<p>Yeni y\u00f6netim kurulu d\u00f6neminde dernek; yapay zek\u00e2, veri ekonomisi, siber g\u00fcvenlik, fintech ve s\u00fcrd\u00fcr\u00fclebilir teknoloji gibi alanlarda kad\u0131n yetkinli\u011fini art\u0131rmaya y\u00f6nelik projeleri b\u00fcy\u00fctmeyi, gen\u00e7 kad\u0131nlar\u0131n teknoloji ekosistemine kat\u0131l\u0131m\u0131n\u0131 h\u0131zland\u0131rmay\u0131 ve T\u00fcrkiye\u2019nin dijital gelece\u011finde kad\u0131n liderli\u011fini daha g\u00f6r\u00fcn\u00fcr hale getirmeyi hedefliyor.<\/p>\n<p><b><strong>Teknolojide Kad\u0131n Derne\u011fi G\u00fc\u00e7l\u00fc Y\u00f6netim Kurulu<\/strong><\/b><\/p>\n<p>Zehra \u00d6ney \u2013 Kurucusu &#038; Y\u00f6netim Kurulu E\u015f Ba\u015fkan\u0131, Teknolojide Kad\u0131n Derne\u011fi \/ Kurucu Ba\u015fkan\u0131, 360+ Media Interactive, Hayriye Karadeniz \u2013 Y\u00f6netim Kurulu E\u015f Ba\u015fkan\u0131 \/ Bilgi Teknolojileri Koordinat\u00f6r\u00fc, Ko\u00e7 Holding, Yasemin Bedir \u2013 Y\u00f6netim Kurulu Ba\u015fkan Yard\u0131mc\u0131s\u0131 \/ Do\u011fu Avrupa B\u00f6lge Ba\u015fkan\u0131, Mastercard, Banu Soyak \u2013 Sayman \/ Pazarlama ve \u0130leti\u015fimden Sorumlu Genel M\u00fcd\u00fcr Yard\u0131mc\u0131s\u0131, Lenovo, Ay\u015feg\u00fcl Ar\u0131can \u015eeker \u2013 Y\u00f6netim Kurulu \u00dcyesi \/ \u0130cra Kurulu Ba\u015fkan Yard\u0131mc\u0131s\u0131, Vodafone, Ersin Esent\u00fcrk \u2013 Y\u00f6netim Kurulu \u00dcyesi \/ Genel M\u00fcd\u00fcr, Enerjisa Perakende Sat\u0131\u015f \u015eirketleri, Ebru \u00d6zdemir \u2013 Y\u00f6netim Kurulu \u00dcyesi \/ Y\u00f6netim Kurulu Ba\u015fkan\u0131, Limak Holding, Seda \u00d6zdemir \u015een \u2013 Y\u00f6netim Kurulu \u00dcyesi \/ Sat\u0131\u015f M\u00fcd\u00fcr\u00fc, Dell, Bur\u00e7ak T\u00fcrkeri \u2013 Y\u00f6netim Kurulu \u00dcyesi \/ S\u00fcrd\u00fcr\u00fclebilirlik ve Kurumsal \u0130leti\u015fim Lideri, Ford Otosan, Ekrem Emre Ultav \u2013 Y\u00f6netim Kurulu \u00dcyesi \/ Kurumsal Sat\u0131\u015ftan Sorumlu Genel M\u00fcd\u00fcr Yard\u0131mc\u0131s\u0131, SAS T\u00fcrkiye, Berrin \u00d6zsel\u00e7uk \u2013 Y\u00f6netim Kurulu \u00dcyesi \/ Genel M\u00fcd\u00fcr, Amazon T\u00fcrkiye, Burcu S\u00f6nmezyal\u00e7\u0131n D\u00f6ker \u2013 Y\u00f6netim Kurulu \u00dcyesi \/ Hukuk Direkt\u00f6r\u00fc, MediaMarkt, Ay\u015fenur H\u0131\u00e7k\u0131ran \u2013 Y\u00f6netim Kurulu \u00dcyesi \/ Bireysel Bankac\u0131l\u0131k ve Varl\u0131k Y\u00f6netimi\u2019nden Sorumlu Genel M\u00fcd\u00fcr Yard\u0131mc\u0131s\u0131, DenizBank, \u00d6zden \u00d6nald\u0131 \u2013 Y\u00f6netim Kurulu \u00dcyesi \/ Genel M\u00fcd\u00fcr Yard\u0131mc\u0131s\u0131, Yap\u0131 Kredi, Berrak Kutsoy \u2013 Y\u00f6netim Kurulu \u00dcyesi \/ Kurumsal \u0130leti\u015fim ve D\u0131\u015f \u0130li\u015fkiler Direkt\u00f6r\u00fc &#038; ESG Ba\u015fkan\u0131, Esas Holding, Ba\u015fak Kural Uslu \u2013 Y\u00f6netim Kurulu \u00dcyesi \/ Genel M\u00fcd\u00fcr, Logo Finansal Teknolojiler, Funda G\u00f6\u011f\u00fc\u015f \u2013 Y\u00f6netim Kurulu \u00dcyesi \/ Kariyer Geli\u015fim B\u00f6l\u00fcm Ba\u015fkan\u0131, Akbank, \u0130rem Canta\u015f Ayg\u00fcn \u2013 Y\u00f6netim Kurulu \u00dcyesi \/ B\u00fcy\u00fcmeden Sorumlu Genel M\u00fcd\u00fcr Yard\u0131mc\u0131s\u0131 (CGO), Sabanc\u0131Dx<\/p>\n<p><b><strong>Derne\u011fin Yeni D\u00f6nem \u00d6ncelikleri<\/strong><\/b><\/p>\n<p>Teknolojide Kad\u0131n Derne\u011fi yeni d\u00f6nemde yaln\u0131zca e\u011fitim programlar\u0131 y\u00fcr\u00fcten bir yap\u0131 olman\u0131n \u00f6tesine ge\u00e7erek teknoloji politikalar\u0131n\u0131n, yetenek ekosisteminin ve gelece\u011fin dijital d\u00f6n\u00fc\u015f\u00fcm alanlar\u0131n\u0131n \u015fekillendi\u011fi platformlarda daha aktif rol almay\u0131 hedefliyor. Bu kapsamda dernek, \u00f6zellikle yapay zek\u00e2 ve ileri teknolojilerin toplumsal etkileri \u00fczerine odaklanan \u00e7al\u0131\u015fmalar\u0131n\u0131 geni\u015fletmeyi planl\u0131yor.<\/p>\n<p>Yeni d\u00f6nemde derne\u011fin \u00f6ncelikleri aras\u0131nda:<\/p>\n<ul>\n<li>Yapay zek\u00e2, veri ekonomisi ve ileri teknoloji alanlar\u0131nda kad\u0131nlar\u0131n teknik yetkinli\u011fini art\u0131rmaya y\u00f6nelik e\u011fitim ve mentorluk programlar\u0131n\u0131n geni\u015fletilmesi,<\/li>\n<li>Yapay zek\u00e2n\u0131n etik kullan\u0131m\u0131, reg\u00fclasyon s\u00fcre\u00e7leri ve hukukla ili\u015fkisi \u00fczerine fark\u0131ndal\u0131k ve bilgi \u00fcretimine katk\u0131 sa\u011flayacak \u00e7al\u0131\u015fmalar y\u00fcr\u00fct\u00fclmesi,<\/li>\n<li>\u0130nsan ve robot etkile\u015fiminin gelece\u011fi, algoritmik karar sistemleri ve teknolojinin toplumsal etkileri \u00fczerine \u00e7ok payda\u015fl\u0131 d\u00fc\u015f\u00fcnce platformlar\u0131 olu\u015fturulmas\u0131,<\/li>\n<li>Gen\u00e7 kad\u0131nlar\u0131n teknoloji kariyerlerine daha g\u00fc\u00e7l\u00fc ad\u0131m atmalar\u0131n\u0131 sa\u011flayacak programlar\u0131n yayg\u0131nla\u015ft\u0131r\u0131lmas\u0131,<\/li>\n<li>Kad\u0131n giri\u015fimcilerin yar\u0131\u015fmalar, e\u011fitim programlar\u0131 ve i\u015f birlikleriyle desteklenmesi<\/li>\n<li>Ulusal ve uluslararas\u0131 \u00f6l\u00e7ekte kurumlar, akademi ve kamu ile i\u015f birliklerinin art\u0131r\u0131lmas\u0131<\/li>\n<\/ul>\n<p>yer al\u0131yor.<\/p>\n<p>Dernek, bu \u00e7al\u0131\u015fmalarla kad\u0131nlar\u0131n teknoloji alan\u0131nda yaln\u0131zca kullan\u0131c\u0131 de\u011fil; \u00fcretici, karar verici ve lider akt\u00f6rler olarak konumland\u0131\u011f\u0131 daha kapsay\u0131c\u0131 bir teknoloji ekosisteminin olu\u015fmas\u0131na katk\u0131 sa\u011flamay\u0131 ama\u00e7l\u0131yor.<\/p>\n<p><strong>Teknolojide Kad\u0131n Derne\u011fi Kurucusu ve Y\u00f6netim Kurulu E\u015f Ba\u015fkan\u0131 Zehra \u00d6ney \u015funlar\u0131 ifade etti:<\/strong><\/p>\n<p>\u201c<em>Teknolojide Kad\u0131n Derne\u011fi\u2019ni kurma fikri, 2017 senesinde teknoloji d\u00fcnyas\u0131nda \u00e7ok \u00f6nemli bir eksikli\u011fi fark etmemle ortaya \u00e7\u0131kt\u0131. Rakamlara bakt\u0131\u011f\u0131m\u0131zda k\u00fcresel yapay zek\u00e2 i\u015f g\u00fcc\u00fcn\u00fcn y\u00fczde 78\u2019inin erkek oldu\u011funu, yapay zek\u00e2 modellerini besleyen veri setlerinin y\u00fczde 80\u2019inden fazlas\u0131n\u0131n erkek perspektifinden \u00fcretildi\u011fini g\u00f6rebiliyoruz. Bu yaln\u0131zca bir e\u015fitsizlik de\u011fil, ayn\u0131 zamanda teknolojinin gelece\u011fini etkileyen kritik bir sorun. Ve bu sorunun kar\u015f\u0131s\u0131nda ad\u0131m atma sorumlulu\u011funu \u00fcstlenmek gerekti\u011fini d\u00fc\u015f\u00fcnd\u00fcm.<\/em><\/p>\n<p><em>Bu nedenle Teknolojide Kad\u0131n Derne\u011fi, kad\u0131nlar\u0131n teknoloji alan\u0131nda yaln\u0131zca kullan\u0131c\u0131 de\u011fil; \u00fcreten, y\u00f6neten, yaratan ve karar s\u00fcre\u00e7lerinde s\u00f6z sahibi olan akt\u00f6rler haline gelmesini \u00f6nceliklendiriyor. \u00d6zellikle yapay zek\u00e2, veri ve ileri teknoloji alanlar\u0131nda kad\u0131nlar\u0131n uzmanla\u015fmas\u0131n\u0131, bu alanlarda liderlik \u00fcstlenmesini ve k\u00fcresel teknoloji ekosisteminde daha g\u00fc\u00e7l\u00fc temsil edilmesini hedefliyoruz. \u0130\u015fte bu nedenle ku\u015faklar aras\u0131 fark\u0131 ortadan kald\u0131rarak 23 gencin yer ald\u0131\u011f\u0131 Gen\u00e7 Y\u00f6netim Dan\u0131\u015fma Kurulumuzu olu\u015fturduk. Onlar da Y\u00f6netim Kurulu toplant\u0131lar\u0131m\u0131zda bizimle birlikte yer al\u0131yorlar.<\/em><\/p>\n<p><em>Bug\u00fcn yapay zek\u00e2 yaln\u0131zca teknolojik bir geli\u015fme de\u011fil; etik, reg\u00fclasyon, hukuk ve toplumsal etkileri olan \u00e7ok katmanl\u0131 bir d\u00f6n\u00fc\u015f\u00fcm alan\u0131. \u00d6n\u00fcm\u00fczdeki d\u00f6nemde insan ve robot etkile\u015fiminin nas\u0131l y\u00f6netilece\u011fi, algoritmik karar sistemlerinin nas\u0131l d\u00fczenlenece\u011fi ve teknolojinin toplum \u00fczerindeki etkilerinin nas\u0131l \u015fekillenece\u011fi b\u00fcy\u00fck \u00f6nem ta\u015f\u0131yor. Teknolojide Kad\u0131n Derne\u011fi olarak kad\u0131nlar\u0131n bu alanlarda derinle\u015fmesini, uzmanla\u015fmas\u0131n\u0131 ve gelece\u011fin teknoloji liderleri aras\u0131nda yer almas\u0131n\u0131 destekleyen \u00e7al\u0131\u015fmalar y\u00fcr\u00fct\u00fcyoruz.<\/em><\/p>\n<p><strong>Y\u00f6netim Kurulu E\u015f Ba\u015fkan\u0131 Hayriye Karadeniz ise \u015funlar\u0131 s\u00f6yledi:<\/strong><\/p>\n<p>\u201c<em>Teknoloji art\u0131k yaln\u0131zca \u015firketlerin de\u011fil, \u00fclkelerin rekabet g\u00fcc\u00fcn\u00fc belirleyen en kritik unsur haline geldi. Bu d\u00f6n\u00fc\u015f\u00fcm s\u00fcrecinde yetenek havuzunun yar\u0131s\u0131n\u0131 olu\u015fturan kad\u0131nlar\u0131n teknoloji alan\u0131nda daha g\u00f6r\u00fcn\u00fcr ve etkin olmas\u0131 b\u00fcy\u00fck \u00f6nem ta\u015f\u0131yor. Teknolojide Kad\u0131n Derne\u011fi olarak yeni y\u00f6netim kurulumuzla birlikte; gen\u00e7lerin teknoloji kariyerlerine daha g\u00fc\u00e7l\u00fc ad\u0131m atmalar\u0131n\u0131 sa\u011flayacak programlar geli\u015ftirmeyi, kurumlar aras\u0131 i\u015f birliklerini b\u00fcy\u00fctmeyi ve T\u00fcrkiye\u2019nin teknoloji ekosisteminde kapsay\u0131c\u0131 bir d\u00f6n\u00fc\u015f\u00fcme katk\u0131 sunmay\u0131 hedefliyoruz.<\/em>\u201d<\/p>\n<p>\u00a0<\/p>\n<p>Kaynak: (BYZHA) Beyaz Haber Ajans\u0131<\/p>\n","protected":false},"excerpt":{"rendered":"<p>T\u00fcrkiye\u2019nin farkl\u0131 sekt\u00f6rlerinden lider kurumlar\u0131 temsil eden y\u00f6neticilerden olu\u015fan yeni y\u00f6netim kurulu, sahip oldu\u011fu geni\u015f sekt\u00f6r temsiliyetiyle derne\u011fin etki alan\u0131n\u0131 daha da b\u00fcy\u00fctmeyi hedefliyor.<\/p>\n","protected":false},"author":1,"featured_media":71288,"comment_status":"open","ping_status":"open","sticky":false,"template":"","format":"standard","meta":{"footnotes":""},"categories":[8],"tags":[244,380,191,213,880],"class_list":["post-71287","post","type-post","status-publish","format-standard","has-post-thumbnail","hentry","category-ekonomi","tag-etki","tag-kadin","tag-teknoloji","tag-yapay-zeka","tag-yonetim-kurulu"],"_links":{"self":[{"href":"https:\/\/bihavadis.com\/index.php\/wp-json\/wp\/v2\/posts\/71287","targetHints":{"allow":["GET"]}}],"collection":[{"href":"https:\/\/bihavadis.com\/index.php\/wp-json\/wp\/v2\/posts"}],"about":[{"href":"https:\/\/bihavadis.com\/index.php\/wp-json\/wp\/v2\/types\/post"}],"author":[{"embeddable":true,"href":"https:\/\/bihavadis.com\/index.php\/wp-json\/wp\/v2\/users\/1"}],"replies":[{"embeddable":true,"href":"https:\/\/bihavadis.com\/index.php\/wp-json\/wp\/v2\/comments?post=71287"}],"version-history":[{"count":1,"href":"https:\/\/bihavadis.com\/index.php\/wp-json\/wp\/v2\/posts\/71287\/revisions"}],"predecessor-version":[{"id":71289,"href":"https:\/\/bihavadis.com\/index.php\/wp-json\/wp\/v2\/posts\/71287\/revisions\/71289"}],"wp:featuredmedia":[{"embeddable":true,"href":"https:\/\/bihavadis.com\/index.php\/wp-json\/wp\/v2\/media\/71288"}],"wp:attachment":[{"href":"https:\/\/bihavadis.com\/index.php\/wp-json\/wp\/v2\/media?parent=71287"}],"wp:term":[{"taxonomy":"category","embeddable":true,"href":"https:\/\/bihavadis.com\/index.php\/wp-json\/wp\/v2\/categories?post=71287"},{"taxonomy":"post_tag","embeddable":true,"href":"https:\/\/bihavadis.com\/index.php\/wp-json\/wp\/v2\/tags?post=71287"}],"curies":[{"name":"wp","href":"https:\/\/api.w.org\/{rel}","templated":true}]}}