{"id":7130,"date":"2026-01-31T00:33:04","date_gmt":"2026-01-31T00:33:04","guid":{"rendered":"https:\/\/bihavadis.com\/?p=7130"},"modified":"2026-01-31T00:33:04","modified_gmt":"2026-01-31T00:33:04","slug":"altekma-ilk-ceyrek-finaline-ulasti","status":"publish","type":"post","link":"https:\/\/bihavadis.com\/index.php\/2026\/01\/31\/altekma-ilk-ceyrek-finaline-ulasti\/","title":{"rendered":"Altekma \u0130lk \u00c7eyrek Finaline Ula\u015ft\u0131"},"content":{"rendered":"<p>Tarihinde ilk kez kat\u0131lma hakk\u0131 elde etti\u011fi CEV Challenge Kupas\u0131&#8217;nda Portekiz&#8217;in Benfica tak\u0131m\u0131n\u0131 alt\u0131n sette eleyen Altekma Erkek Voleybol Tak\u0131m\u0131, \u00e7eyrek finale kalma ba\u015far\u0131s\u0131 g\u00f6sterdi.<\/p>\n<p>Voleybolda SMS Grup Efeler Ligi&#8217;nde m\u00fccadele eden Altekma, bu sezon hem Avrupa&#8217;da hem de ligde g\u00f6stedi\u011fi m\u00fccadeleyle dikkati \u00e7ekiyor.<\/p>\n<p>&#8220;Son topa kadar&#8221; slogan\u0131yla Avrupa ma\u00e7lar\u0131na haz\u0131rlanan \u0130zmir temsilcisi, kupada \u00e7\u0131kt\u0131\u011f\u0131 4 ma\u00e7\u0131n 3&#8217;\u00fcnden galip ayr\u0131ld\u0131.<\/p>\n<p>\u0130lk olarak 16&#8217;l\u0131 final turunda aral\u0131k ay\u0131nda Hollanda temsilcisi Sliedrecht Sport&#8217;u deplasmanda 3-1 ve sahas\u0131nda 3-0 yenen Altekma, bir \u00fcst tura y\u00fckseldi. Kupan\u0131n 8&#8217;li final turunda Portekiz&#8217;in Benfica tak\u0131m\u0131yla e\u015fleyen Altekma, deplasmanda 3-2 kaybetti\u011fi rakibine kar\u015f\u0131 sahas\u0131nda 3-2&#8217;lik galibiyet kazand\u0131. Altekma, alt\u0131n sette 15-13&#8217;l\u00fck \u00fcst\u00fcnl\u00fck kurdu\u011fu ma\u00e7la tarihinde ilk kez \u00e7\u0131kt\u0131\u011f\u0131 Avrupa sahnesinde \u00e7eyrek finale kald\u0131.<\/p>\n<p>&#8220;Unutulmayacak bir g\u00fcn oldu bizim i\u00e7in&#8221;<\/p>\n<p>Altekma Kul\u00fcp Ba\u015fkan\u0131 Melih Sebastien Durmu\u015f, AA muhabirine ilk ma\u00e7ta 2-0 \u00f6ne ge\u00e7mesine ra\u011fmen 3-2 kaybettiklerini an\u0131masatarak, bug\u00fcn taraftarlar\u0131n\u0131n deste\u011fiyle kazanmay\u0131 bildiklerini s\u00f6yledi.<\/p>\n<p>Tak\u0131m\u0131n son topa kadar m\u00fccadele etti\u011fini vurgulayan Durmu\u015f, &#8220;Kul\u00fcp tarihinde \u00f6nemli bir ad\u0131m oldu. Avrupa kupalar\u0131nda \u00e7eyrek finale kald\u0131k ve \u00e7ok mutluyuz. \u015eartlar ne olursa olsun biz finale kadar devam etmek i\u00e7in elimizden geleni yapaca\u011f\u0131z. Bug\u00fcn buraya gelip destek veren taraftarlar\u0131m\u0131za te\u015fekk\u00fcr ediyoruz. T\u00fcrkiye kazand\u0131.&#8221; dedi.<\/p>\n<p>&#8220;Son topa kadar m\u00fccadele etmek \u00f6nemli&#8221;<\/p>\n<p>Ba\u015fantren\u00f6r \u00d6mer Tok da \u00e7ok mutlu oldu\u011funu belirterek, &#8220;M\u00fcthi\u015f bir seyirci deste\u011fi vard\u0131. Oynad\u0131\u011f\u0131m\u0131z rakip \u00e7ok g\u00fc\u00e7l\u00fcyd\u00fc. Bizim i\u00e7in de kolay olmad\u0131. Sahada \u00e7ok stres vard\u0131 ve y\u00f6netmek her iki taraf i\u00e7inde zordu. Baz\u0131 zamanlarda inan\u0131lmaz iyi oyun oynan\u0131rken, baz\u0131 zamanlar iki tak\u0131m\u0131n da kalitesine yak\u0131\u015fmayacak \u015feyler oldu.&#8221; diye konu\u015ftu.<\/p>\n<p>Ma\u00e7\u0131n 3-2&#8217;ye gelmesiyle alt\u0131n sete gitmek zorunda kald\u0131klar\u0131n\u0131 aktaran Tok, \u015f\u00f6yle devam etti: <\/p>\n<p>&#8220;Bu kadar stres y\u00fckl\u00fc bir seti oynay\u0131p kazand\u0131\u011f\u0131m\u0131z i\u00e7in inan\u0131lmaz mutlu ve gururluyum. Oyuncular\u0131m\u0131n hepsini tebrik ediyorum. Kul\u00fcb\u00fcm\u00fcz ad\u0131na ilk defa b\u00f6yle bir \u015fey ya\u015fand\u0131. \u0130lk defa \u00e7eyrek final oynayaca\u011f\u0131z. Erken konu\u015fmak \u00e7ok do\u011fru de\u011fil. Atletik olarak da \u00e7ok iyi s\u00fcreci ilerlettik. Son topa kadar m\u00fccadele etmek \u00f6nemli. Herkesin \u00e7ok b\u00fcy\u00fck eme\u011fi var. Umar\u0131m bundan sonras\u0131 \u00e7ok daha keyifli olur. Unutulmayacak bir g\u00fcn oldu bizim i\u00e7in.&#8221;<\/p>\n<p>Oyunculardan Eray Kursav da birinci ligden beri tak\u0131mda oldu\u011funu ve \u00e7ok k\u0131sa s\u00fcrede Avrupa&#8217;da \u00e7eyrek finale kalman\u0131n \u00f6nemli oldu\u011funu, tak\u0131m olarak \u00e7ok mutlu olduklar\u0131n\u0131 s\u00f6yledi.<\/p>\n","protected":false},"excerpt":{"rendered":"<p>Altekma, Benfica&#8217;y\u0131 alt\u0131n sette yenerek CEV Challenge Kupas\u0131 \u00e7eyrek finaline y\u00fckseldi.<\/p>\n","protected":false},"author":1,"featured_media":7131,"comment_status":"open","ping_status":"open","sticky":false,"template":"","format":"standard","meta":{"footnotes":""},"categories":[14],"tags":[1678,1090,1679,1007,366],"class_list":["post-7130","post","type-post","status-publish","format-standard","has-post-thumbnail","hentry","category-spor","tag-altekma","tag-avrupa","tag-ceyrek-final","tag-mucadele","tag-takim"],"_links":{"self":[{"href":"https:\/\/bihavadis.com\/index.php\/wp-json\/wp\/v2\/posts\/7130","targetHints":{"allow":["GET"]}}],"collection":[{"href":"https:\/\/bihavadis.com\/index.php\/wp-json\/wp\/v2\/posts"}],"about":[{"href":"https:\/\/bihavadis.com\/index.php\/wp-json\/wp\/v2\/types\/post"}],"author":[{"embeddable":true,"href":"https:\/\/bihavadis.com\/index.php\/wp-json\/wp\/v2\/users\/1"}],"replies":[{"embeddable":true,"href":"https:\/\/bihavadis.com\/index.php\/wp-json\/wp\/v2\/comments?post=7130"}],"version-history":[{"count":1,"href":"https:\/\/bihavadis.com\/index.php\/wp-json\/wp\/v2\/posts\/7130\/revisions"}],"predecessor-version":[{"id":7132,"href":"https:\/\/bihavadis.com\/index.php\/wp-json\/wp\/v2\/posts\/7130\/revisions\/7132"}],"wp:featuredmedia":[{"embeddable":true,"href":"https:\/\/bihavadis.com\/index.php\/wp-json\/wp\/v2\/media\/7131"}],"wp:attachment":[{"href":"https:\/\/bihavadis.com\/index.php\/wp-json\/wp\/v2\/media?parent=7130"}],"wp:term":[{"taxonomy":"category","embeddable":true,"href":"https:\/\/bihavadis.com\/index.php\/wp-json\/wp\/v2\/categories?post=7130"},{"taxonomy":"post_tag","embeddable":true,"href":"https:\/\/bihavadis.com\/index.php\/wp-json\/wp\/v2\/tags?post=7130"}],"curies":[{"name":"wp","href":"https:\/\/api.w.org\/{rel}","templated":true}]}}