{"id":71403,"date":"2026-03-27T18:33:09","date_gmt":"2026-03-27T18:33:09","guid":{"rendered":"https:\/\/bihavadis.com\/?p=71403"},"modified":"2026-03-27T18:33:09","modified_gmt":"2026-03-27T18:33:09","slug":"diyarbakirda-saldirgan-dukkana-girip-kursun-yagdirdi","status":"publish","type":"post","link":"https:\/\/bihavadis.com\/index.php\/2026\/03\/27\/diyarbakirda-saldirgan-dukkana-girip-kursun-yagdirdi\/","title":{"rendered":"Diyarbak\u0131r&#8217;da sald\u0131rgan d\u00fckkana girip kur\u015fun ya\u011fd\u0131rd\u0131"},"content":{"rendered":"<p>Diyarbak\u0131r&#8217;da bir d\u00fckkanda ya\u015fanan sald\u0131r\u0131, panik dolu anlara sahne oldu.<\/p>\n<p>Yeni\u015fehir il\u00e7esinde, kimli\u011fi belirsiz ki\u015fi, telefoncu d\u00fckkan\u0131n\u0131n \u00f6n\u00fcne geldi.<\/p>\n<p><strong>\u015e\u00dcPHEL\u0130 ATE\u015e A\u00c7MAYA BA\u015eLADI<\/strong><\/p>\n<p>Sald\u0131rgan, montunun cebindeki tabancay\u0131 \u00e7\u0131karmadan i\u00e7eri do\u011fru ate\u015f a\u00e7t\u0131.<\/p>\n<p>\u015e\u00fcpheli ka\u00e7arken o anlar, g\u00fcvenlik kameras\u0131na yans\u0131d\u0131.<\/p>\n<p><img decoding=\"async\" src=\"https:\/\/bihavadis.com\/wp-content\/uploads\/2026\/03\/diyarbakirda-saldirgan-dukkana-girip-kursun-yagdirdi-0-Y4sO5kCO.jpg\"\/><\/p>\n<p><strong>OLAYLA \u0130LG\u0130L\u0130 \u0130NCELEME BA\u015eLATILDI<\/strong><\/p>\n<p>\u0130hbarla olay yerine sevk edilen polis ekipleri inceleme yapt\u0131.<\/p>\n<p>Emniyet ekiplerince, \u015f\u00fcphelinin yakalanmas\u0131 i\u00e7in \u00e7al\u0131\u015fma ba\u015flat\u0131ld\u0131.<\/p>\n<p><img decoding=\"async\" src=\"https:\/\/bihavadis.com\/wp-content\/uploads\/2026\/03\/diyarbakirda-saldirgan-dukkana-girip-kursun-yagdirdi-1-5qu1zyhp.jpg\"\/><\/p>\n<p><img decoding=\"async\" src=\"https:\/\/bihavadis.com\/wp-content\/uploads\/2026\/03\/diyarbakirda-saldirgan-dukkana-girip-kursun-yagdirdi-2-n534tWLe.jpg\"\/> <\/p>\n<div> <span><strong>Kaynak:<\/strong> Demir\u00f6ren Haber Ajans\u0131 (DHA)<\/span> <\/div>\n","protected":false},"excerpt":{"rendered":"<p>Diyarbak\u0131r&#8217;da bir d\u00fckkanda ya\u015fanan sald\u0131r\u0131, panik dolu anlara sahne oldu. Yeni\u015fehir il\u00e7esinde, kimli\u011fi belirsiz ki\u015fi, telefoncu d\u00fckkan\u0131n\u0131n \u00f6n\u00fcne geldi. \u015e\u00dcPHEL\u0130 ATE\u015e A\u00c7MAYA BA\u015eLADI Sald\u0131rgan, montunun cebindeki tabancay\u0131 \u00e7\u0131karmadan i\u00e7eri do\u011fru ate\u015f &#8230;<\/p>\n","protected":false},"author":1,"featured_media":71404,"comment_status":"open","ping_status":"open","sticky":false,"template":"","format":"standard","meta":{"footnotes":""},"categories":[4,13],"tags":[],"class_list":["post-71403","post","type-post","status-publish","format-standard","has-post-thumbnail","hentry","category-gundem","category-son-dakika"],"_links":{"self":[{"href":"https:\/\/bihavadis.com\/index.php\/wp-json\/wp\/v2\/posts\/71403","targetHints":{"allow":["GET"]}}],"collection":[{"href":"https:\/\/bihavadis.com\/index.php\/wp-json\/wp\/v2\/posts"}],"about":[{"href":"https:\/\/bihavadis.com\/index.php\/wp-json\/wp\/v2\/types\/post"}],"author":[{"embeddable":true,"href":"https:\/\/bihavadis.com\/index.php\/wp-json\/wp\/v2\/users\/1"}],"replies":[{"embeddable":true,"href":"https:\/\/bihavadis.com\/index.php\/wp-json\/wp\/v2\/comments?post=71403"}],"version-history":[{"count":1,"href":"https:\/\/bihavadis.com\/index.php\/wp-json\/wp\/v2\/posts\/71403\/revisions"}],"predecessor-version":[{"id":71408,"href":"https:\/\/bihavadis.com\/index.php\/wp-json\/wp\/v2\/posts\/71403\/revisions\/71408"}],"wp:featuredmedia":[{"embeddable":true,"href":"https:\/\/bihavadis.com\/index.php\/wp-json\/wp\/v2\/media\/71404"}],"wp:attachment":[{"href":"https:\/\/bihavadis.com\/index.php\/wp-json\/wp\/v2\/media?parent=71403"}],"wp:term":[{"taxonomy":"category","embeddable":true,"href":"https:\/\/bihavadis.com\/index.php\/wp-json\/wp\/v2\/categories?post=71403"},{"taxonomy":"post_tag","embeddable":true,"href":"https:\/\/bihavadis.com\/index.php\/wp-json\/wp\/v2\/tags?post=71403"}],"curies":[{"name":"wp","href":"https:\/\/api.w.org\/{rel}","templated":true}]}}