{"id":71449,"date":"2026-03-27T19:12:06","date_gmt":"2026-03-27T19:12:06","guid":{"rendered":"https:\/\/bihavadis.com\/?p=71449"},"modified":"2026-03-27T19:12:06","modified_gmt":"2026-03-27T19:12:06","slug":"okonferansta-2200-ogrenci-gelecegini-planladi","status":"publish","type":"post","link":"https:\/\/bihavadis.com\/index.php\/2026\/03\/27\/okonferansta-2200-ogrenci-gelecegini-planladi\/","title":{"rendered":"O&#8217;Konferans&#8217;ta 2200 \u00f6\u011frenci gelece\u011fini planlad\u0131"},"content":{"rendered":"<p>\u00dcniversite adaylar\u0131n\u0131n geleceklerine y\u00f6n vermelerine ve kendilerine en uygun kariyer plan\u0131n\u0131 yapmalar\u0131na yard\u0131mc\u0131 olan \u0130stanbul Okan \u00dcniversitesi\u2019nin, 13 y\u0131ld\u0131r T\u00fcrkiye\u2019nin d\u00f6rt bir yan\u0131nda ger\u00e7ekle\u015ftirdi\u011fi \u201cO\u2019Konferans\u201d 10 Mart 2026 Sal\u0131 g\u00fcn\u00fc \u00dcniversitenin Tuzla Kamp\u00fcs\u00fc\u2019nde d\u00fczenlendi.\u00a0<\/p>\n<p>Konferansa \u0130stanbul\u2019daki 28 kurumdan toplam 2200 \u00f6\u011frenci kat\u0131ld\u0131.<\/p>\n<p>A\u00e7\u0131l\u0131\u015f konu\u015fmalar\u0131nda \u0130stanbul Okan \u00dcniversitesi M\u00fctevelli Heyet Ba\u015fkan\u0131 I\u015f\u0131l Okan G\u00fclen ve Rekt\u00f6r Prof. Dr. G\u00fcliz Mu\u011fan, i\u015f d\u00fcnyas\u0131na en yak\u0131n \u00fcniversite vizyonuna sahip olan \u0130stanbul Okan \u00dcniversitesi\u2019nin farkl\u0131l\u0131klar\u0131ndan ve uluslararas\u0131la\u015fmaya verdi\u011fi \u00f6nemden s\u00f6z etti.\u00a0<\/p>\n<p>Rekt\u00f6r Prof. Dr. G\u00fcliz Mu\u011fan \u201c26 y\u0131ld\u0131r evrensel de\u011ferlere uygun \u015fekilde gelece\u011fin insan\u0131n\u0131 yeti\u015ftiriyoruz. K\u00fcresel d\u00fcnyada fark yaratacak Almanca, \u00c7ince, Rus\u00e7a gibi dilleri ikinci dil olarak \u00f6\u011fretiyoruz. \u00c7ift ana dal ve yan dal imkanlar\u0131m\u0131zla gelece\u011finize katk\u0131 sa\u011fl\u0131yoruz\u201d diye konu\u015ftu.<\/p>\n<p>M\u00fctevelli Heyet Ba\u015fkan\u0131 I\u015f\u0131l Okan G\u00fclen ise 85 farkl\u0131 \u00fclkeden gelen uluslararas\u0131 \u00f6\u011frencilerle, \u0130stanbul Okan \u00dcniversitesi \u00f6\u011frencilerinin k\u00fclt\u00fcrel geli\u015fim ve entegrasyon f\u0131rsat\u0131 yakalad\u0131\u011f\u0131n\u0131 belirtti.<\/p>\n<p>Konferansta \u0130stanbul Okan \u00dcniversitesi Aday \u0130li\u015fkileri M\u00fcd\u00fcr\u00fc Alper Tunga \u00c7ak\u0131c\u0131 s\u0131nav, gelecek, meslek ve ya\u015fam tercihleri konular\u0131nda gen\u00e7lere yol g\u00f6sterecek bir konu\u015fma yapt\u0131. \u00c7ak\u0131c\u0131, \u201cHikayeni kendin yaz. Kendi hikayeni ba\u015flataca\u011f\u0131n yer ise se\u00e7ti\u011fin \u00fcniversite olacak\u201d ifadesini kulland\u0131.\u00a0<\/p>\n<p>Etkinlik, \u00f6\u011frencilerin akademisyenlerle sohbet etti\u011fi fak\u00fclte-b\u00f6l\u00fcm tan\u0131t\u0131mlar\u0131 ve kamp\u00fcs turu ile sona erdi.<\/p>\n<p>\u00a0<\/p>\n<p>\u00a0<\/p>\n<p>Kaynak: (BYZHA) Beyaz Haber Ajans\u0131<\/p>\n","protected":false},"excerpt":{"rendered":"<p>\u00dcniversite adaylar\u0131n\u0131n geleceklerine y\u00f6n vermelerine ve kendilerine en uygun kariyer plan\u0131n\u0131 yapmalar\u0131na yard\u0131mc\u0131 olan \u0130stanbul Okan \u00dcniversitesi\u2019nin, 13 y\u0131ld\u0131r T\u00fcrkiye\u2019nin d\u00f6rt bir yan\u0131nda ger\u00e7ekle\u015ftirdi\u011fi \u201cO\u2019Konferans\u201d 10 Mart 2026 Sal\u0131 g\u00fcn\u00fc \u00dcniversitenin Tuzla Kamp\u00fcs\u00fc\u2019nde d\u00fczenlendi.\u00a0<\/p>\n","protected":false},"author":1,"featured_media":71450,"comment_status":"open","ping_status":"open","sticky":false,"template":"","format":"standard","meta":{"footnotes":""},"categories":[7],"tags":[7887],"class_list":["post-71449","post","type-post","status-publish","format-standard","has-post-thumbnail","hentry","category-egitim","tag-istanbul-okan-universitesi"],"_links":{"self":[{"href":"https:\/\/bihavadis.com\/index.php\/wp-json\/wp\/v2\/posts\/71449","targetHints":{"allow":["GET"]}}],"collection":[{"href":"https:\/\/bihavadis.com\/index.php\/wp-json\/wp\/v2\/posts"}],"about":[{"href":"https:\/\/bihavadis.com\/index.php\/wp-json\/wp\/v2\/types\/post"}],"author":[{"embeddable":true,"href":"https:\/\/bihavadis.com\/index.php\/wp-json\/wp\/v2\/users\/1"}],"replies":[{"embeddable":true,"href":"https:\/\/bihavadis.com\/index.php\/wp-json\/wp\/v2\/comments?post=71449"}],"version-history":[{"count":1,"href":"https:\/\/bihavadis.com\/index.php\/wp-json\/wp\/v2\/posts\/71449\/revisions"}],"predecessor-version":[{"id":71451,"href":"https:\/\/bihavadis.com\/index.php\/wp-json\/wp\/v2\/posts\/71449\/revisions\/71451"}],"wp:featuredmedia":[{"embeddable":true,"href":"https:\/\/bihavadis.com\/index.php\/wp-json\/wp\/v2\/media\/71450"}],"wp:attachment":[{"href":"https:\/\/bihavadis.com\/index.php\/wp-json\/wp\/v2\/media?parent=71449"}],"wp:term":[{"taxonomy":"category","embeddable":true,"href":"https:\/\/bihavadis.com\/index.php\/wp-json\/wp\/v2\/categories?post=71449"},{"taxonomy":"post_tag","embeddable":true,"href":"https:\/\/bihavadis.com\/index.php\/wp-json\/wp\/v2\/tags?post=71449"}],"curies":[{"name":"wp","href":"https:\/\/api.w.org\/{rel}","templated":true}]}}