{"id":71503,"date":"2026-03-27T20:03:06","date_gmt":"2026-03-27T20:03:06","guid":{"rendered":"https:\/\/bihavadis.com\/?p=71503"},"modified":"2026-03-27T20:03:06","modified_gmt":"2026-03-27T20:03:06","slug":"osmangazide-900-ogrenciyle-dev-afet-tatbikati","status":"publish","type":"post","link":"https:\/\/bihavadis.com\/index.php\/2026\/03\/27\/osmangazide-900-ogrenciyle-dev-afet-tatbikati\/","title":{"rendered":"Osmangazi&#8217;de 900 \u00d6\u011frenciyle Dev Afet Tatbikat\u0131"},"content":{"rendered":"<p><span><span><span><span>Osmangazi Belediye Ba\u015fkan\u0131 Erkan Ayd\u0131n, gen\u00e7 nesillerde afet bilincini art\u0131rmak amac\u0131yla y\u00fcr\u00fct\u00fclen e\u011fitim ve tatbikat program\u0131 kapsam\u0131nda \u015eehit Komando Er Samet Sara\u00e7 Anadolu Lisesi \u00f6\u011frencileriyle bir araya geldi. Osmangazi Belediyesi Afet \u0130\u015fleri ve Risk Y\u00f6netimi M\u00fcd\u00fcrl\u00fc\u011f\u00fc taraf\u0131ndan d\u00fczenlenen, yakla\u015f\u0131k 900 \u00f6\u011frenci ile 55 personelin kat\u0131l\u0131m\u0131yla ger\u00e7ekle\u015ftirilen kapsaml\u0131 organizasyonla \u00f6\u011frencilerin afetlere kar\u015f\u0131 haz\u0131rl\u0131kl\u0131 bireyler olarak yeti\u015fmesi hedeflendi.<\/span><\/span><\/span><\/span><\/p>\n<p><span><span><span><span>Osmangazi Belediye Ba\u015fkan\u0131 Erkan Ayd\u0131n\u2019\u0131n yak\u0131ndan takip etti\u011fi program\u0131n ilk b\u00f6l\u00fcm\u00fcnde \u00f6\u011frencilere afet fark\u0131ndal\u0131k e\u011fitimi d\u00fczenlenerek deprem ba\u015fta olmak \u00fczere olas\u0131 afetlere kar\u015f\u0131 al\u0131nmas\u0131 gereken \u00f6nlemler, afet an\u0131nda do\u011fru davran\u0131\u015f bi\u00e7imleri ve g\u00fcvenli tahliye s\u00fcre\u00e7leri hakk\u0131nda bilgiler verildi. Bunun yan\u0131 s\u0131ra e\u011fitim kapsam\u0131nda \u00f6\u011frenciler, VR (sanal ger\u00e7eklik) g\u00f6zl\u00fckleri arac\u0131l\u0131\u011f\u0131yla afet an\u0131n\u0131 sim\u00fclasyon ortam\u0131nda deneyimleyerek do\u011fru m\u00fcdahale y\u00f6ntemlerini uygulamal\u0131 olarak \u00f6\u011frendi. <\/span><\/span><\/span><\/span><\/p>\n<p><span><span><span><span>Ger\u00e7ekle\u015ftirilen tatbikat senaryosuna g\u00f6re 6.3 b\u00fcy\u00fckl\u00fc\u011f\u00fcnde bir deprem meydana geldi\u011fi varsay\u0131ld\u0131. Deprem alarm\u0131n\u0131n verilmesiyle birlikte \u00f6\u011frenciler, Ba\u015fkan Erkan Ayd\u0131n ile birlikte s\u0131n\u0131flar\u0131nda \u201c\u00e7\u00f6k-kapan-tutun\u201d hareketini uygulad\u0131. Ard\u0131ndan okul y\u00f6netimi ve g\u00f6revli ekiplerin y\u00f6nlendirmesiyle okul binas\u0131 g\u00fcvenli \u015fekilde tahliye edildi. Tatbikat kapsam\u0131nda haz\u0131rlanan senaryoya g\u00f6re deprem s\u0131ras\u0131nda hafif yaralanan bir \u00f6\u011frenci, okul b\u00fcnyesinde faaliyet g\u00f6steren Do\u011fal Afet Kul\u00fcb\u00fc\u2019n\u00fcn kurtarma ve ilk yard\u0131m ekipleri taraf\u0131ndan ger\u00e7ekle\u015ftirilen m\u00fcdahale ile g\u00fcvenli alana ta\u015f\u0131nd\u0131. Tatbikat\u0131n devam\u0131nda ise okulun giri\u015f kat\u0131nda elektrik kaynakl\u0131 bir yang\u0131n senaryosu canland\u0131r\u0131ld\u0131. <\/span><\/span><\/span><\/span><\/p>\n<p><span><span><b><span><span>\u201cYakla\u015f\u0131k 30 Bine Yak\u0131n \u00d6\u011frencimize Ula\u015ft\u0131k\u201d<\/span><\/span><\/b><\/span><\/span><\/p>\n<p><span><span><span><span>Ba\u015fkan Erkan Ayd\u0131n, afetlere haz\u0131rl\u0131kl\u0131 bir toplum olu\u015fturman\u0131n \u00f6nemine dikkat \u00e7ekerek, gen\u00e7lerin bilin\u00e7lendirilmesine y\u00f6nelik e\u011fitim ve tatbikat \u00e7al\u0131\u015fmalar\u0131n\u0131 s\u00fcrd\u00fcreceklerini belirtti. Ama\u00e7lar\u0131n\u0131n daha bilin\u00e7li, dayan\u0131kl\u0131 ve afetlere haz\u0131r bir Osmangazi olu\u015fturmak oldu\u011funu s\u00f6yleyen Ba\u015fkan Ayd\u0131n, s\u00f6zlerinde \u015fu ifadelere yer verdi:<\/span><\/span><\/span><\/span><\/p>\n<p><span><span><span><span>\u201c\u00c7ocuklar\u0131m\u0131za deprem an\u0131nda ne yapmalar\u0131 gerekti\u011fini hem VR g\u00f6zl\u00fckleriyle deneyimleterek hem de canl\u0131 tatbikatlarla \u00f6\u011fretiyoruz. Siren \u00e7ald\u0131\u011f\u0131nda nas\u0131l tahliye edilece\u011fini, ilk etapta neler yap\u0131lmas\u0131 gerekti\u011fini uygulamal\u0131 \u015fekilde g\u00f6steriyoruz. M\u00fcd\u00fcrl\u00fc\u011f\u00fcm\u00fcz g\u00fcn boyunca \u00f6\u011frencilere e\u011fitim veriyor; deprem sonras\u0131nda ya\u015fanabilecek yang\u0131n ve di\u011fer afetlerle ilgili de uygulamal\u0131 tatbikatlar yap\u0131yoruz. Osmangazi\u2019deki t\u00fcm okullar\u0131m\u0131zda bu e\u011fitimleri tamamlayaca\u011f\u0131z. \u015eu ana kadar yakla\u015f\u0131k 30 bine yak\u0131n \u00f6\u011frencimize ula\u015ft\u0131k. Amac\u0131m\u0131z olas\u0131 bir afette can kayb\u0131n\u0131 en aza indirmek. Bu s\u00fcre\u00e7te eme\u011fi ge\u00e7en m\u00fcd\u00fcrl\u00fc\u011f\u00fcm\u00fcze, ba\u015fkanlar\u0131m\u0131za, personelimize, okul m\u00fcd\u00fcr\u00fcm\u00fcze ve \u00f6\u011frencilerimize te\u015fekk\u00fcr ediyorum.\u201d<\/span><\/span><\/span><\/span><\/p>\n<p><span><span><span><span>Nefes kesen tatbikat\u0131 ilgiyle takip eden \u00f6\u011frenciler ise e\u011fitimin olduk\u00e7a faydal\u0131 ge\u00e7ti\u011fini belirterek, kendilerine bu imkan\u0131 sa\u011flayan Ba\u015fkan Erkan Ayd\u0131n ile eme\u011fi ge\u00e7en herkese te\u015fekk\u00fcr etti.<\/span><\/span><\/span><\/span><\/p>\n<p>\u00a0<\/p>\n<p>Kaynak: (BYZHA) Beyaz Haber Ajans\u0131<\/p>\n","protected":false},"excerpt":{"rendered":"<p>Osmangazi Belediye Ba\u015fkan\u0131 Erkan Ayd\u0131n, gen\u00e7 nesillerde afet bilincini art\u0131rmak amac\u0131yla y\u00fcr\u00fct\u00fclen e\u011fitim ve tatbikat program\u0131 kapsam\u0131nda \u015eehit Komando Er Samet Sara\u00e7 Anadolu Lisesi \u00f6\u011frencileriyle bir araya geldi.<\/p>\n","protected":false},"author":1,"featured_media":71504,"comment_status":"open","ping_status":"open","sticky":false,"template":"","format":"standard","meta":{"footnotes":""},"categories":[4],"tags":[1194,516,233,973,275],"class_list":["post-71503","post","type-post","status-publish","format-standard","has-post-thumbnail","hentry","category-gundem","tag-afet","tag-baskan","tag-egitim","tag-ogrenci","tag-tatbikat"],"_links":{"self":[{"href":"https:\/\/bihavadis.com\/index.php\/wp-json\/wp\/v2\/posts\/71503","targetHints":{"allow":["GET"]}}],"collection":[{"href":"https:\/\/bihavadis.com\/index.php\/wp-json\/wp\/v2\/posts"}],"about":[{"href":"https:\/\/bihavadis.com\/index.php\/wp-json\/wp\/v2\/types\/post"}],"author":[{"embeddable":true,"href":"https:\/\/bihavadis.com\/index.php\/wp-json\/wp\/v2\/users\/1"}],"replies":[{"embeddable":true,"href":"https:\/\/bihavadis.com\/index.php\/wp-json\/wp\/v2\/comments?post=71503"}],"version-history":[{"count":1,"href":"https:\/\/bihavadis.com\/index.php\/wp-json\/wp\/v2\/posts\/71503\/revisions"}],"predecessor-version":[{"id":71505,"href":"https:\/\/bihavadis.com\/index.php\/wp-json\/wp\/v2\/posts\/71503\/revisions\/71505"}],"wp:featuredmedia":[{"embeddable":true,"href":"https:\/\/bihavadis.com\/index.php\/wp-json\/wp\/v2\/media\/71504"}],"wp:attachment":[{"href":"https:\/\/bihavadis.com\/index.php\/wp-json\/wp\/v2\/media?parent=71503"}],"wp:term":[{"taxonomy":"category","embeddable":true,"href":"https:\/\/bihavadis.com\/index.php\/wp-json\/wp\/v2\/categories?post=71503"},{"taxonomy":"post_tag","embeddable":true,"href":"https:\/\/bihavadis.com\/index.php\/wp-json\/wp\/v2\/tags?post=71503"}],"curies":[{"name":"wp","href":"https:\/\/api.w.org\/{rel}","templated":true}]}}