{"id":71516,"date":"2026-03-27T20:15:35","date_gmt":"2026-03-27T20:15:35","guid":{"rendered":"https:\/\/bihavadis.com\/?p=71516"},"modified":"2026-03-27T20:15:35","modified_gmt":"2026-03-27T20:15:35","slug":"izmirde-tartisma-kanli-bitti","status":"publish","type":"post","link":"https:\/\/bihavadis.com\/index.php\/2026\/03\/27\/izmirde-tartisma-kanli-bitti\/","title":{"rendered":"\u0130zmir&#8217;de Tart\u0131\u015fma Kanl\u0131 Bitti"},"content":{"rendered":"<p>\n<p>\u0130ZM\u0130R&#8217;in Konak il\u00e7esinde Can Muhammed G\u00f6kdemir (18), \u00e7\u0131kan tart\u0131\u015fmada C.B. (21) taraf\u0131ndan tabancayla vurularak \u00f6ld\u00fcr\u00fcld\u00fc. C.B. g\u00f6zalt\u0131na al\u0131n\u0131rken, cesedin bulunmas\u0131n\u0131n ard\u0131ndan evde \u00e7\u0131kan yang\u0131n s\u00f6nd\u00fcr\u00fcld\u00fc. <\/p>\n<p>Olay, saat 03.00 s\u0131ralar\u0131nda S\u00fcvari Mahallesi&#8217;ndeki bir m\u00fcstakil evde meydana geldi. Can Muhammed G\u00f6kdemir ile C.B. aras\u0131nda hen\u00fcz belirlenemeyen nedenle tart\u0131\u015fma \u00e7\u0131kt\u0131. Tart\u0131\u015fman\u0131n b\u00fcy\u00fcmesi \u00fczerine C.B., G\u00f6kdemir&#8217;i tabancayla vurdu. \u0130hbar \u00fczerine olay yerine sa\u011fl\u0131k ve polis ekipleri sevk edildi. Sa\u011fl\u0131k ekiplerinin yapt\u0131\u011f\u0131 kontrolde, Can Muhammed G\u00f6kdemir&#8217;in \u00f6ld\u00fc\u011f\u00fc belirlendi. Polis, olaydan sonra ka\u00e7an C.B.&#8217;yi su\u00e7 aleti tabancayla yakalad\u0131. G\u00f6zalt\u0131na al\u0131nan C.B., emniyete g\u00f6t\u00fcr\u00fcld\u00fc.<\/p>\n<p>\u00d6te yandan, cesedin bulunmas\u0131n\u0131n ard\u0131ndan olay\u0131n ya\u015fand\u0131\u011f\u0131 evde hen\u00fcz belirlenemeyen nedenle yang\u0131n \u00e7\u0131kt\u0131. Yang\u0131n, itfaiye ekiplerinin m\u00fcdahalesiyle s\u00f6nd\u00fcr\u00fcld\u00fc. <\/p>\n<p>Olaya ili\u015fkin soru\u015fturma ba\u015flat\u0131ld\u0131. <\/p>\n","protected":false},"excerpt":{"rendered":"<p>18 ya\u015f\u0131ndaki Can Muhammed G\u00f6kdemir, tart\u0131\u015fma s\u0131ras\u0131nda 21 ya\u015f\u0131ndaki C.B. taraf\u0131ndan vurularak \u00f6ld\u00fcr\u00fcld\u00fc.<\/p>\n","protected":false},"author":1,"featured_media":71517,"comment_status":"open","ping_status":"open","sticky":false,"template":"","format":"standard","meta":{"footnotes":""},"categories":[9,4,13],"tags":[256],"class_list":["post-71516","post","type-post","status-publish","format-standard","has-post-thumbnail","hentry","category-genel","category-gundem","category-son-dakika","tag-olay"],"_links":{"self":[{"href":"https:\/\/bihavadis.com\/index.php\/wp-json\/wp\/v2\/posts\/71516","targetHints":{"allow":["GET"]}}],"collection":[{"href":"https:\/\/bihavadis.com\/index.php\/wp-json\/wp\/v2\/posts"}],"about":[{"href":"https:\/\/bihavadis.com\/index.php\/wp-json\/wp\/v2\/types\/post"}],"author":[{"embeddable":true,"href":"https:\/\/bihavadis.com\/index.php\/wp-json\/wp\/v2\/users\/1"}],"replies":[{"embeddable":true,"href":"https:\/\/bihavadis.com\/index.php\/wp-json\/wp\/v2\/comments?post=71516"}],"version-history":[{"count":1,"href":"https:\/\/bihavadis.com\/index.php\/wp-json\/wp\/v2\/posts\/71516\/revisions"}],"predecessor-version":[{"id":71518,"href":"https:\/\/bihavadis.com\/index.php\/wp-json\/wp\/v2\/posts\/71516\/revisions\/71518"}],"wp:featuredmedia":[{"embeddable":true,"href":"https:\/\/bihavadis.com\/index.php\/wp-json\/wp\/v2\/media\/71517"}],"wp:attachment":[{"href":"https:\/\/bihavadis.com\/index.php\/wp-json\/wp\/v2\/media?parent=71516"}],"wp:term":[{"taxonomy":"category","embeddable":true,"href":"https:\/\/bihavadis.com\/index.php\/wp-json\/wp\/v2\/categories?post=71516"},{"taxonomy":"post_tag","embeddable":true,"href":"https:\/\/bihavadis.com\/index.php\/wp-json\/wp\/v2\/tags?post=71516"}],"curies":[{"name":"wp","href":"https:\/\/api.w.org\/{rel}","templated":true}]}}